{"id":977,"date":"2019-01-24T06:56:51","date_gmt":"2019-01-24T05:56:51","guid":{"rendered":"http:\/\/agora.xtec.cat\/ceipjoanmarquescasals\/?p=977"},"modified":"2019-10-01T16:01:23","modified_gmt":"2019-10-01T14:01:23","slug":"biblioteca-publica-bd6","status":"publish","type":"post","link":"https:\/\/agora.xtec.cat\/ceipjoanmarquescasals\/any-2018-2019\/biblioteca-publica-bd6\/","title":{"rendered":"Biblioteca P\u00fablica BD6"},"content":{"rendered":"<p>&nbsp;<\/p>\n<p>En aquest enlla\u00e7 trobareu tota la informaci\u00f3 relacionada amb les biblioteca p\u00fablica del nostre districte.<\/p>\n<p><a href=\"https:\/\/www.terrassa.cat\/bd6\">Biblioteca Publica districte 6<\/a><\/p>\n<p>Tamb\u00e9 teniu un enlla\u00e7 amb totes les activitats de la biblioteca p\u00fablica de Terrassa.<\/p>\n<p><a href=\"https:\/\/www.terrassa.cat\/activitats-biblioteques\">Activitat biblioteques de Terrassa<\/a><\/p>\n<p>&nbsp;<\/p>\n","protected":false},"excerpt":{"rendered":"<p>&nbsp;<br \/>\nEn aquest enlla\u00e7 trobareu tota la informaci\u00f3 relacionada amb les biblioteca p\u00fablica del nostre districte.<br \/>\n<a href=\"https:\/\/www.terrassa.cat\/bd6\">Biblioteca Publica districte 6<\/a><br \/>\nTamb\u00e9 teniu un enlla\u00e7 amb totes les activitats de la biblioteca p\u00fablica de Terrassa.<br \/>\n<a href=\"https:\/\/www.terrassa.cat\/activitats-biblioteques\">Activitat biblioteques de Terrassa<\/a><br \/>\n&nbsp;<\/p>\n","protected":false},"author":1,"featured_media":979,"comment_status":"open","ping_status":"closed","sticky":false,"template":"","format":"standard","meta":{"_bbp_topic_count":0,"_bbp_reply_count":0,"_bbp_total_topic_count":0,"_bbp_total_reply_count":0,"_bbp_voice_count":0,"_bbp_anonymous_reply_count":0,"_bbp_topic_count_hidden":0,"_bbp_reply_count_hidden":0,"_bbp_forum_subforum_count":0,"footnotes":""},"categories":[188],"tags":[105,118],"class_list":["post-977","post","type-post","status-publish","format-standard","has-post-thumbnail","hentry","category-any-2018-2019","tag-biblioteca","tag-biblioteca-publica"],"post_mailing_queue_ids":[],"_links":{"self":[{"href":"https:\/\/agora.xtec.cat\/ceipjoanmarquescasals\/wp-json\/wp\/v2\/posts\/977","targetHints":{"allow":["GET"]}}],"collection":[{"href":"https:\/\/agora.xtec.cat\/ceipjoanmarquescasals\/wp-json\/wp\/v2\/posts"}],"about":[{"href":"https:\/\/agora.xtec.cat\/ceipjoanmarquescasals\/wp-json\/wp\/v2\/types\/post"}],"author":[{"embeddable":true,"href":"https:\/\/agora.xtec.cat\/ceipjoanmarquescasals\/wp-json\/wp\/v2\/users\/1"}],"replies":[{"embeddable":true,"href":"https:\/\/agora.xtec.cat\/ceipjoanmarquescasals\/wp-json\/wp\/v2\/comments?post=977"}],"version-history":[{"count":1,"href":"https:\/\/agora.xtec.cat\/ceipjoanmarquescasals\/wp-json\/wp\/v2\/posts\/977\/revisions"}],"predecessor-version":[{"id":978,"href":"https:\/\/agora.xtec.cat\/ceipjoanmarquescasals\/wp-json\/wp\/v2\/posts\/977\/revisions\/978"}],"wp:featuredmedia":[{"embeddable":true,"href":"https:\/\/agora.xtec.cat\/ceipjoanmarquescasals\/wp-json\/wp\/v2\/media\/979"}],"wp:attachment":[{"href":"https:\/\/agora.xtec.cat\/ceipjoanmarquescasals\/wp-json\/wp\/v2\/media?parent=977"}],"wp:term":[{"taxonomy":"category","embeddable":true,"href":"https:\/\/agora.xtec.cat\/ceipjoanmarquescasals\/wp-json\/wp\/v2\/categories?post=977"},{"taxonomy":"post_tag","embeddable":true,"href":"https:\/\/agora.xtec.cat\/ceipjoanmarquescasals\/wp-json\/wp\/v2\/tags?post=977"}],"curies":[{"name":"wp","href":"https:\/\/api.w.org\/{rel}","templated":true}]}}