{"id":879,"date":"2019-01-16T21:50:32","date_gmt":"2019-01-16T20:50:32","guid":{"rendered":"http:\/\/agora.xtec.cat\/ceipjoanmarquescasals\/?p=879"},"modified":"2019-10-01T15:48:33","modified_gmt":"2019-10-01T13:48:33","slug":"els-exploradors-de-lart-rembrandt-geni-del-gravat","status":"publish","type":"post","link":"https:\/\/agora.xtec.cat\/ceipjoanmarquescasals\/general\/els-exploradors-de-lart-rembrandt-geni-del-gravat\/","title":{"rendered":"Els exploradors de l&#8217;art. Rembrandt. Geni del gravat"},"content":{"rendered":"<p>Hola!!!!<\/p>\n<p>Un any m\u00e9s, les nenes i els nens del Cicle Mitj\u00e0 hem participat a la proposta Exploradors de l&#8217;Art.<\/p>\n<p>Ens hem despla\u00e7at fins al Centre Cultural de la Caixa per veure l&#8217;exposici\u00f3 &#8220;Rembrandt. Geni del gravat&#8221;. Hem pogut gaudir d&#8217;una selecci\u00f3 dels gravats d&#8217;aquest fant\u00e0stic artista del segle XVII, i hem pogut observar com era capa\u00e7 de transmetre sentiments i emocions a partir d&#8217;aquesta t\u00e8cnica.<\/p>\n<p>La visit<a href=\"http:\/\/www.fundacioct.cat\/exposicio\/rembrandt-geni-del-gravat\/\"><img loading=\"lazy\" decoding=\"async\" class=\"wp-image-880 alignleft\" src=\"https:\/\/agora.xtec.cat\/ceipjoanmarquescasals\/wp-content\/uploads\/usu1790\/2019\/01\/Rembrandt.-Autoretrat-822x1024.jpg\" alt=\"\" width=\"262\" height=\"327\" srcset=\"https:\/\/agora.xtec.cat\/ceipjoanmarquescasals\/wp-content\/uploads\/usu1790\/2019\/01\/Rembrandt.-Autoretrat-822x1024.jpg 822w, https:\/\/agora.xtec.cat\/ceipjoanmarquescasals\/wp-content\/uploads\/usu1790\/2019\/01\/Rembrandt.-Autoretrat-241x300.jpg 241w, https:\/\/agora.xtec.cat\/ceipjoanmarquescasals\/wp-content\/uploads\/usu1790\/2019\/01\/Rembrandt.-Autoretrat-768x957.jpg 768w\" sizes=\"auto, (max-width: 262px) 100vw, 262px\" \/><\/a>a a l&#8217;exposici\u00f3 ha estat l&#8217;activitat central, per\u00f2 tamb\u00e9 hem fet un treball previ a l&#8217;aula i un taller pl\u00e0stic un cop acabada la visita. Tots nosaltres hem intentat imitar els gravats de l&#8217;artista holand\u00e8s. Tot i que hem tingut poc temps, els resultats han estat prou macos. Aqu\u00ed teniu algunes fotografies de la sortida i dels nostres treballs, esperem que us agradin.<\/p>\n<p>Si voleu m\u00e9s informaci\u00f3 sobre l&#8217;exposici\u00f3 podeu clicar a sobre d&#8217;aquest autoretrat. Encara podeu anar a veure l&#8217;exposici\u00f3, que ser\u00e0 a Terrassa fins el dia 24 de febrer. Animeu-vos.<\/p>\n<p><a href=\"https:\/\/agora.xtec.cat\/ceipjoanmarquescasals\/wp-content\/uploads\/usu1790\/2019\/01\/26CE15FB-6D97-410F-B7B7-A7FCF8063F38.jpeg\"><img loading=\"lazy\" decoding=\"async\" class=\"alignnone size-large wp-image-941\" src=\"https:\/\/agora.xtec.cat\/ceipjoanmarquescasals\/wp-content\/uploads\/usu1790\/2019\/01\/26CE15FB-6D97-410F-B7B7-A7FCF8063F38-1024x768.jpeg\" alt=\"\" width=\"1024\" height=\"768\" \/><\/a><a href=\"https:\/\/agora.xtec.cat\/ceipjoanmarquescasals\/wp-content\/uploads\/usu1790\/2019\/01\/8B11C06D-9337-4865-8440-769D5DE255DC.jpeg\"><img loading=\"lazy\" decoding=\"async\" class=\"alignnone size-large wp-image-942\" src=\"https:\/\/agora.xtec.cat\/ceipjoanmarquescasals\/wp-content\/uploads\/usu1790\/2019\/01\/8B11C06D-9337-4865-8440-769D5DE255DC-1024x768.jpeg\" alt=\"\" width=\"1024\" height=\"768\" \/><\/a><a href=\"https:\/\/agora.xtec.cat\/ceipjoanmarquescasals\/wp-content\/uploads\/usu1790\/2019\/01\/F6557E98-3435-4E2D-83F1-6507A7F7A046.jpeg\"><img loading=\"lazy\" decoding=\"async\" class=\"alignnone size-large wp-image-944\" src=\"https:\/\/agora.xtec.cat\/ceipjoanmarquescasals\/wp-content\/uploads\/usu1790\/2019\/01\/F6557E98-3435-4E2D-83F1-6507A7F7A046-1024x926.jpeg\" alt=\"\" width=\"1024\" height=\"926\" \/><\/a><\/p>\n<p><a href=\"https:\/\/agora.xtec.cat\/ceipjoanmarquescasals\/wp-content\/uploads\/usu1790\/2019\/01\/collage.jpg\"><img loading=\"lazy\" decoding=\"async\" class=\"alignnone size-large wp-image-881 aligncenter\" src=\"https:\/\/agora.xtec.cat\/ceipjoanmarquescasals\/wp-content\/uploads\/usu1790\/2019\/01\/collage-1024x768.jpg\" alt=\"\" width=\"1024\" height=\"768\" srcset=\"https:\/\/agora.xtec.cat\/ceipjoanmarquescasals\/wp-content\/uploads\/usu1790\/2019\/01\/collage-1024x768.jpg 1024w, https:\/\/agora.xtec.cat\/ceipjoanmarquescasals\/wp-content\/uploads\/usu1790\/2019\/01\/collage-300x225.jpg 300w, https:\/\/agora.xtec.cat\/ceipjoanmarquescasals\/wp-content\/uploads\/usu1790\/2019\/01\/collage-768x576.jpg 768w, https:\/\/agora.xtec.cat\/ceipjoanmarquescasals\/wp-content\/uploads\/usu1790\/2019\/01\/collage-200x150.jpg 200w\" sizes=\"auto, (max-width: 1024px) 100vw, 1024px\" \/><\/a><a href=\"https:\/\/agora.xtec.cat\/ceipjoanmarquescasals\/wp-content\/uploads\/usu1790\/2019\/01\/222-collage.jpg\"><img loading=\"lazy\" decoding=\"async\" class=\"alignnone size-large wp-image-882\" src=\"https:\/\/agora.xtec.cat\/ceipjoanmarquescasals\/wp-content\/uploads\/usu1790\/2019\/01\/222-collage-1024x768.jpg\" alt=\"\" width=\"1024\" height=\"768\" srcset=\"https:\/\/agora.xtec.cat\/ceipjoanmarquescasals\/wp-content\/uploads\/usu1790\/2019\/01\/222-collage-1024x768.jpg 1024w, https:\/\/agora.xtec.cat\/ceipjoanmarquescasals\/wp-content\/uploads\/usu1790\/2019\/01\/222-collage-300x225.jpg 300w, https:\/\/agora.xtec.cat\/ceipjoanmarquescasals\/wp-content\/uploads\/usu1790\/2019\/01\/222-collage-768x576.jpg 768w, https:\/\/agora.xtec.cat\/ceipjoanmarquescasals\/wp-content\/uploads\/usu1790\/2019\/01\/222-collage-200x150.jpg 200w\" sizes=\"auto, (max-width: 1024px) 100vw, 1024px\" \/><\/a><a href=\"https:\/\/agora.xtec.cat\/ceipjoanmarquescasals\/wp-content\/uploads\/usu1790\/2019\/01\/333-collage.jpg\"><img loading=\"lazy\" decoding=\"async\" class=\"alignnone size-large wp-image-883\" src=\"https:\/\/agora.xtec.cat\/ceipjoanmarquescasals\/wp-content\/uploads\/usu1790\/2019\/01\/333-collage-1024x768.jpg\" alt=\"\" width=\"1024\" height=\"768\" srcset=\"https:\/\/agora.xtec.cat\/ceipjoanmarquescasals\/wp-content\/uploads\/usu1790\/2019\/01\/333-collage-1024x768.jpg 1024w, https:\/\/agora.xtec.cat\/ceipjoanmarquescasals\/wp-content\/uploads\/usu1790\/2019\/01\/333-collage-300x225.jpg 300w, https:\/\/agora.xtec.cat\/ceipjoanmarquescasals\/wp-content\/uploads\/usu1790\/2019\/01\/333-collage-768x576.jpg 768w, https:\/\/agora.xtec.cat\/ceipjoanmarquescasals\/wp-content\/uploads\/usu1790\/2019\/01\/333-collage-200x150.jpg 200w\" sizes=\"auto, (max-width: 1024px) 100vw, 1024px\" \/><\/a><a href=\"https:\/\/agora.xtec.cat\/ceipjoanmarquescasals\/wp-content\/uploads\/usu1790\/2019\/01\/8F0696DB-96D0-4884-963E-E5CA08E1CB6C.jpeg\"><img loading=\"lazy\" decoding=\"async\" class=\"alignnone size-large wp-image-946\" src=\"https:\/\/agora.xtec.cat\/ceipjoanmarquescasals\/wp-content\/uploads\/usu1790\/2019\/01\/8F0696DB-96D0-4884-963E-E5CA08E1CB6C-768x1024.jpeg\" alt=\"\" width=\"768\" height=\"1024\" \/><\/a><a href=\"https:\/\/agora.xtec.cat\/ceipjoanmarquescasals\/wp-content\/uploads\/usu1790\/2019\/01\/9766A226-B12D-4304-899C-AF42DCD0435B.jpeg\"><img loading=\"lazy\" decoding=\"async\" class=\"alignnone size-large wp-image-948\" src=\"https:\/\/agora.xtec.cat\/ceipjoanmarquescasals\/wp-content\/uploads\/usu1790\/2019\/01\/9766A226-B12D-4304-899C-AF42DCD0435B-1024x870.jpeg\" alt=\"\" width=\"1024\" height=\"870\" \/><\/a><a href=\"https:\/\/agora.xtec.cat\/ceipjoanmarquescasals\/wp-content\/uploads\/usu1790\/2019\/01\/D1A69229-8724-4A6D-8205-889C24F265EF.jpeg\"><img loading=\"lazy\" decoding=\"async\" class=\"alignnone size-large wp-image-947\" src=\"https:\/\/agora.xtec.cat\/ceipjoanmarquescasals\/wp-content\/uploads\/usu1790\/2019\/01\/D1A69229-8724-4A6D-8205-889C24F265EF-768x1024.jpeg\" alt=\"\" width=\"768\" height=\"1024\" \/><\/a><\/p>\n","protected":false},"excerpt":{"rendered":"<p>Hola!!!!<br \/>\nUn any m\u00e9s, les nenes i els nens del Cicle Mitj\u00e0 hem participat a la proposta Exploradors de l&#8217;Art.<br \/>\nEns hem despla\u00e7at fins al Centre Cultural de la Caixa per veure l&#8217;exposici\u00f3 &#8220;Rembrandt. Geni del gravat&#8221;. Hem pogut gaudir d&#8217;una selecci\u00f3 dels gravats d&#8217;aquest fant\u00e0stic artista&hellip;  <a href=\"https:\/\/agora.xtec.cat\/ceipjoanmarquescasals\/general\/els-exploradors-de-lart-rembrandt-geni-del-gravat\/\" title=\"Read Els exploradors de l&#8217;art. Rembrandt. Geni del gravat\">Llegeix m\u00e9s\u00bb<\/a><\/p>\n","protected":false},"author":35,"featured_media":881,"comment_status":"open","ping_status":"closed","sticky":false,"template":"","format":"standard","meta":{"_bbp_topic_count":0,"_bbp_reply_count":0,"_bbp_total_topic_count":0,"_bbp_total_reply_count":0,"_bbp_voice_count":0,"_bbp_anonymous_reply_count":0,"_bbp_topic_count_hidden":0,"_bbp_reply_count_hidden":0,"_bbp_forum_subforum_count":0,"footnotes":""},"categories":[188,1],"tags":[94],"class_list":["post-879","post","type-post","status-publish","format-standard","has-post-thumbnail","hentry","category-any-2018-2019","category-general","tag-cicle-mitja"],"post_mailing_queue_ids":[],"_links":{"self":[{"href":"https:\/\/agora.xtec.cat\/ceipjoanmarquescasals\/wp-json\/wp\/v2\/posts\/879","targetHints":{"allow":["GET"]}}],"collection":[{"href":"https:\/\/agora.xtec.cat\/ceipjoanmarquescasals\/wp-json\/wp\/v2\/posts"}],"about":[{"href":"https:\/\/agora.xtec.cat\/ceipjoanmarquescasals\/wp-json\/wp\/v2\/types\/post"}],"author":[{"embeddable":true,"href":"https:\/\/agora.xtec.cat\/ceipjoanmarquescasals\/wp-json\/wp\/v2\/users\/35"}],"replies":[{"embeddable":true,"href":"https:\/\/agora.xtec.cat\/ceipjoanmarquescasals\/wp-json\/wp\/v2\/comments?post=879"}],"version-history":[{"count":0,"href":"https:\/\/agora.xtec.cat\/ceipjoanmarquescasals\/wp-json\/wp\/v2\/posts\/879\/revisions"}],"wp:featuredmedia":[{"embeddable":true,"href":"https:\/\/agora.xtec.cat\/ceipjoanmarquescasals\/wp-json\/wp\/v2\/media\/881"}],"wp:attachment":[{"href":"https:\/\/agora.xtec.cat\/ceipjoanmarquescasals\/wp-json\/wp\/v2\/media?parent=879"}],"wp:term":[{"taxonomy":"category","embeddable":true,"href":"https:\/\/agora.xtec.cat\/ceipjoanmarquescasals\/wp-json\/wp\/v2\/categories?post=879"},{"taxonomy":"post_tag","embeddable":true,"href":"https:\/\/agora.xtec.cat\/ceipjoanmarquescasals\/wp-json\/wp\/v2\/tags?post=879"}],"curies":[{"name":"wp","href":"https:\/\/api.w.org\/{rel}","templated":true}]}}