{"id":850,"date":"2019-01-10T12:21:17","date_gmt":"2019-01-10T11:21:17","guid":{"rendered":"http:\/\/agora.xtec.cat\/ceipjoanmarquescasals\/?p=850"},"modified":"2019-10-01T15:49:23","modified_gmt":"2019-10-01T13:49:23","slug":"videos-de-la-cantata-de-nadal-2018-2019","status":"publish","type":"post","link":"https:\/\/agora.xtec.cat\/ceipjoanmarquescasals\/any-2018-2019\/videos-de-la-cantata-de-nadal-2018-2019\/","title":{"rendered":"V\u00eddeos de la Cantata de Nadal 2018\/2019 (Prim\u00e0ria)"},"content":{"rendered":"<p>Com es habitual tots els anys a l&#8217;escola Joan Marqu\u00e8s Casals s&#8217;ha fet la cantata de Nadal.<\/p>\n<p>Els v\u00eddeos de la Cantata per cursos<\/p>\n<p><a href=\"https:\/\/drive.google.com\/open?id=1g4nslzyjTJ_JiANFI_OfcU26V58zPaRL\">1A Ja venen els reis<\/a>\u00a0 \u00a0 \u00a0 \u00a0 \u00a0 \u00a0 \u00a0 \u00a0 \u00a0 \u00a0 \u00a0 \u00a0 \u00a0 \u00a0 \u00a0 \u00a0 \u00a0 \u00a0 \u00a0 \u00a0 \u00a0 \u00a0 \u00a0 \u00a0 \u00a0<a href=\"https:\/\/drive.google.com\/file\/d\/1bAZ30D741MGvAG-Qjga3NM-n2BBfFYRn\/view?usp=sharing\">1A Poema de Nadal<\/a><\/p>\n<p><a href=\"https:\/\/drive.google.com\/file\/d\/1WgchZB1AzbOQmCgJci7YeRFhY4_UH8oo\/view?usp=sharing\">2A Ti\u00f3 de Nadal<\/a><\/p>\n<p><a href=\"https:\/\/drive.google.com\/file\/d\/1iO4eEEmkPZgcJBQvINY-oYD6xSFnxjZe\/view?usp=sharing\">3B El m\u00f3n seria m\u00e9s feli\u00e7<\/a>\u00a0 \u00a0 \u00a0 \u00a0 \u00a0 \u00a0 \u00a0 \u00a0 \u00a0 \u00a0 \u00a0 \u00a0 \u00a0 \u00a0 \u00a0 \u00a0 \u00a0 \u00a0 \u00a0 \u00a0\u00a0<a href=\"https:\/\/drive.google.com\/file\/d\/1iUFbQvhPTD8-oUHJr5ack5p4vCEVBlbV\/view?usp=sharing\">3B Jingle bells<\/a>\u00a0 \u00a0 \u00a0 \u00a0 \u00a0 \u00a0 \u00a0 \u00a0 \u00a0 \u00a0 \u00a0 \u00a0 \u00a0 \u00a0 \u00a0 \u00a0 \u00a0 \u00a0 \u00a0 \u00a0 \u00a0 \u00a0 \u00a0 \u00a0 \u00a0<a href=\"https:\/\/drive.google.com\/file\/d\/1yhvQyRX92rBcVv3alBkLHg9cph4WUDza\/view?usp=sharing\">3C i 4 Sigue tu estrella<\/a><\/p>\n<p><a href=\"https:\/\/drive.google.com\/file\/d\/1gmVQ-N-aZFAduul_Mjwj3IVmGjApulXf\/view?usp=sharing\">4B \u00c9s un desig<\/a>\u00a0 \u00a0 \u00a0 \u00a0 \u00a0 \u00a0 \u00a0 \u00a0 \u00a0 \u00a0 \u00a0 \u00a0 \u00a0 \u00a0 \u00a0 \u00a0 \u00a0 \u00a0 \u00a0 \u00a0 \u00a0 \u00a0 \u00a0 \u00a0 \u00a0 \u00a0 \u00a0 \u00a0<a href=\"https:\/\/drive.google.com\/file\/d\/1DtqaCKm6losdY0k4rpr3HQSL4fFBDg1X\/view?usp=sharing\"> 4B Rudolpd the red nosed reindeer<\/a><\/p>\n<p><a href=\"https:\/\/drive.google.com\/file\/d\/1t82FjjYXwe8eg5cDr2HzBhZsk-UCWy7_\/view?usp=sharing\">5A Un camell d&#8217;orient<\/a>\u00a0 \u00a0 \u00a0 \u00a0 \u00a0 \u00a0 \u00a0 \u00a0 \u00a0 \u00a0 \u00a0 \u00a0 \u00a0 \u00a0 \u00a0 \u00a0 \u00a0 \u00a0 \u00a0 \u00a0 \u00a0 \u00a0 \u00a0 \u00a0<a href=\"https:\/\/drive.google.com\/file\/d\/1gTlCuZWtNQe4yPjEuA1Vfigfr1-TzAcj\/view?usp=sharing\">5A i 6A Hecho con tus sue\u00f1os<\/a>\u00a0 \u00a0 \u00a0 \u00a0 \u00a0 \u00a0 \u00a0 \u00a0 \u00a0 \u00a0 \u00a0 \u00a0<a href=\"https:\/\/drive.google.com\/file\/d\/1Qv0cWsXbQQIvOrd9CQY0RH4YK_9I6rQv\/view?usp=sharing\"> 5A Count on me<\/a><\/p>\n<p><a href=\"https:\/\/drive.google.com\/file\/d\/1Z08gL-NYpkVj4rwVDxMu3ZmSTPSAKCbI\/view?usp=sharing\">5B i 6B Hecho con tus sue\u00f1os<\/a><\/p>\n<p><a href=\"https:\/\/drive.google.com\/file\/d\/1WL24YGo500dX7my6EUdSEsW_fvESr38a\/view?usp=sharing\">5C i 6C Hecho con tus sue\u00f1os<\/a>\u00a0 \u00a0 \u00a0 \u00a0 \u00a0 \u00a0 \u00a0 \u00a0 \u00a0 \u00a0 \u00a0 \u00a0 \u00a0 \u00a0 \u00a0 \u00a0<a href=\"https:\/\/drive.google.com\/file\/d\/1hFArzFx-GPRDAnEefRlsPV-Sx_vf6Vxq\/view?usp=sharing\">5C Un camell d&#8217;orient<\/a>\u00a0 \u00a0 \u00a0 \u00a0 \u00a0 \u00a0 \u00a0 \u00a0 \u00a0 \u00a0 \u00a0 \u00a0 \u00a0 \u00a0 \u00a0 \u00a0 \u00a0 \u00a0 \u00a0 \u00a0 <a href=\"https:\/\/drive.google.com\/file\/d\/1Jd5yGl8BoFg51oyBQFq4G2bP8MgVLfDo\/view?usp=sharing\">5C Count on me<\/a><\/p>\n<p><a href=\"https:\/\/drive.google.com\/file\/d\/1kfUT4E0yyQiFbtNO940i2FoETzvcz2D-\/view?usp=sharing\">6A Tots junts per Nadal<\/a><\/p>\n<p><a href=\"https:\/\/drive.google.com\/file\/d\/1qCDNci9vT9urOzWeGVu8XK3vrE-G7pXB\/view?usp=sharing\">6B Imagine<\/a>\u00a0 \u00a0 \u00a0 \u00a0 \u00a0 \u00a0 \u00a0 \u00a0 \u00a0 \u00a0 \u00a0 \u00a0 \u00a0 \u00a0 \u00a0 \u00a0 \u00a0 \u00a0 \u00a0 \u00a0 \u00a0 \u00a0 \u00a0 \u00a0 \u00a0 \u00a0 \u00a0 \u00a0 \u00a0 \u00a0 \u00a0 <a href=\"https:\/\/drive.google.com\/file\/d\/1yFWDpXjl51T8sJeM7wuatlxgZEL0vh7Z\/view?usp=sharing\">6B Tots junts per Nadal<\/a><\/p>\n<p><a href=\"https:\/\/drive.google.com\/open?id=16AekMiC3s_EzhIlxQz6LvMGDr0b3bD1g\">6C Imagine<\/a>\u00a0 \u00a0 \u00a0 \u00a0 \u00a0 \u00a0 \u00a0 \u00a0 \u00a0 \u00a0 \u00a0 \u00a0 \u00a0 \u00a0 \u00a0 \u00a0 \u00a0 \u00a0 \u00a0 \u00a0 \u00a0 \u00a0 \u00a0 \u00a0 \u00a0 \u00a0 \u00a0 \u00a0 \u00a0 \u00a0 \u00a0 <a href=\"https:\/\/drive.google.com\/file\/d\/17HthnxN5-TLa2nVWap0vsw5zPtEX5EsK\/view?usp=sharing\">6C Tots junts per Nadal<\/a><\/p>\n<p>&nbsp;<\/p>\n","protected":false},"excerpt":{"rendered":"<p>Com es habitual tots els anys a l&#8217;escola Joan Marqu\u00e8s Casals s&#8217;ha fet la cantata de Nadal.<br \/>\nEls v\u00eddeos de la Cantata per cursos<br \/>\n<a href=\"https:\/\/drive.google.com\/open?id=1g4nslzyjTJ_JiANFI_OfcU26V58zPaRL\">1A Ja venen els reis<\/a>\u00a0 \u00a0 \u00a0 \u00a0 \u00a0 \u00a0 \u00a0 \u00a0 \u00a0 \u00a0 \u00a0 \u00a0 \u00a0 \u00a0 \u00a0 \u00a0 \u00a0 \u00a0&hellip;  <a href=\"https:\/\/agora.xtec.cat\/ceipjoanmarquescasals\/any-2018-2019\/videos-de-la-cantata-de-nadal-2018-2019\/\" title=\"Read V\u00eddeos de la Cantata de Nadal 2018\/2019 (Prim\u00e0ria)\">Llegeix m\u00e9s\u00bb<\/a><\/p>\n","protected":false},"author":1,"featured_media":828,"comment_status":"open","ping_status":"closed","sticky":false,"template":"","format":"standard","meta":{"_bbp_topic_count":0,"_bbp_reply_count":0,"_bbp_total_topic_count":0,"_bbp_total_reply_count":0,"_bbp_voice_count":0,"_bbp_anonymous_reply_count":0,"_bbp_topic_count_hidden":0,"_bbp_reply_count_hidden":0,"_bbp_forum_subforum_count":0,"footnotes":""},"categories":[188],"tags":[],"class_list":["post-850","post","type-post","status-publish","format-standard","has-post-thumbnail","hentry","category-any-2018-2019"],"post_mailing_queue_ids":[],"_links":{"self":[{"href":"https:\/\/agora.xtec.cat\/ceipjoanmarquescasals\/wp-json\/wp\/v2\/posts\/850","targetHints":{"allow":["GET"]}}],"collection":[{"href":"https:\/\/agora.xtec.cat\/ceipjoanmarquescasals\/wp-json\/wp\/v2\/posts"}],"about":[{"href":"https:\/\/agora.xtec.cat\/ceipjoanmarquescasals\/wp-json\/wp\/v2\/types\/post"}],"author":[{"embeddable":true,"href":"https:\/\/agora.xtec.cat\/ceipjoanmarquescasals\/wp-json\/wp\/v2\/users\/1"}],"replies":[{"embeddable":true,"href":"https:\/\/agora.xtec.cat\/ceipjoanmarquescasals\/wp-json\/wp\/v2\/comments?post=850"}],"version-history":[{"count":2,"href":"https:\/\/agora.xtec.cat\/ceipjoanmarquescasals\/wp-json\/wp\/v2\/posts\/850\/revisions"}],"predecessor-version":[{"id":852,"href":"https:\/\/agora.xtec.cat\/ceipjoanmarquescasals\/wp-json\/wp\/v2\/posts\/850\/revisions\/852"}],"wp:featuredmedia":[{"embeddable":true,"href":"https:\/\/agora.xtec.cat\/ceipjoanmarquescasals\/wp-json\/wp\/v2\/media\/828"}],"wp:attachment":[{"href":"https:\/\/agora.xtec.cat\/ceipjoanmarquescasals\/wp-json\/wp\/v2\/media?parent=850"}],"wp:term":[{"taxonomy":"category","embeddable":true,"href":"https:\/\/agora.xtec.cat\/ceipjoanmarquescasals\/wp-json\/wp\/v2\/categories?post=850"},{"taxonomy":"post_tag","embeddable":true,"href":"https:\/\/agora.xtec.cat\/ceipjoanmarquescasals\/wp-json\/wp\/v2\/tags?post=850"}],"curies":[{"name":"wp","href":"https:\/\/api.w.org\/{rel}","templated":true}]}}