{"id":774,"date":"2018-12-15T16:47:35","date_gmt":"2018-12-15T15:47:35","guid":{"rendered":"http:\/\/agora.xtec.cat\/ceipjoanmarquescasals\/?p=774"},"modified":"2019-10-01T15:52:42","modified_gmt":"2019-10-01T13:52:42","slug":"katia-teatre-nu","status":"publish","type":"post","link":"https:\/\/agora.xtec.cat\/ceipjoanmarquescasals\/any-2018-2019\/katia-teatre-nu\/","title":{"rendered":"K\u00e0tia, Teatre Nu"},"content":{"rendered":"<p>Hola!!!<\/p>\n<p><a href=\"https:\/\/agora.xtec.cat\/ceipjoanmarquescasals\/wp-content\/uploads\/usu1790\/2018\/12\/Screenshot_2018-12-13-K\u00e0tia-Teatre-Nu.png\"><img loading=\"lazy\" decoding=\"async\" class=\"alignnone wp-image-775\" src=\"https:\/\/agora.xtec.cat\/ceipjoanmarquescasals\/wp-content\/uploads\/usu1790\/2018\/12\/Screenshot_2018-12-13-K\u00e0tia-Teatre-Nu.png\" alt=\"\" width=\"367\" height=\"278\" srcset=\"https:\/\/agora.xtec.cat\/ceipjoanmarquescasals\/wp-content\/uploads\/usu1790\/2018\/12\/Screenshot_2018-12-13-K\u00e0tia-Teatre-Nu.png 538w, https:\/\/agora.xtec.cat\/ceipjoanmarquescasals\/wp-content\/uploads\/usu1790\/2018\/12\/Screenshot_2018-12-13-K\u00e0tia-Teatre-Nu-300x227.png 300w, https:\/\/agora.xtec.cat\/ceipjoanmarquescasals\/wp-content\/uploads\/usu1790\/2018\/12\/Screenshot_2018-12-13-K\u00e0tia-Teatre-Nu-200x150.png 200w\" sizes=\"auto, (max-width: 367px) 100vw, 367px\" \/><\/a><\/p>\n<p>Aquest mat\u00ed, tots els nens i nenes del Cicle Mitj\u00e0 hem anat al Teatre Auditori de Terrassa per gaudir de l&#8217;espectacle K\u00e0tia, de la companyia Teatre Nu. K\u00e0tia ens parla de voler saber, de la necessitat de trobar els nostres or\u00edgens, de la voluntat de recordar i entendre d\u2019on venim, de l&#8217;adopci\u00f3, de l&#8217;aventura de viatjar&#8230; Ens ha agradat molt\u00edssim.<\/p>\n<p>En aquesta adre\u00e7a trobareu v\u00eddeos i fotos de l&#8217;espectacle<\/p>\n<p><a href=\"https:\/\/www.teatrenu.com\/espectacle\/katia\/\">https:\/\/www.teatrenu.com\/espectacle\/katia\/<\/a><\/p>\n","protected":false},"excerpt":{"rendered":"<p>Hola!!!<br \/>\n<a href=\"https:\/\/agora.xtec.cat\/ceipjoanmarquescasals\/wp-content\/uploads\/usu1790\/2018\/12\/Screenshot_2018-12-13-K\u00e0tia-Teatre-Nu.png\"><\/a><br \/>\nAquest mat\u00ed, tots els nens i nenes del Cicle Mitj\u00e0 hem anat al Teatre Auditori de Terrassa per gaudir de l&#8217;espectacle K\u00e0tia, de la companyia Teatre Nu. K\u00e0tia ens parla de voler saber, de la necessitat de trobar els nostres or\u00edgens, de la voluntat&hellip;  <a href=\"https:\/\/agora.xtec.cat\/ceipjoanmarquescasals\/any-2018-2019\/katia-teatre-nu\/\" title=\"Read K\u00e0tia, Teatre Nu\">Llegeix m\u00e9s\u00bb<\/a><\/p>\n","protected":false},"author":35,"featured_media":775,"comment_status":"open","ping_status":"closed","sticky":false,"template":"","format":"standard","meta":{"_bbp_topic_count":0,"_bbp_reply_count":0,"_bbp_total_topic_count":0,"_bbp_total_reply_count":0,"_bbp_voice_count":0,"_bbp_anonymous_reply_count":0,"_bbp_topic_count_hidden":0,"_bbp_reply_count_hidden":0,"_bbp_forum_subforum_count":0,"footnotes":""},"categories":[188],"tags":[94,16],"class_list":["post-774","post","type-post","status-publish","format-standard","has-post-thumbnail","hentry","category-any-2018-2019","tag-cicle-mitja","tag-sortides"],"post_mailing_queue_ids":[],"_links":{"self":[{"href":"https:\/\/agora.xtec.cat\/ceipjoanmarquescasals\/wp-json\/wp\/v2\/posts\/774","targetHints":{"allow":["GET"]}}],"collection":[{"href":"https:\/\/agora.xtec.cat\/ceipjoanmarquescasals\/wp-json\/wp\/v2\/posts"}],"about":[{"href":"https:\/\/agora.xtec.cat\/ceipjoanmarquescasals\/wp-json\/wp\/v2\/types\/post"}],"author":[{"embeddable":true,"href":"https:\/\/agora.xtec.cat\/ceipjoanmarquescasals\/wp-json\/wp\/v2\/users\/35"}],"replies":[{"embeddable":true,"href":"https:\/\/agora.xtec.cat\/ceipjoanmarquescasals\/wp-json\/wp\/v2\/comments?post=774"}],"version-history":[{"count":3,"href":"https:\/\/agora.xtec.cat\/ceipjoanmarquescasals\/wp-json\/wp\/v2\/posts\/774\/revisions"}],"predecessor-version":[{"id":782,"href":"https:\/\/agora.xtec.cat\/ceipjoanmarquescasals\/wp-json\/wp\/v2\/posts\/774\/revisions\/782"}],"wp:featuredmedia":[{"embeddable":true,"href":"https:\/\/agora.xtec.cat\/ceipjoanmarquescasals\/wp-json\/wp\/v2\/media\/775"}],"wp:attachment":[{"href":"https:\/\/agora.xtec.cat\/ceipjoanmarquescasals\/wp-json\/wp\/v2\/media?parent=774"}],"wp:term":[{"taxonomy":"category","embeddable":true,"href":"https:\/\/agora.xtec.cat\/ceipjoanmarquescasals\/wp-json\/wp\/v2\/categories?post=774"},{"taxonomy":"post_tag","embeddable":true,"href":"https:\/\/agora.xtec.cat\/ceipjoanmarquescasals\/wp-json\/wp\/v2\/tags?post=774"}],"curies":[{"name":"wp","href":"https:\/\/api.w.org\/{rel}","templated":true}]}}