{"id":726,"date":"2018-12-02T17:08:35","date_gmt":"2018-12-02T16:08:35","guid":{"rendered":"http:\/\/agora.xtec.cat\/ceipjoanmarquescasals\/?p=726"},"modified":"2019-10-01T15:53:00","modified_gmt":"2019-10-01T13:53:00","slug":"eleccions-consell-escolar-sector-pares-mares","status":"publish","type":"post","link":"https:\/\/agora.xtec.cat\/ceipjoanmarquescasals\/any-2018-2019\/eleccions-consell-escolar-sector-pares-mares\/","title":{"rendered":"ELECCIONS CONSELL ESCOLAR SECTOR PARES\/MARES."},"content":{"rendered":"<div><strong><span style=\"font-size: xx-large;\"><span style=\"color: #ff00ff;\"><span style=\"color: #6aa84f;\">Eleccions al consell escolar\u00a0del sector\u00a0pares\/mares.Volem donar les gr\u00e0cies a totes les fam\u00edlies per la vostra participaci\u00f3.<\/span><\/span><\/span><\/strong><\/div>\n<div><span style=\"font-size: xx-large;\"><span style=\"color: #ff00ff;\"><span style=\"color: #6aa84f;\">\u00a0<\/span><\/span><\/span><\/div>\n<div><span style=\"font-size: xx-large;\"><span style=\"color: #ff00ff;\"><span style=\"color: #6aa84f;\">Les\u00a0guanyadores\u00a0s\u00f3n:<\/span><\/span><\/span><\/div>\n<div><span style=\"font-size: xx-large;\"><span style=\"color: #ff00ff;\"><span style=\"color: #6aa84f;\">\u00a0<\/span><\/span><\/span><\/div>\n<div><span style=\"font-size: xx-large;\"><span style=\"color: #ff00ff;\"><span style=\"color: #6aa84f;\">Abigail Calvo Soler<\/span><\/span><\/span><\/div>\n<div><span style=\"font-size: xx-large;\"><span style=\"color: #ff00ff;\"><span style=\"color: #6aa84f;\">Fatima El Kramej<\/span><\/span><\/span><\/div>\n<div><span style=\"font-size: xx-large;\"><span style=\"color: #ff00ff;\"><span style=\"color: #6aa84f;\">Ana Villegas Castillo<\/span><\/span><\/span><\/div>\n<div><span style=\"font-size: xx-large;\"><span style=\"color: #ff00ff;\"><span style=\"color: #6aa84f;\">Yolanda Mil\u00e1n Salamanca<\/span><br \/>\n<\/span><\/span><\/div>\n<div><span style=\"font-size: xx-large;\"><span style=\"color: #ff00ff;\"><span style=\"color: #6aa84f;\">\u00a0<\/span><\/span><\/span><\/div>\n<div><span style=\"font-size: xx-large;\"><span style=\"color: #ff00ff;\"><span style=\"color: #6aa84f;\">Suplents:<\/span><\/span><\/span><\/div>\n<div><span style=\"font-size: xx-large;\"><span style=\"color: #ff00ff;\"><span style=\"color: #6aa84f;\">Sonia Moreno L\u00f3pez<\/span><\/span><\/span><\/div>\n<div><span style=\"font-size: xx-large;\"><span style=\"color: #ff00ff;\"><span style=\"color: #6aa84f;\">Vitalina Duarte Luch<\/span><\/span><\/span><\/div>\n<div><span style=\"font-size: xx-large;\"><span style=\"color: #ff00ff;\">\u00a0<\/span><\/span><\/div>\n<div><span style=\"font-size: xx-large;\">Moltes felicitats i moltes gr\u00e0cies per la vostra col.laboraci\u00f3! A partir d\u00b4ara formareu part del Consell Escolar de l\u00b4escola.<\/span><\/div>\n","protected":false},"excerpt":{"rendered":"<p>Eleccions al consell escolar\u00a0del sector\u00a0pares\/mares.Volem donar les gr\u00e0cies a totes les fam\u00edlies per la vostra participaci\u00f3.<br \/>\n\u00a0<br \/>\nLes\u00a0guanyadores\u00a0s\u00f3n:<br \/>\n\u00a0<br \/>\nAbigail Calvo Soler<br \/>\nFatima El Kramej<br \/>\nAna Villegas Castillo<br \/>\nYolanda Mil\u00e1n Salamanca<\/p>\n<p>\u00a0<br \/>\nSuplents:<br \/>\nSonia Moreno L\u00f3pez<br \/>\nVitalina Duarte Luch<br \/>\n\u00a0<br \/>\nMoltes felicitats i moltes gr\u00e0cies per la vostra col.laboraci\u00f3! A partir d\u00b4ara formareu part del Consell Escolar de&hellip;  <a href=\"https:\/\/agora.xtec.cat\/ceipjoanmarquescasals\/any-2018-2019\/eleccions-consell-escolar-sector-pares-mares\/\" title=\"Read ELECCIONS CONSELL ESCOLAR SECTOR PARES\/MARES.\">Llegeix m\u00e9s\u00bb<\/a><\/p>\n","protected":false},"author":1,"featured_media":0,"comment_status":"open","ping_status":"closed","sticky":false,"template":"","format":"standard","meta":{"_bbp_topic_count":0,"_bbp_reply_count":0,"_bbp_total_topic_count":0,"_bbp_total_reply_count":0,"_bbp_voice_count":0,"_bbp_anonymous_reply_count":0,"_bbp_topic_count_hidden":0,"_bbp_reply_count_hidden":0,"_bbp_forum_subforum_count":0,"footnotes":""},"categories":[188],"tags":[],"class_list":["post-726","post","type-post","status-publish","format-standard","hentry","category-any-2018-2019"],"post_mailing_queue_ids":[],"_links":{"self":[{"href":"https:\/\/agora.xtec.cat\/ceipjoanmarquescasals\/wp-json\/wp\/v2\/posts\/726","targetHints":{"allow":["GET"]}}],"collection":[{"href":"https:\/\/agora.xtec.cat\/ceipjoanmarquescasals\/wp-json\/wp\/v2\/posts"}],"about":[{"href":"https:\/\/agora.xtec.cat\/ceipjoanmarquescasals\/wp-json\/wp\/v2\/types\/post"}],"author":[{"embeddable":true,"href":"https:\/\/agora.xtec.cat\/ceipjoanmarquescasals\/wp-json\/wp\/v2\/users\/1"}],"replies":[{"embeddable":true,"href":"https:\/\/agora.xtec.cat\/ceipjoanmarquescasals\/wp-json\/wp\/v2\/comments?post=726"}],"version-history":[{"count":1,"href":"https:\/\/agora.xtec.cat\/ceipjoanmarquescasals\/wp-json\/wp\/v2\/posts\/726\/revisions"}],"predecessor-version":[{"id":727,"href":"https:\/\/agora.xtec.cat\/ceipjoanmarquescasals\/wp-json\/wp\/v2\/posts\/726\/revisions\/727"}],"wp:attachment":[{"href":"https:\/\/agora.xtec.cat\/ceipjoanmarquescasals\/wp-json\/wp\/v2\/media?parent=726"}],"wp:term":[{"taxonomy":"category","embeddable":true,"href":"https:\/\/agora.xtec.cat\/ceipjoanmarquescasals\/wp-json\/wp\/v2\/categories?post=726"},{"taxonomy":"post_tag","embeddable":true,"href":"https:\/\/agora.xtec.cat\/ceipjoanmarquescasals\/wp-json\/wp\/v2\/tags?post=726"}],"curies":[{"name":"wp","href":"https:\/\/api.w.org\/{rel}","templated":true}]}}