{"id":5636,"date":"2023-01-30T22:14:06","date_gmt":"2023-01-30T21:14:06","guid":{"rendered":"https:\/\/agora.xtec.cat\/ceipjoanmarquescasals\/?p=5636"},"modified":"2023-01-30T22:14:06","modified_gmt":"2023-01-30T21:14:06","slug":"denip-2023","status":"publish","type":"post","link":"https:\/\/agora.xtec.cat\/ceipjoanmarquescasals\/general\/denip-2023\/","title":{"rendered":"DENIP 2023"},"content":{"rendered":"<p>Hola fam\u00edlies!!!<\/p>\n<p>Avui \u00e9s el Dia Escolar de la No-Viol\u00e8ncia i la Pau. Cada trenta de gener es celebra el DENIP en commemoraci\u00f3 de l\u2019aniversari de la mort de Mahatma Gandhi.<\/p>\n<p>Per aquest motiu, al llarg del mat\u00ed, els nens i les nenes de l\u2019escola hem estat parlant d\u2019aquest tema a les aules i hem fet diferents activitats. Hem cantat can\u00e7ons, hem fet debats, hem escoltat contes, hem fet murals, hem reflexionat sobre qu\u00e8 haur\u00edem de fer per tenir un m\u00f3n on la pau arrib\u00e9s a tot arreu&#8230;<\/p>\n<p>A la tarda, hem sortit tots i totes al pati i hem fet una cadena humana amb el lema \u201cUNITS PER LA PAU\u201d. L\u2019hem constru\u00eft amb l\u2019ajuda de tothom, perqu\u00e8 nom\u00e9s treballant plegats i plegades podem construir la pau.<\/p>\n<p>Tamb\u00e9, junts i juntes, hem fet sentir la nostra veu cantant la can\u00e7\u00f3 \u201cEL M\u00d3N SERIA M\u00c9S FELI\u00c7\u201d. Aquest volem que sigui el nostre missatge, volem pau al m\u00f3n per tal que tothom pugui ser feli\u00e7. Entre tots i totes, hem de seguir treballant per tal de poder-ho aconseguir.<\/p>\n<p>Ha estat un dia molt especial i molt emotiu.<\/p>\n<p><a href=\"https:\/\/agora.xtec.cat\/ceipjoanmarquescasals\/wp-content\/uploads\/usu1790\/2023\/01\/DENIP-1_5908x3938-scaled.jpg\"><img loading=\"lazy\" decoding=\"async\" class=\"size-large wp-image-5637 aligncenter\" src=\"https:\/\/agora.xtec.cat\/ceipjoanmarquescasals\/wp-content\/uploads\/usu1790\/2023\/01\/DENIP-1_5908x3938-1024x683.jpg\" alt=\"\" width=\"1024\" height=\"683\" srcset=\"https:\/\/agora.xtec.cat\/ceipjoanmarquescasals\/wp-content\/uploads\/usu1790\/2023\/01\/DENIP-1_5908x3938-1024x683.jpg 1024w, https:\/\/agora.xtec.cat\/ceipjoanmarquescasals\/wp-content\/uploads\/usu1790\/2023\/01\/DENIP-1_5908x3938-300x200.jpg 300w, https:\/\/agora.xtec.cat\/ceipjoanmarquescasals\/wp-content\/uploads\/usu1790\/2023\/01\/DENIP-1_5908x3938-768x512.jpg 768w, https:\/\/agora.xtec.cat\/ceipjoanmarquescasals\/wp-content\/uploads\/usu1790\/2023\/01\/DENIP-1_5908x3938-1536x1024.jpg 1536w, https:\/\/agora.xtec.cat\/ceipjoanmarquescasals\/wp-content\/uploads\/usu1790\/2023\/01\/DENIP-1_5908x3938-2048x1365.jpg 2048w\" sizes=\"auto, (max-width: 1024px) 100vw, 1024px\" \/><\/a><\/p>\n<p><a href=\"https:\/\/agora.xtec.cat\/ceipjoanmarquescasals\/wp-content\/uploads\/usu1790\/2023\/01\/DENIP-2_5568x3712-scaled.jpg\"><img loading=\"lazy\" decoding=\"async\" class=\"size-large wp-image-5638 aligncenter\" src=\"https:\/\/agora.xtec.cat\/ceipjoanmarquescasals\/wp-content\/uploads\/usu1790\/2023\/01\/DENIP-2_5568x3712-1024x683.jpg\" alt=\"\" width=\"1024\" height=\"683\" srcset=\"https:\/\/agora.xtec.cat\/ceipjoanmarquescasals\/wp-content\/uploads\/usu1790\/2023\/01\/DENIP-2_5568x3712-1024x683.jpg 1024w, https:\/\/agora.xtec.cat\/ceipjoanmarquescasals\/wp-content\/uploads\/usu1790\/2023\/01\/DENIP-2_5568x3712-300x200.jpg 300w, https:\/\/agora.xtec.cat\/ceipjoanmarquescasals\/wp-content\/uploads\/usu1790\/2023\/01\/DENIP-2_5568x3712-768x512.jpg 768w, https:\/\/agora.xtec.cat\/ceipjoanmarquescasals\/wp-content\/uploads\/usu1790\/2023\/01\/DENIP-2_5568x3712-1536x1024.jpg 1536w, https:\/\/agora.xtec.cat\/ceipjoanmarquescasals\/wp-content\/uploads\/usu1790\/2023\/01\/DENIP-2_5568x3712-2048x1365.jpg 2048w\" sizes=\"auto, (max-width: 1024px) 100vw, 1024px\" \/><\/a><\/p>\n<p><a href=\"https:\/\/agora.xtec.cat\/ceipjoanmarquescasals\/wp-content\/uploads\/usu1790\/2023\/01\/DENIP-3_6264x4176-scaled.jpg\"><img loading=\"lazy\" decoding=\"async\" class=\"size-large wp-image-5639 aligncenter\" src=\"https:\/\/agora.xtec.cat\/ceipjoanmarquescasals\/wp-content\/uploads\/usu1790\/2023\/01\/DENIP-3_6264x4176-1024x683.jpg\" alt=\"\" width=\"1024\" height=\"683\" srcset=\"https:\/\/agora.xtec.cat\/ceipjoanmarquescasals\/wp-content\/uploads\/usu1790\/2023\/01\/DENIP-3_6264x4176-1024x683.jpg 1024w, https:\/\/agora.xtec.cat\/ceipjoanmarquescasals\/wp-content\/uploads\/usu1790\/2023\/01\/DENIP-3_6264x4176-300x200.jpg 300w, https:\/\/agora.xtec.cat\/ceipjoanmarquescasals\/wp-content\/uploads\/usu1790\/2023\/01\/DENIP-3_6264x4176-768x512.jpg 768w, https:\/\/agora.xtec.cat\/ceipjoanmarquescasals\/wp-content\/uploads\/usu1790\/2023\/01\/DENIP-3_6264x4176-1536x1024.jpg 1536w, https:\/\/agora.xtec.cat\/ceipjoanmarquescasals\/wp-content\/uploads\/usu1790\/2023\/01\/DENIP-3_6264x4176-2048x1365.jpg 2048w\" sizes=\"auto, (max-width: 1024px) 100vw, 1024px\" \/><\/a><a href=\"https:\/\/agora.xtec.cat\/ceipjoanmarquescasals\/wp-content\/uploads\/usu1790\/2023\/01\/DENIP-4_6376x4250-scaled.jpg\"><img loading=\"lazy\" decoding=\"async\" class=\"size-large wp-image-5640 aligncenter\" src=\"https:\/\/agora.xtec.cat\/ceipjoanmarquescasals\/wp-content\/uploads\/usu1790\/2023\/01\/DENIP-4_6376x4250-1024x683.jpg\" alt=\"\" width=\"1024\" height=\"683\" srcset=\"https:\/\/agora.xtec.cat\/ceipjoanmarquescasals\/wp-content\/uploads\/usu1790\/2023\/01\/DENIP-4_6376x4250-1024x683.jpg 1024w, https:\/\/agora.xtec.cat\/ceipjoanmarquescasals\/wp-content\/uploads\/usu1790\/2023\/01\/DENIP-4_6376x4250-300x200.jpg 300w, https:\/\/agora.xtec.cat\/ceipjoanmarquescasals\/wp-content\/uploads\/usu1790\/2023\/01\/DENIP-4_6376x4250-768x512.jpg 768w, https:\/\/agora.xtec.cat\/ceipjoanmarquescasals\/wp-content\/uploads\/usu1790\/2023\/01\/DENIP-4_6376x4250-1536x1024.jpg 1536w, https:\/\/agora.xtec.cat\/ceipjoanmarquescasals\/wp-content\/uploads\/usu1790\/2023\/01\/DENIP-4_6376x4250-2048x1365.jpg 2048w\" sizes=\"auto, (max-width: 1024px) 100vw, 1024px\" \/><\/a><a href=\"https:\/\/agora.xtec.cat\/ceipjoanmarquescasals\/wp-content\/uploads\/usu1790\/2023\/01\/DENIP-5_6960x4640-scaled.jpg\"><img loading=\"lazy\" decoding=\"async\" class=\"size-large wp-image-5641 aligncenter\" src=\"https:\/\/agora.xtec.cat\/ceipjoanmarquescasals\/wp-content\/uploads\/usu1790\/2023\/01\/DENIP-5_6960x4640-1024x683.jpg\" alt=\"\" width=\"1024\" height=\"683\" srcset=\"https:\/\/agora.xtec.cat\/ceipjoanmarquescasals\/wp-content\/uploads\/usu1790\/2023\/01\/DENIP-5_6960x4640-1024x683.jpg 1024w, https:\/\/agora.xtec.cat\/ceipjoanmarquescasals\/wp-content\/uploads\/usu1790\/2023\/01\/DENIP-5_6960x4640-300x200.jpg 300w, https:\/\/agora.xtec.cat\/ceipjoanmarquescasals\/wp-content\/uploads\/usu1790\/2023\/01\/DENIP-5_6960x4640-768x512.jpg 768w, https:\/\/agora.xtec.cat\/ceipjoanmarquescasals\/wp-content\/uploads\/usu1790\/2023\/01\/DENIP-5_6960x4640-1536x1024.jpg 1536w, https:\/\/agora.xtec.cat\/ceipjoanmarquescasals\/wp-content\/uploads\/usu1790\/2023\/01\/DENIP-5_6960x4640-2048x1365.jpg 2048w\" sizes=\"auto, (max-width: 1024px) 100vw, 1024px\" \/><\/a><\/p>\n<p><a href=\"https:\/\/agora.xtec.cat\/ceipjoanmarquescasals\/wp-content\/uploads\/usu1790\/2023\/01\/1-2-scaled.jpg\"><img loading=\"lazy\" decoding=\"async\" class=\"size-large wp-image-5645 aligncenter\" src=\"https:\/\/agora.xtec.cat\/ceipjoanmarquescasals\/wp-content\/uploads\/usu1790\/2023\/01\/1-2-1024x247.jpg\" alt=\"\" width=\"1024\" height=\"247\" srcset=\"https:\/\/agora.xtec.cat\/ceipjoanmarquescasals\/wp-content\/uploads\/usu1790\/2023\/01\/1-2-1024x247.jpg 1024w, https:\/\/agora.xtec.cat\/ceipjoanmarquescasals\/wp-content\/uploads\/usu1790\/2023\/01\/1-2-300x72.jpg 300w, https:\/\/agora.xtec.cat\/ceipjoanmarquescasals\/wp-content\/uploads\/usu1790\/2023\/01\/1-2-768x185.jpg 768w, https:\/\/agora.xtec.cat\/ceipjoanmarquescasals\/wp-content\/uploads\/usu1790\/2023\/01\/1-2-1536x370.jpg 1536w, https:\/\/agora.xtec.cat\/ceipjoanmarquescasals\/wp-content\/uploads\/usu1790\/2023\/01\/1-2-2048x494.jpg 2048w\" sizes=\"auto, (max-width: 1024px) 100vw, 1024px\" \/><\/a><\/p>\n<p><a href=\"https:\/\/agora.xtec.cat\/ceipjoanmarquescasals\/wp-content\/uploads\/usu1790\/2023\/01\/2-1-scaled.jpg\"><img loading=\"lazy\" decoding=\"async\" class=\"size-large wp-image-5646 aligncenter\" src=\"https:\/\/agora.xtec.cat\/ceipjoanmarquescasals\/wp-content\/uploads\/usu1790\/2023\/01\/2-1-1024x225.jpg\" alt=\"\" width=\"1024\" height=\"225\" srcset=\"https:\/\/agora.xtec.cat\/ceipjoanmarquescasals\/wp-content\/uploads\/usu1790\/2023\/01\/2-1-1024x225.jpg 1024w, https:\/\/agora.xtec.cat\/ceipjoanmarquescasals\/wp-content\/uploads\/usu1790\/2023\/01\/2-1-300x66.jpg 300w, https:\/\/agora.xtec.cat\/ceipjoanmarquescasals\/wp-content\/uploads\/usu1790\/2023\/01\/2-1-768x169.jpg 768w, https:\/\/agora.xtec.cat\/ceipjoanmarquescasals\/wp-content\/uploads\/usu1790\/2023\/01\/2-1-1536x338.jpg 1536w, https:\/\/agora.xtec.cat\/ceipjoanmarquescasals\/wp-content\/uploads\/usu1790\/2023\/01\/2-1-2048x450.jpg 2048w\" sizes=\"auto, (max-width: 1024px) 100vw, 1024px\" \/><\/a><\/p>\n<p><a href=\"https:\/\/agora.xtec.cat\/ceipjoanmarquescasals\/wp-content\/uploads\/usu1790\/2023\/01\/3-1-scaled.jpg\"><img loading=\"lazy\" decoding=\"async\" class=\"size-large wp-image-5647 aligncenter\" src=\"https:\/\/agora.xtec.cat\/ceipjoanmarquescasals\/wp-content\/uploads\/usu1790\/2023\/01\/3-1-1024x278.jpg\" alt=\"\" width=\"1024\" height=\"278\" srcset=\"https:\/\/agora.xtec.cat\/ceipjoanmarquescasals\/wp-content\/uploads\/usu1790\/2023\/01\/3-1-1024x278.jpg 1024w, https:\/\/agora.xtec.cat\/ceipjoanmarquescasals\/wp-content\/uploads\/usu1790\/2023\/01\/3-1-300x82.jpg 300w, https:\/\/agora.xtec.cat\/ceipjoanmarquescasals\/wp-content\/uploads\/usu1790\/2023\/01\/3-1-768x209.jpg 768w, https:\/\/agora.xtec.cat\/ceipjoanmarquescasals\/wp-content\/uploads\/usu1790\/2023\/01\/3-1-1536x418.jpg 1536w, https:\/\/agora.xtec.cat\/ceipjoanmarquescasals\/wp-content\/uploads\/usu1790\/2023\/01\/3-1-2048x557.jpg 2048w\" sizes=\"auto, (max-width: 1024px) 100vw, 1024px\" \/><\/a><\/p>\n<p><a href=\"https:\/\/agora.xtec.cat\/ceipjoanmarquescasals\/wp-content\/uploads\/usu1790\/2023\/01\/4-scaled.jpg\"><img loading=\"lazy\" decoding=\"async\" class=\"size-large wp-image-5648 aligncenter\" src=\"https:\/\/agora.xtec.cat\/ceipjoanmarquescasals\/wp-content\/uploads\/usu1790\/2023\/01\/4-1024x225.jpg\" alt=\"\" width=\"1024\" height=\"225\" srcset=\"https:\/\/agora.xtec.cat\/ceipjoanmarquescasals\/wp-content\/uploads\/usu1790\/2023\/01\/4-1024x225.jpg 1024w, https:\/\/agora.xtec.cat\/ceipjoanmarquescasals\/wp-content\/uploads\/usu1790\/2023\/01\/4-300x66.jpg 300w, https:\/\/agora.xtec.cat\/ceipjoanmarquescasals\/wp-content\/uploads\/usu1790\/2023\/01\/4-768x169.jpg 768w, https:\/\/agora.xtec.cat\/ceipjoanmarquescasals\/wp-content\/uploads\/usu1790\/2023\/01\/4-1536x338.jpg 1536w, https:\/\/agora.xtec.cat\/ceipjoanmarquescasals\/wp-content\/uploads\/usu1790\/2023\/01\/4-2048x450.jpg 2048w\" sizes=\"auto, (max-width: 1024px) 100vw, 1024px\" \/><\/a><\/p>\n<p>&nbsp;<\/p>\n","protected":false},"excerpt":{"rendered":"<p>Hola fam\u00edlies!!!<br \/>\nAvui \u00e9s el Dia Escolar de la No-Viol\u00e8ncia i la Pau. Cada trenta de gener es celebra el DENIP en commemoraci\u00f3 de l\u2019aniversari de la mort de Mahatma Gandhi.<br \/>\nPer aquest motiu, al llarg del mat\u00ed, els nens i les nenes de l\u2019escola hem estat&hellip;  <a href=\"https:\/\/agora.xtec.cat\/ceipjoanmarquescasals\/general\/denip-2023\/\" title=\"Read DENIP 2023\">Llegeix m\u00e9s\u00bb<\/a><\/p>\n","protected":false},"author":28,"featured_media":5637,"comment_status":"open","ping_status":"closed","sticky":false,"template":"","format":"standard","meta":{"_bbp_topic_count":0,"_bbp_reply_count":0,"_bbp_total_topic_count":0,"_bbp_total_reply_count":0,"_bbp_voice_count":0,"_bbp_anonymous_reply_count":0,"_bbp_topic_count_hidden":0,"_bbp_reply_count_hidden":0,"_bbp_forum_subforum_count":0,"footnotes":""},"categories":[69,68,2,1,4,5,215],"tags":[209,202,192,227,102,73,262],"class_list":["post-5636","post","type-post","status-publish","format-standard","has-post-thumbnail","hentry","category-cicle-mitja","category-cicle-incial","category-infantil","category-general","category-portada","category-primaria","category-valors","tag-comunitat-de-grans","tag-comunitat-de-petits","tag-comunitat-mitjans","tag-educacio-en-valors","tag-general","tag-portada","tag-prim"],"post_mailing_queue_ids":[],"_links":{"self":[{"href":"https:\/\/agora.xtec.cat\/ceipjoanmarquescasals\/wp-json\/wp\/v2\/posts\/5636","targetHints":{"allow":["GET"]}}],"collection":[{"href":"https:\/\/agora.xtec.cat\/ceipjoanmarquescasals\/wp-json\/wp\/v2\/posts"}],"about":[{"href":"https:\/\/agora.xtec.cat\/ceipjoanmarquescasals\/wp-json\/wp\/v2\/types\/post"}],"author":[{"embeddable":true,"href":"https:\/\/agora.xtec.cat\/ceipjoanmarquescasals\/wp-json\/wp\/v2\/users\/28"}],"replies":[{"embeddable":true,"href":"https:\/\/agora.xtec.cat\/ceipjoanmarquescasals\/wp-json\/wp\/v2\/comments?post=5636"}],"version-history":[{"count":4,"href":"https:\/\/agora.xtec.cat\/ceipjoanmarquescasals\/wp-json\/wp\/v2\/posts\/5636\/revisions"}],"predecessor-version":[{"id":5651,"href":"https:\/\/agora.xtec.cat\/ceipjoanmarquescasals\/wp-json\/wp\/v2\/posts\/5636\/revisions\/5651"}],"wp:featuredmedia":[{"embeddable":true,"href":"https:\/\/agora.xtec.cat\/ceipjoanmarquescasals\/wp-json\/wp\/v2\/media\/5637"}],"wp:attachment":[{"href":"https:\/\/agora.xtec.cat\/ceipjoanmarquescasals\/wp-json\/wp\/v2\/media?parent=5636"}],"wp:term":[{"taxonomy":"category","embeddable":true,"href":"https:\/\/agora.xtec.cat\/ceipjoanmarquescasals\/wp-json\/wp\/v2\/categories?post=5636"},{"taxonomy":"post_tag","embeddable":true,"href":"https:\/\/agora.xtec.cat\/ceipjoanmarquescasals\/wp-json\/wp\/v2\/tags?post=5636"}],"curies":[{"name":"wp","href":"https:\/\/api.w.org\/{rel}","templated":true}]}}