{"id":5598,"date":"2023-01-11T13:26:09","date_gmt":"2023-01-11T12:26:09","guid":{"rendered":"https:\/\/agora.xtec.cat\/ceipjoanmarquescasals\/?p=5598"},"modified":"2023-01-11T13:54:19","modified_gmt":"2023-01-11T12:54:19","slug":"sortida-al-lab-0-6","status":"publish","type":"post","link":"https:\/\/agora.xtec.cat\/ceipjoanmarquescasals\/general\/sortida-al-lab-0-6\/","title":{"rendered":"SORTIDA AL LAB 0-6"},"content":{"rendered":"<p><a href=\"https:\/\/agora.xtec.cat\/ceipjoanmarquescasals\/wp-content\/uploads\/usu1790\/2023\/01\/lab-3-6.jpg\"><img loading=\"lazy\" decoding=\"async\" class=\"alignnone size-full wp-image-5604\" src=\"https:\/\/agora.xtec.cat\/ceipjoanmarquescasals\/wp-content\/uploads\/usu1790\/2023\/01\/lab-3-6.jpg\" alt=\"\" width=\"1000\" height=\"667\" srcset=\"https:\/\/agora.xtec.cat\/ceipjoanmarquescasals\/wp-content\/uploads\/usu1790\/2023\/01\/lab-3-6.jpg 1000w, https:\/\/agora.xtec.cat\/ceipjoanmarquescasals\/wp-content\/uploads\/usu1790\/2023\/01\/lab-3-6-300x200.jpg 300w, https:\/\/agora.xtec.cat\/ceipjoanmarquescasals\/wp-content\/uploads\/usu1790\/2023\/01\/lab-3-6-768x512.jpg 768w\" sizes=\"auto, (max-width: 1000px) 100vw, 1000px\" \/><\/a><\/p>\n<p>El passat dia 20 de desembre tota la comunitat de petits van anar al LAB 0-6 i van poder fer una aproximaci\u00f3 al m\u00e8tode cient\u00edfic i experimentar amb diferents propostes.<\/p>\n<p>Aqu\u00ed teniu un enlla\u00e7 per cada nivell amb les fotos de la sortida.<\/p>\n<p><a href=\"https:\/\/drive.google.com\/drive\/folders\/1-3x3t9vXjk3QnEyjPd5z2QGllIHIW2w5?usp=share_link\">I3<\/a><\/p>\n<p><a href=\"https:\/\/drive.google.com\/drive\/folders\/1-0LO29IUlAg36axZV0rUbYqWnTE9EnvS?usp=share_link\">I4<\/a><\/p>\n<p><a href=\"https:\/\/drive.google.com\/drive\/folders\/1-4nQyi1MmxEkyGkxhh85dW1WSATs7hpR?usp=share_link\">I5<\/a><\/p>\n<p>Esperem que gaudiu amb les fotos dels vostres fills i filles!!!<\/p>\n<p>Comunitat de Petits<\/p>\n","protected":false},"excerpt":{"rendered":"<p><a href=\"https:\/\/agora.xtec.cat\/ceipjoanmarquescasals\/wp-content\/uploads\/usu1790\/2023\/01\/lab-3-6.jpg\"><\/a><br \/>\nEl passat dia 20 de desembre tota la comunitat de petits van anar al LAB 0-6 i van poder fer una aproximaci\u00f3 al m\u00e8tode cient\u00edfic i experimentar amb diferents propostes.<br \/>\nAqu\u00ed teniu un enlla\u00e7 per cada nivell amb les fotos de la sortida.<br \/>\n<a href=\"https:\/\/drive.google.com\/drive\/folders\/1-3x3t9vXjk3QnEyjPd5z2QGllIHIW2w5?usp=share_link\">I3<\/a><br \/>\n<a href=\"https:\/\/drive.google.com\/drive\/folders\/1-0LO29IUlAg36axZV0rUbYqWnTE9EnvS?usp=share_link\">I4<\/a><br \/>\n<a&hellip;  <a href=\"https:\/\/agora.xtec.cat\/ceipjoanmarquescasals\/general\/sortida-al-lab-0-6\/\" title=\"Read SORTIDA AL LAB 0-6\">Llegeix m\u00e9s\u00bb<\/a><\/p>\n","protected":false},"author":5,"featured_media":5604,"comment_status":"open","ping_status":"closed","sticky":false,"template":"","format":"standard","meta":{"_bbp_topic_count":0,"_bbp_reply_count":0,"_bbp_total_topic_count":0,"_bbp_total_reply_count":0,"_bbp_voice_count":0,"_bbp_anonymous_reply_count":0,"_bbp_topic_count_hidden":0,"_bbp_reply_count_hidden":0,"_bbp_forum_subforum_count":0,"footnotes":""},"categories":[2,144,1,4,159],"tags":[202,119,102,73,16],"class_list":["post-5598","post","type-post","status-publish","format-standard","has-post-thumbnail","hentry","category-infantil","category-experiments","category-general","category-portada","category-sortides","tag-comunitat-de-petits","tag-experiments","tag-general","tag-portada","tag-sortides"],"post_mailing_queue_ids":[],"_links":{"self":[{"href":"https:\/\/agora.xtec.cat\/ceipjoanmarquescasals\/wp-json\/wp\/v2\/posts\/5598","targetHints":{"allow":["GET"]}}],"collection":[{"href":"https:\/\/agora.xtec.cat\/ceipjoanmarquescasals\/wp-json\/wp\/v2\/posts"}],"about":[{"href":"https:\/\/agora.xtec.cat\/ceipjoanmarquescasals\/wp-json\/wp\/v2\/types\/post"}],"author":[{"embeddable":true,"href":"https:\/\/agora.xtec.cat\/ceipjoanmarquescasals\/wp-json\/wp\/v2\/users\/5"}],"replies":[{"embeddable":true,"href":"https:\/\/agora.xtec.cat\/ceipjoanmarquescasals\/wp-json\/wp\/v2\/comments?post=5598"}],"version-history":[{"count":3,"href":"https:\/\/agora.xtec.cat\/ceipjoanmarquescasals\/wp-json\/wp\/v2\/posts\/5598\/revisions"}],"predecessor-version":[{"id":5602,"href":"https:\/\/agora.xtec.cat\/ceipjoanmarquescasals\/wp-json\/wp\/v2\/posts\/5598\/revisions\/5602"}],"wp:featuredmedia":[{"embeddable":true,"href":"https:\/\/agora.xtec.cat\/ceipjoanmarquescasals\/wp-json\/wp\/v2\/media\/5604"}],"wp:attachment":[{"href":"https:\/\/agora.xtec.cat\/ceipjoanmarquescasals\/wp-json\/wp\/v2\/media?parent=5598"}],"wp:term":[{"taxonomy":"category","embeddable":true,"href":"https:\/\/agora.xtec.cat\/ceipjoanmarquescasals\/wp-json\/wp\/v2\/categories?post=5598"},{"taxonomy":"post_tag","embeddable":true,"href":"https:\/\/agora.xtec.cat\/ceipjoanmarquescasals\/wp-json\/wp\/v2\/tags?post=5598"}],"curies":[{"name":"wp","href":"https:\/\/api.w.org\/{rel}","templated":true}]}}