{"id":5579,"date":"2022-11-23T13:49:00","date_gmt":"2022-11-23T12:49:00","guid":{"rendered":"https:\/\/agora.xtec.cat\/ceipjoanmarquescasals\/?p=5579"},"modified":"2022-11-23T13:50:20","modified_gmt":"2022-11-23T12:50:20","slug":"sortida-a-lespluga-de-francoli","status":"publish","type":"post","link":"https:\/\/agora.xtec.cat\/ceipjoanmarquescasals\/general\/sortida-a-lespluga-de-francoli\/","title":{"rendered":"Sortida a l&#8217;Espluga de Francol\u00ed"},"content":{"rendered":"<p>Els infants de 5\u00e8 han visitat la Cova de la Font Major i la Cova de la Vila. Hem apr\u00e8s com vivien durant l&#8217;\u00e8poca del Paleol\u00edtic.<\/p>\n<p>Hem conegut la feina dels i les arque\u00f2legs\/es i hem pintat pintures rupestres.<\/p>\n<p>Ens ha encantat!<\/p>\n<p><a href=\"https:\/\/agora.xtec.cat\/ceipjoanmarquescasals\/wp-content\/uploads\/usu1790\/2022\/11\/WhatsApp-Image-2022-11-23-at-13.34.48-1.jpeg\"><img loading=\"lazy\" decoding=\"async\" class=\"alignnone size-large wp-image-5582\" src=\"https:\/\/agora.xtec.cat\/ceipjoanmarquescasals\/wp-content\/uploads\/usu1790\/2022\/11\/WhatsApp-Image-2022-11-23-at-13.34.48-1-1024x577.jpeg\" alt=\"\" width=\"1024\" height=\"577\" srcset=\"https:\/\/agora.xtec.cat\/ceipjoanmarquescasals\/wp-content\/uploads\/usu1790\/2022\/11\/WhatsApp-Image-2022-11-23-at-13.34.48-1-1024x577.jpeg 1024w, https:\/\/agora.xtec.cat\/ceipjoanmarquescasals\/wp-content\/uploads\/usu1790\/2022\/11\/WhatsApp-Image-2022-11-23-at-13.34.48-1-300x169.jpeg 300w, https:\/\/agora.xtec.cat\/ceipjoanmarquescasals\/wp-content\/uploads\/usu1790\/2022\/11\/WhatsApp-Image-2022-11-23-at-13.34.48-1-768x432.jpeg 768w, https:\/\/agora.xtec.cat\/ceipjoanmarquescasals\/wp-content\/uploads\/usu1790\/2022\/11\/WhatsApp-Image-2022-11-23-at-13.34.48-1-1536x865.jpeg 1536w, https:\/\/agora.xtec.cat\/ceipjoanmarquescasals\/wp-content\/uploads\/usu1790\/2022\/11\/WhatsApp-Image-2022-11-23-at-13.34.48-1.jpeg 2000w\" sizes=\"auto, (max-width: 1024px) 100vw, 1024px\" \/><\/a> <a href=\"https:\/\/agora.xtec.cat\/ceipjoanmarquescasals\/wp-content\/uploads\/usu1790\/2022\/11\/WhatsApp-Image-2022-11-23-at-13.34.48-2.jpeg\"><img loading=\"lazy\" decoding=\"async\" class=\"alignnone size-large wp-image-5581\" src=\"https:\/\/agora.xtec.cat\/ceipjoanmarquescasals\/wp-content\/uploads\/usu1790\/2022\/11\/WhatsApp-Image-2022-11-23-at-13.34.48-2-577x1024.jpeg\" alt=\"\" width=\"577\" height=\"1024\" srcset=\"https:\/\/agora.xtec.cat\/ceipjoanmarquescasals\/wp-content\/uploads\/usu1790\/2022\/11\/WhatsApp-Image-2022-11-23-at-13.34.48-2-577x1024.jpeg 577w, https:\/\/agora.xtec.cat\/ceipjoanmarquescasals\/wp-content\/uploads\/usu1790\/2022\/11\/WhatsApp-Image-2022-11-23-at-13.34.48-2-169x300.jpeg 169w, https:\/\/agora.xtec.cat\/ceipjoanmarquescasals\/wp-content\/uploads\/usu1790\/2022\/11\/WhatsApp-Image-2022-11-23-at-13.34.48-2-768x1364.jpeg 768w, https:\/\/agora.xtec.cat\/ceipjoanmarquescasals\/wp-content\/uploads\/usu1790\/2022\/11\/WhatsApp-Image-2022-11-23-at-13.34.48-2-865x1536.jpeg 865w, https:\/\/agora.xtec.cat\/ceipjoanmarquescasals\/wp-content\/uploads\/usu1790\/2022\/11\/WhatsApp-Image-2022-11-23-at-13.34.48-2.jpeg 1126w\" sizes=\"auto, (max-width: 577px) 100vw, 577px\" \/><\/a> <a href=\"https:\/\/agora.xtec.cat\/ceipjoanmarquescasals\/wp-content\/uploads\/usu1790\/2022\/11\/WhatsApp-Image-2022-11-23-at-13.35.24.jpeg\"><img loading=\"lazy\" decoding=\"async\" class=\"alignnone size-large wp-image-5580\" src=\"https:\/\/agora.xtec.cat\/ceipjoanmarquescasals\/wp-content\/uploads\/usu1790\/2022\/11\/WhatsApp-Image-2022-11-23-at-13.35.24-577x1024.jpeg\" alt=\"\" width=\"577\" height=\"1024\" srcset=\"https:\/\/agora.xtec.cat\/ceipjoanmarquescasals\/wp-content\/uploads\/usu1790\/2022\/11\/WhatsApp-Image-2022-11-23-at-13.35.24-577x1024.jpeg 577w, https:\/\/agora.xtec.cat\/ceipjoanmarquescasals\/wp-content\/uploads\/usu1790\/2022\/11\/WhatsApp-Image-2022-11-23-at-13.35.24-169x300.jpeg 169w, https:\/\/agora.xtec.cat\/ceipjoanmarquescasals\/wp-content\/uploads\/usu1790\/2022\/11\/WhatsApp-Image-2022-11-23-at-13.35.24-768x1364.jpeg 768w, https:\/\/agora.xtec.cat\/ceipjoanmarquescasals\/wp-content\/uploads\/usu1790\/2022\/11\/WhatsApp-Image-2022-11-23-at-13.35.24-865x1536.jpeg 865w, https:\/\/agora.xtec.cat\/ceipjoanmarquescasals\/wp-content\/uploads\/usu1790\/2022\/11\/WhatsApp-Image-2022-11-23-at-13.35.24.jpeg 1126w\" sizes=\"auto, (max-width: 577px) 100vw, 577px\" \/><\/a> <a href=\"https:\/\/agora.xtec.cat\/ceipjoanmarquescasals\/wp-content\/uploads\/usu1790\/2022\/11\/WhatsApp-Image-2022-11-23-at-13.34.48.jpeg\"><img loading=\"lazy\" decoding=\"async\" class=\"alignnone size-large wp-image-5583\" src=\"https:\/\/agora.xtec.cat\/ceipjoanmarquescasals\/wp-content\/uploads\/usu1790\/2022\/11\/WhatsApp-Image-2022-11-23-at-13.34.48-577x1024.jpeg\" alt=\"\" width=\"577\" height=\"1024\" srcset=\"https:\/\/agora.xtec.cat\/ceipjoanmarquescasals\/wp-content\/uploads\/usu1790\/2022\/11\/WhatsApp-Image-2022-11-23-at-13.34.48-577x1024.jpeg 577w, https:\/\/agora.xtec.cat\/ceipjoanmarquescasals\/wp-content\/uploads\/usu1790\/2022\/11\/WhatsApp-Image-2022-11-23-at-13.34.48-169x300.jpeg 169w, https:\/\/agora.xtec.cat\/ceipjoanmarquescasals\/wp-content\/uploads\/usu1790\/2022\/11\/WhatsApp-Image-2022-11-23-at-13.34.48-768x1364.jpeg 768w, https:\/\/agora.xtec.cat\/ceipjoanmarquescasals\/wp-content\/uploads\/usu1790\/2022\/11\/WhatsApp-Image-2022-11-23-at-13.34.48-865x1536.jpeg 865w, https:\/\/agora.xtec.cat\/ceipjoanmarquescasals\/wp-content\/uploads\/usu1790\/2022\/11\/WhatsApp-Image-2022-11-23-at-13.34.48.jpeg 1126w\" sizes=\"auto, (max-width: 577px) 100vw, 577px\" \/><\/a><\/p>\n","protected":false},"excerpt":{"rendered":"<p>Els infants de 5\u00e8 han visitat la Cova de la Font Major i la Cova de la Vila. Hem apr\u00e8s com vivien durant l&#8217;\u00e8poca del Paleol\u00edtic.<br \/>\nHem conegut la feina dels i les arque\u00f2legs\/es i hem pintat pintures rupestres.<br \/>\nEns ha encantat!<br \/>\n<a href=\"https:\/\/agora.xtec.cat\/ceipjoanmarquescasals\/wp-content\/uploads\/usu1790\/2022\/11\/WhatsApp-Image-2022-11-23-at-13.34.48-1.jpeg\"><\/a> <a href=\"https:\/\/agora.xtec.cat\/ceipjoanmarquescasals\/wp-content\/uploads\/usu1790\/2022\/11\/WhatsApp-Image-2022-11-23-at-13.34.48-2.jpeg\"><\/a> <a href=\"https:\/\/agora.xtec.cat\/ceipjoanmarquescasals\/wp-content\/uploads\/usu1790\/2022\/11\/WhatsApp-Image-2022-11-23-at-13.35.24.jpeg\"><\/a>&hellip;  <a href=\"https:\/\/agora.xtec.cat\/ceipjoanmarquescasals\/general\/sortida-a-lespluga-de-francoli\/\" title=\"Read Sortida a l&#8217;Espluga de Francol\u00ed\">Llegeix m\u00e9s\u00bb<\/a><\/p>\n","protected":false},"author":70,"featured_media":5581,"comment_status":"open","ping_status":"closed","sticky":false,"template":"","format":"standard","meta":{"_bbp_topic_count":0,"_bbp_reply_count":0,"_bbp_total_topic_count":0,"_bbp_total_reply_count":0,"_bbp_voice_count":0,"_bbp_anonymous_reply_count":0,"_bbp_topic_count_hidden":0,"_bbp_reply_count_hidden":0,"_bbp_forum_subforum_count":0,"footnotes":""},"categories":[1],"tags":[236,209,73],"class_list":["post-5579","post","type-post","status-publish","format-standard","has-post-thumbnail","hentry","category-general","tag-cinque","tag-comunitat-de-grans","tag-portada"],"post_mailing_queue_ids":[],"_links":{"self":[{"href":"https:\/\/agora.xtec.cat\/ceipjoanmarquescasals\/wp-json\/wp\/v2\/posts\/5579","targetHints":{"allow":["GET"]}}],"collection":[{"href":"https:\/\/agora.xtec.cat\/ceipjoanmarquescasals\/wp-json\/wp\/v2\/posts"}],"about":[{"href":"https:\/\/agora.xtec.cat\/ceipjoanmarquescasals\/wp-json\/wp\/v2\/types\/post"}],"author":[{"embeddable":true,"href":"https:\/\/agora.xtec.cat\/ceipjoanmarquescasals\/wp-json\/wp\/v2\/users\/70"}],"replies":[{"embeddable":true,"href":"https:\/\/agora.xtec.cat\/ceipjoanmarquescasals\/wp-json\/wp\/v2\/comments?post=5579"}],"version-history":[{"count":1,"href":"https:\/\/agora.xtec.cat\/ceipjoanmarquescasals\/wp-json\/wp\/v2\/posts\/5579\/revisions"}],"predecessor-version":[{"id":5584,"href":"https:\/\/agora.xtec.cat\/ceipjoanmarquescasals\/wp-json\/wp\/v2\/posts\/5579\/revisions\/5584"}],"wp:featuredmedia":[{"embeddable":true,"href":"https:\/\/agora.xtec.cat\/ceipjoanmarquescasals\/wp-json\/wp\/v2\/media\/5581"}],"wp:attachment":[{"href":"https:\/\/agora.xtec.cat\/ceipjoanmarquescasals\/wp-json\/wp\/v2\/media?parent=5579"}],"wp:term":[{"taxonomy":"category","embeddable":true,"href":"https:\/\/agora.xtec.cat\/ceipjoanmarquescasals\/wp-json\/wp\/v2\/categories?post=5579"},{"taxonomy":"post_tag","embeddable":true,"href":"https:\/\/agora.xtec.cat\/ceipjoanmarquescasals\/wp-json\/wp\/v2\/tags?post=5579"}],"curies":[{"name":"wp","href":"https:\/\/api.w.org\/{rel}","templated":true}]}}