{"id":5573,"date":"2022-11-21T18:06:42","date_gmt":"2022-11-21T17:06:42","guid":{"rendered":"https:\/\/agora.xtec.cat\/ceipjoanmarquescasals\/?p=5573"},"modified":"2022-11-21T18:06:42","modified_gmt":"2022-11-21T17:06:42","slug":"quins-drets-tinc","status":"publish","type":"post","link":"https:\/\/agora.xtec.cat\/ceipjoanmarquescasals\/general\/quins-drets-tinc\/","title":{"rendered":"Quins drets tinc?"},"content":{"rendered":"<p lang=\"ca-ES\" align=\"justify\"><a href=\"https:\/\/agora.xtec.cat\/ceipjoanmarquescasals\/wp-content\/uploads\/usu1790\/2022\/11\/WhatsApp-Image-2022-11-16-at-12.46.54-1.jpeg\"><img loading=\"lazy\" decoding=\"async\" class=\"size-large wp-image-5576 aligncenter\" src=\"https:\/\/agora.xtec.cat\/ceipjoanmarquescasals\/wp-content\/uploads\/usu1790\/2022\/11\/WhatsApp-Image-2022-11-16-at-12.46.54-1-1024x461.jpeg\" alt=\"\" width=\"1024\" height=\"461\" srcset=\"https:\/\/agora.xtec.cat\/ceipjoanmarquescasals\/wp-content\/uploads\/usu1790\/2022\/11\/WhatsApp-Image-2022-11-16-at-12.46.54-1-1024x461.jpeg 1024w, https:\/\/agora.xtec.cat\/ceipjoanmarquescasals\/wp-content\/uploads\/usu1790\/2022\/11\/WhatsApp-Image-2022-11-16-at-12.46.54-1-300x135.jpeg 300w, https:\/\/agora.xtec.cat\/ceipjoanmarquescasals\/wp-content\/uploads\/usu1790\/2022\/11\/WhatsApp-Image-2022-11-16-at-12.46.54-1-768x346.jpeg 768w, https:\/\/agora.xtec.cat\/ceipjoanmarquescasals\/wp-content\/uploads\/usu1790\/2022\/11\/WhatsApp-Image-2022-11-16-at-12.46.54-1-1536x691.jpeg 1536w, https:\/\/agora.xtec.cat\/ceipjoanmarquescasals\/wp-content\/uploads\/usu1790\/2022\/11\/WhatsApp-Image-2022-11-16-at-12.46.54-1.jpeg 2000w\" sizes=\"auto, (max-width: 1024px) 100vw, 1024px\" \/><\/a>El passat 16 de Novembre, l&#8217;alumnat de 5\u00e9 i 6\u00e9 va gaudir de l&#8217;espectacle <strong>Quins drets tinc<\/strong>? al Teatre Principal de Terrassa, per celebrar el\u00a0<strong>Dia Universal dels Drets de la Inf\u00e0ncia.<\/strong><\/p>\n<p lang=\"ca-ES\" align=\"justify\"><span style=\"font-family: Arial, sans-serif;\">L&#8217;espectacle ha estat creat per l\u2019alumnat de Batxillerat Esc\u00e8nic de l\u2019Institut Torre del Palau. A partir del seu propi proc\u00e9s de reflexi\u00f3 sobre els drets, han creat un espectacle ple de dansa, m\u00fasica en directe &#8230; per parlar del dret a la pau, a l&#8217;educaci\u00f3, a la identitat, a jugar, a la llibertat d&#8217;expressi\u00f3 i a la igualtat, entre d&#8217;altres.<\/span><\/p>\n<p lang=\"ca-ES\" align=\"justify\"><a href=\"https:\/\/agora.xtec.cat\/ceipjoanmarquescasals\/wp-content\/uploads\/usu1790\/2022\/11\/WhatsApp-Image-2022-11-16-at-12.46.54.jpeg\"><img loading=\"lazy\" decoding=\"async\" class=\"alignnone size-large wp-image-5577\" src=\"https:\/\/agora.xtec.cat\/ceipjoanmarquescasals\/wp-content\/uploads\/usu1790\/2022\/11\/WhatsApp-Image-2022-11-16-at-12.46.54-1024x461.jpeg\" alt=\"\" width=\"1024\" height=\"461\" srcset=\"https:\/\/agora.xtec.cat\/ceipjoanmarquescasals\/wp-content\/uploads\/usu1790\/2022\/11\/WhatsApp-Image-2022-11-16-at-12.46.54-1024x461.jpeg 1024w, https:\/\/agora.xtec.cat\/ceipjoanmarquescasals\/wp-content\/uploads\/usu1790\/2022\/11\/WhatsApp-Image-2022-11-16-at-12.46.54-300x135.jpeg 300w, https:\/\/agora.xtec.cat\/ceipjoanmarquescasals\/wp-content\/uploads\/usu1790\/2022\/11\/WhatsApp-Image-2022-11-16-at-12.46.54-768x346.jpeg 768w, https:\/\/agora.xtec.cat\/ceipjoanmarquescasals\/wp-content\/uploads\/usu1790\/2022\/11\/WhatsApp-Image-2022-11-16-at-12.46.54-1536x691.jpeg 1536w, https:\/\/agora.xtec.cat\/ceipjoanmarquescasals\/wp-content\/uploads\/usu1790\/2022\/11\/WhatsApp-Image-2022-11-16-at-12.46.54.jpeg 2000w\" sizes=\"auto, (max-width: 1024px) 100vw, 1024px\" \/><\/a><\/p>\n<p lang=\"ca-ES\" align=\"justify\">\n","protected":false},"excerpt":{"rendered":"<p><a href=\"https:\/\/agora.xtec.cat\/ceipjoanmarquescasals\/wp-content\/uploads\/usu1790\/2022\/11\/WhatsApp-Image-2022-11-16-at-12.46.54-1.jpeg\"><\/a>El passat 16 de Novembre, l&#8217;alumnat de 5\u00e9 i 6\u00e9 va gaudir de l&#8217;espectacle Quins drets tinc? al Teatre Principal de Terrassa, per celebrar el\u00a0Dia Universal dels Drets de la Inf\u00e0ncia.<br \/>\nL&#8217;espectacle ha estat creat per l\u2019alumnat de Batxillerat Esc\u00e8nic de l\u2019Institut Torre del Palau.&hellip;  <a href=\"https:\/\/agora.xtec.cat\/ceipjoanmarquescasals\/general\/quins-drets-tinc\/\" title=\"Read Quins drets tinc?\">Llegeix m\u00e9s\u00bb<\/a><\/p>\n","protected":false},"author":70,"featured_media":5576,"comment_status":"open","ping_status":"closed","sticky":false,"template":"","format":"standard","meta":{"_bbp_topic_count":0,"_bbp_reply_count":0,"_bbp_total_topic_count":0,"_bbp_total_reply_count":0,"_bbp_voice_count":0,"_bbp_anonymous_reply_count":0,"_bbp_topic_count_hidden":0,"_bbp_reply_count_hidden":0,"_bbp_forum_subforum_count":0,"footnotes":""},"categories":[1],"tags":[],"class_list":["post-5573","post","type-post","status-publish","format-standard","has-post-thumbnail","hentry","category-general"],"post_mailing_queue_ids":[],"_links":{"self":[{"href":"https:\/\/agora.xtec.cat\/ceipjoanmarquescasals\/wp-json\/wp\/v2\/posts\/5573","targetHints":{"allow":["GET"]}}],"collection":[{"href":"https:\/\/agora.xtec.cat\/ceipjoanmarquescasals\/wp-json\/wp\/v2\/posts"}],"about":[{"href":"https:\/\/agora.xtec.cat\/ceipjoanmarquescasals\/wp-json\/wp\/v2\/types\/post"}],"author":[{"embeddable":true,"href":"https:\/\/agora.xtec.cat\/ceipjoanmarquescasals\/wp-json\/wp\/v2\/users\/70"}],"replies":[{"embeddable":true,"href":"https:\/\/agora.xtec.cat\/ceipjoanmarquescasals\/wp-json\/wp\/v2\/comments?post=5573"}],"version-history":[{"count":2,"href":"https:\/\/agora.xtec.cat\/ceipjoanmarquescasals\/wp-json\/wp\/v2\/posts\/5573\/revisions"}],"predecessor-version":[{"id":5578,"href":"https:\/\/agora.xtec.cat\/ceipjoanmarquescasals\/wp-json\/wp\/v2\/posts\/5573\/revisions\/5578"}],"wp:featuredmedia":[{"embeddable":true,"href":"https:\/\/agora.xtec.cat\/ceipjoanmarquescasals\/wp-json\/wp\/v2\/media\/5576"}],"wp:attachment":[{"href":"https:\/\/agora.xtec.cat\/ceipjoanmarquescasals\/wp-json\/wp\/v2\/media?parent=5573"}],"wp:term":[{"taxonomy":"category","embeddable":true,"href":"https:\/\/agora.xtec.cat\/ceipjoanmarquescasals\/wp-json\/wp\/v2\/categories?post=5573"},{"taxonomy":"post_tag","embeddable":true,"href":"https:\/\/agora.xtec.cat\/ceipjoanmarquescasals\/wp-json\/wp\/v2\/tags?post=5573"}],"curies":[{"name":"wp","href":"https:\/\/api.w.org\/{rel}","templated":true}]}}