{"id":5563,"date":"2022-11-15T13:07:42","date_gmt":"2022-11-15T12:07:42","guid":{"rendered":"https:\/\/agora.xtec.cat\/ceipjoanmarquescasals\/?p=5563"},"modified":"2022-11-15T13:07:42","modified_gmt":"2022-11-15T12:07:42","slug":"estacio-espacial-mir","status":"publish","type":"post","link":"https:\/\/agora.xtec.cat\/ceipjoanmarquescasals\/general\/estacio-espacial-mir\/","title":{"rendered":"Estaci\u00f3 espacial MIR"},"content":{"rendered":"<p>Els infants de 6\u00e9 han visitat, al MNATEC, l&#8217;exposici\u00f3 dedicada a l&#8217;estaci\u00f3 espacial MIR.<\/p>\n<p><span class=\"Y2IQFc\" lang=\"ca\">Com es viu a l&#8217;espai? Per qu\u00e8 serveix una estaci\u00f3 espacial? Com dormen els astronautes? <\/span><\/p>\n<p><span class=\"Y2IQFc\" lang=\"ca\">La visita a l&#8217;estaci\u00f3 espacial Mir ens ha perm\u00e9s descobrir com es viu i quines activitats es fan dins una estaci\u00f3 espacial, mitjan\u00e7ant una maqueta a mida real de l&#8217;antiga estaci\u00f3 espacial orbital Mir.<\/span><\/p>\n<p><a href=\"https:\/\/agora.xtec.cat\/ceipjoanmarquescasals\/wp-content\/uploads\/usu1790\/2022\/11\/WhatsApp-Image-2022-11-15-at-12.57.57-1.jpeg\"><img loading=\"lazy\" decoding=\"async\" class=\"alignnone size-large wp-image-5564\" src=\"https:\/\/agora.xtec.cat\/ceipjoanmarquescasals\/wp-content\/uploads\/usu1790\/2022\/11\/WhatsApp-Image-2022-11-15-at-12.57.57-1-461x1024.jpeg\" alt=\"\" width=\"461\" height=\"1024\" srcset=\"https:\/\/agora.xtec.cat\/ceipjoanmarquescasals\/wp-content\/uploads\/usu1790\/2022\/11\/WhatsApp-Image-2022-11-15-at-12.57.57-1-461x1024.jpeg 461w, https:\/\/agora.xtec.cat\/ceipjoanmarquescasals\/wp-content\/uploads\/usu1790\/2022\/11\/WhatsApp-Image-2022-11-15-at-12.57.57-1-135x300.jpeg 135w, https:\/\/agora.xtec.cat\/ceipjoanmarquescasals\/wp-content\/uploads\/usu1790\/2022\/11\/WhatsApp-Image-2022-11-15-at-12.57.57-1-768x1707.jpeg 768w, https:\/\/agora.xtec.cat\/ceipjoanmarquescasals\/wp-content\/uploads\/usu1790\/2022\/11\/WhatsApp-Image-2022-11-15-at-12.57.57-1-691x1536.jpeg 691w, https:\/\/agora.xtec.cat\/ceipjoanmarquescasals\/wp-content\/uploads\/usu1790\/2022\/11\/WhatsApp-Image-2022-11-15-at-12.57.57-1.jpeg 900w\" sizes=\"auto, (max-width: 461px) 100vw, 461px\" \/><\/a> <a href=\"https:\/\/agora.xtec.cat\/ceipjoanmarquescasals\/wp-content\/uploads\/usu1790\/2022\/11\/WhatsApp-Image-2022-11-15-at-12.57.57-2.jpeg\"><img loading=\"lazy\" decoding=\"async\" class=\"alignnone size-large wp-image-5565\" src=\"https:\/\/agora.xtec.cat\/ceipjoanmarquescasals\/wp-content\/uploads\/usu1790\/2022\/11\/WhatsApp-Image-2022-11-15-at-12.57.57-2-461x1024.jpeg\" alt=\"\" width=\"461\" height=\"1024\" srcset=\"https:\/\/agora.xtec.cat\/ceipjoanmarquescasals\/wp-content\/uploads\/usu1790\/2022\/11\/WhatsApp-Image-2022-11-15-at-12.57.57-2-461x1024.jpeg 461w, https:\/\/agora.xtec.cat\/ceipjoanmarquescasals\/wp-content\/uploads\/usu1790\/2022\/11\/WhatsApp-Image-2022-11-15-at-12.57.57-2-135x300.jpeg 135w, https:\/\/agora.xtec.cat\/ceipjoanmarquescasals\/wp-content\/uploads\/usu1790\/2022\/11\/WhatsApp-Image-2022-11-15-at-12.57.57-2-768x1707.jpeg 768w, https:\/\/agora.xtec.cat\/ceipjoanmarquescasals\/wp-content\/uploads\/usu1790\/2022\/11\/WhatsApp-Image-2022-11-15-at-12.57.57-2-691x1536.jpeg 691w, https:\/\/agora.xtec.cat\/ceipjoanmarquescasals\/wp-content\/uploads\/usu1790\/2022\/11\/WhatsApp-Image-2022-11-15-at-12.57.57-2.jpeg 900w\" sizes=\"auto, (max-width: 461px) 100vw, 461px\" \/><\/a> <a href=\"https:\/\/agora.xtec.cat\/ceipjoanmarquescasals\/wp-content\/uploads\/usu1790\/2022\/11\/WhatsApp-Image-2022-11-15-at-12.57.57.jpeg\"><img loading=\"lazy\" decoding=\"async\" class=\"alignnone size-large wp-image-5566\" src=\"https:\/\/agora.xtec.cat\/ceipjoanmarquescasals\/wp-content\/uploads\/usu1790\/2022\/11\/WhatsApp-Image-2022-11-15-at-12.57.57-461x1024.jpeg\" alt=\"\" width=\"461\" height=\"1024\" srcset=\"https:\/\/agora.xtec.cat\/ceipjoanmarquescasals\/wp-content\/uploads\/usu1790\/2022\/11\/WhatsApp-Image-2022-11-15-at-12.57.57-461x1024.jpeg 461w, https:\/\/agora.xtec.cat\/ceipjoanmarquescasals\/wp-content\/uploads\/usu1790\/2022\/11\/WhatsApp-Image-2022-11-15-at-12.57.57-135x300.jpeg 135w, https:\/\/agora.xtec.cat\/ceipjoanmarquescasals\/wp-content\/uploads\/usu1790\/2022\/11\/WhatsApp-Image-2022-11-15-at-12.57.57-768x1707.jpeg 768w, https:\/\/agora.xtec.cat\/ceipjoanmarquescasals\/wp-content\/uploads\/usu1790\/2022\/11\/WhatsApp-Image-2022-11-15-at-12.57.57-691x1536.jpeg 691w, https:\/\/agora.xtec.cat\/ceipjoanmarquescasals\/wp-content\/uploads\/usu1790\/2022\/11\/WhatsApp-Image-2022-11-15-at-12.57.57.jpeg 900w\" sizes=\"auto, (max-width: 461px) 100vw, 461px\" \/><\/a><\/p>\n","protected":false},"excerpt":{"rendered":"<p>Els infants de 6\u00e9 han visitat, al MNATEC, l&#8217;exposici\u00f3 dedicada a l&#8217;estaci\u00f3 espacial MIR.<br \/>\nCom es viu a l&#8217;espai? Per qu\u00e8 serveix una estaci\u00f3 espacial? Com dormen els astronautes?<br \/>\nLa visita a l&#8217;estaci\u00f3 espacial Mir ens ha perm\u00e9s descobrir com es viu i quines activitats es&hellip;  <a href=\"https:\/\/agora.xtec.cat\/ceipjoanmarquescasals\/general\/estacio-espacial-mir\/\" title=\"Read Estaci\u00f3 espacial MIR\">Llegeix m\u00e9s\u00bb<\/a><\/p>\n","protected":false},"author":70,"featured_media":5564,"comment_status":"open","ping_status":"closed","sticky":false,"template":"","format":"standard","meta":{"_bbp_topic_count":0,"_bbp_reply_count":0,"_bbp_total_topic_count":0,"_bbp_total_reply_count":0,"_bbp_voice_count":0,"_bbp_anonymous_reply_count":0,"_bbp_topic_count_hidden":0,"_bbp_reply_count_hidden":0,"_bbp_forum_subforum_count":0,"footnotes":""},"categories":[69,1,4,159],"tags":[209,261,16],"class_list":["post-5563","post","type-post","status-publish","format-standard","has-post-thumbnail","hentry","category-cicle-mitja","category-general","category-portada","category-sortides","tag-comunitat-de-grans","tag-espai","tag-sortides"],"post_mailing_queue_ids":[],"_links":{"self":[{"href":"https:\/\/agora.xtec.cat\/ceipjoanmarquescasals\/wp-json\/wp\/v2\/posts\/5563","targetHints":{"allow":["GET"]}}],"collection":[{"href":"https:\/\/agora.xtec.cat\/ceipjoanmarquescasals\/wp-json\/wp\/v2\/posts"}],"about":[{"href":"https:\/\/agora.xtec.cat\/ceipjoanmarquescasals\/wp-json\/wp\/v2\/types\/post"}],"author":[{"embeddable":true,"href":"https:\/\/agora.xtec.cat\/ceipjoanmarquescasals\/wp-json\/wp\/v2\/users\/70"}],"replies":[{"embeddable":true,"href":"https:\/\/agora.xtec.cat\/ceipjoanmarquescasals\/wp-json\/wp\/v2\/comments?post=5563"}],"version-history":[{"count":1,"href":"https:\/\/agora.xtec.cat\/ceipjoanmarquescasals\/wp-json\/wp\/v2\/posts\/5563\/revisions"}],"predecessor-version":[{"id":5567,"href":"https:\/\/agora.xtec.cat\/ceipjoanmarquescasals\/wp-json\/wp\/v2\/posts\/5563\/revisions\/5567"}],"wp:featuredmedia":[{"embeddable":true,"href":"https:\/\/agora.xtec.cat\/ceipjoanmarquescasals\/wp-json\/wp\/v2\/media\/5564"}],"wp:attachment":[{"href":"https:\/\/agora.xtec.cat\/ceipjoanmarquescasals\/wp-json\/wp\/v2\/media?parent=5563"}],"wp:term":[{"taxonomy":"category","embeddable":true,"href":"https:\/\/agora.xtec.cat\/ceipjoanmarquescasals\/wp-json\/wp\/v2\/categories?post=5563"},{"taxonomy":"post_tag","embeddable":true,"href":"https:\/\/agora.xtec.cat\/ceipjoanmarquescasals\/wp-json\/wp\/v2\/tags?post=5563"}],"curies":[{"name":"wp","href":"https:\/\/api.w.org\/{rel}","templated":true}]}}