{"id":5506,"date":"2022-10-22T00:59:46","date_gmt":"2022-10-21T22:59:46","guid":{"rendered":"https:\/\/agora.xtec.cat\/ceipjoanmarquescasals\/?p=5506"},"modified":"2022-10-22T01:01:44","modified_gmt":"2022-10-21T23:01:44","slug":"visita-de-la-ongd-asperpol-als-alumnes-de-sise","status":"publish","type":"post","link":"https:\/\/agora.xtec.cat\/ceipjoanmarquescasals\/general\/visita-de-la-ongd-asperpol-als-alumnes-de-sise\/","title":{"rendered":"Visita de la ONGd ASPERPOL als alumnes de sis\u00e8"},"content":{"rendered":"<p>Avui ha vingut a l&#8217; escola l&#8217; ONGd ASPERPOL per explicar-nos els projectes que realitzen en l&#8217; \u00e0mbit local i internacional amb G\u00e0mbia. Tots els alumnes de sis\u00e8 han pogut valorar i comprendre un altre realitat.A m\u00e9s a m\u00e9s ens han proposat fer un intercanvi de cartes amb nens i nenes de G\u00e0mbia.Estem supercontents! Gr\u00e0cies per la vostra gran feina!<\/p>\n<p><a href=\"https:\/\/agora.xtec.cat\/ceipjoanmarquescasals\/wp-content\/uploads\/usu1790\/2022\/10\/IMG_20221021_1537142-scaled.jpg\"><img loading=\"lazy\" decoding=\"async\" class=\"aligncenter size-medium wp-image-5508\" src=\"https:\/\/agora.xtec.cat\/ceipjoanmarquescasals\/wp-content\/uploads\/usu1790\/2022\/10\/IMG_20221021_1537142-248x300.jpg\" alt=\"\" width=\"248\" height=\"300\" srcset=\"https:\/\/agora.xtec.cat\/ceipjoanmarquescasals\/wp-content\/uploads\/usu1790\/2022\/10\/IMG_20221021_1537142-248x300.jpg 248w, https:\/\/agora.xtec.cat\/ceipjoanmarquescasals\/wp-content\/uploads\/usu1790\/2022\/10\/IMG_20221021_1537142-846x1024.jpg 846w, https:\/\/agora.xtec.cat\/ceipjoanmarquescasals\/wp-content\/uploads\/usu1790\/2022\/10\/IMG_20221021_1537142-768x930.jpg 768w, https:\/\/agora.xtec.cat\/ceipjoanmarquescasals\/wp-content\/uploads\/usu1790\/2022\/10\/IMG_20221021_1537142-1269x1536.jpg 1269w, https:\/\/agora.xtec.cat\/ceipjoanmarquescasals\/wp-content\/uploads\/usu1790\/2022\/10\/IMG_20221021_1537142-1692x2048.jpg 1692w\" sizes=\"auto, (max-width: 248px) 100vw, 248px\" \/><\/a> <a href=\"https:\/\/agora.xtec.cat\/ceipjoanmarquescasals\/wp-content\/uploads\/usu1790\/2022\/10\/IMG_20221021_1536512-scaled.jpg\"><img loading=\"lazy\" decoding=\"async\" class=\"aligncenter size-medium wp-image-5509\" src=\"https:\/\/agora.xtec.cat\/ceipjoanmarquescasals\/wp-content\/uploads\/usu1790\/2022\/10\/IMG_20221021_1536512-300x187.jpg\" alt=\"\" width=\"300\" height=\"187\" srcset=\"https:\/\/agora.xtec.cat\/ceipjoanmarquescasals\/wp-content\/uploads\/usu1790\/2022\/10\/IMG_20221021_1536512-300x187.jpg 300w, https:\/\/agora.xtec.cat\/ceipjoanmarquescasals\/wp-content\/uploads\/usu1790\/2022\/10\/IMG_20221021_1536512-1024x640.jpg 1024w, https:\/\/agora.xtec.cat\/ceipjoanmarquescasals\/wp-content\/uploads\/usu1790\/2022\/10\/IMG_20221021_1536512-768x480.jpg 768w, https:\/\/agora.xtec.cat\/ceipjoanmarquescasals\/wp-content\/uploads\/usu1790\/2022\/10\/IMG_20221021_1536512-1536x959.jpg 1536w, https:\/\/agora.xtec.cat\/ceipjoanmarquescasals\/wp-content\/uploads\/usu1790\/2022\/10\/IMG_20221021_1536512-2048x1279.jpg 2048w\" sizes=\"auto, (max-width: 300px) 100vw, 300px\" \/><\/a> <a href=\"https:\/\/agora.xtec.cat\/ceipjoanmarquescasals\/wp-content\/uploads\/usu1790\/2022\/10\/IMG_20221021_1536322-scaled.jpg\"><img loading=\"lazy\" decoding=\"async\" class=\"aligncenter size-medium wp-image-5510\" src=\"https:\/\/agora.xtec.cat\/ceipjoanmarquescasals\/wp-content\/uploads\/usu1790\/2022\/10\/IMG_20221021_1536322-262x300.jpg\" alt=\"\" width=\"262\" height=\"300\" srcset=\"https:\/\/agora.xtec.cat\/ceipjoanmarquescasals\/wp-content\/uploads\/usu1790\/2022\/10\/IMG_20221021_1536322-262x300.jpg 262w, https:\/\/agora.xtec.cat\/ceipjoanmarquescasals\/wp-content\/uploads\/usu1790\/2022\/10\/IMG_20221021_1536322-895x1024.jpg 895w, https:\/\/agora.xtec.cat\/ceipjoanmarquescasals\/wp-content\/uploads\/usu1790\/2022\/10\/IMG_20221021_1536322-768x879.jpg 768w, https:\/\/agora.xtec.cat\/ceipjoanmarquescasals\/wp-content\/uploads\/usu1790\/2022\/10\/IMG_20221021_1536322-1342x1536.jpg 1342w, https:\/\/agora.xtec.cat\/ceipjoanmarquescasals\/wp-content\/uploads\/usu1790\/2022\/10\/IMG_20221021_1536322-1789x2048.jpg 1789w\" sizes=\"auto, (max-width: 262px) 100vw, 262px\" \/><\/a> <a href=\"https:\/\/agora.xtec.cat\/ceipjoanmarquescasals\/wp-content\/uploads\/usu1790\/2022\/10\/IMG_20221021_1522542-scaled.jpg\"><img loading=\"lazy\" decoding=\"async\" class=\"aligncenter size-medium wp-image-5511\" src=\"https:\/\/agora.xtec.cat\/ceipjoanmarquescasals\/wp-content\/uploads\/usu1790\/2022\/10\/IMG_20221021_1522542-277x300.jpg\" alt=\"\" width=\"277\" height=\"300\" srcset=\"https:\/\/agora.xtec.cat\/ceipjoanmarquescasals\/wp-content\/uploads\/usu1790\/2022\/10\/IMG_20221021_1522542-277x300.jpg 277w, https:\/\/agora.xtec.cat\/ceipjoanmarquescasals\/wp-content\/uploads\/usu1790\/2022\/10\/IMG_20221021_1522542-947x1024.jpg 947w, https:\/\/agora.xtec.cat\/ceipjoanmarquescasals\/wp-content\/uploads\/usu1790\/2022\/10\/IMG_20221021_1522542-768x830.jpg 768w, https:\/\/agora.xtec.cat\/ceipjoanmarquescasals\/wp-content\/uploads\/usu1790\/2022\/10\/IMG_20221021_1522542-1420x1536.jpg 1420w, https:\/\/agora.xtec.cat\/ceipjoanmarquescasals\/wp-content\/uploads\/usu1790\/2022\/10\/IMG_20221021_1522542-1894x2048.jpg 1894w\" sizes=\"auto, (max-width: 277px) 100vw, 277px\" \/><\/a> <a href=\"https:\/\/agora.xtec.cat\/ceipjoanmarquescasals\/wp-content\/uploads\/usu1790\/2022\/10\/IMG_20221021_1523092-scaled.jpg\"><img loading=\"lazy\" decoding=\"async\" class=\"aligncenter size-medium wp-image-5512\" src=\"https:\/\/agora.xtec.cat\/ceipjoanmarquescasals\/wp-content\/uploads\/usu1790\/2022\/10\/IMG_20221021_1523092-288x300.jpg\" alt=\"\" width=\"288\" height=\"300\" srcset=\"https:\/\/agora.xtec.cat\/ceipjoanmarquescasals\/wp-content\/uploads\/usu1790\/2022\/10\/IMG_20221021_1523092-288x300.jpg 288w, https:\/\/agora.xtec.cat\/ceipjoanmarquescasals\/wp-content\/uploads\/usu1790\/2022\/10\/IMG_20221021_1523092-982x1024.jpg 982w, https:\/\/agora.xtec.cat\/ceipjoanmarquescasals\/wp-content\/uploads\/usu1790\/2022\/10\/IMG_20221021_1523092-768x801.jpg 768w, https:\/\/agora.xtec.cat\/ceipjoanmarquescasals\/wp-content\/uploads\/usu1790\/2022\/10\/IMG_20221021_1523092-1473x1536.jpg 1473w, https:\/\/agora.xtec.cat\/ceipjoanmarquescasals\/wp-content\/uploads\/usu1790\/2022\/10\/IMG_20221021_1523092-1965x2048.jpg 1965w\" sizes=\"auto, (max-width: 288px) 100vw, 288px\" \/><\/a><\/p>\n<p>&nbsp;<\/p>\n","protected":false},"excerpt":{"rendered":"<p>Avui ha vingut a l&#8217; escola l&#8217; ONGd ASPERPOL per explicar-nos els projectes que realitzen en l&#8217; \u00e0mbit local i internacional amb G\u00e0mbia. Tots els alumnes de sis\u00e8 han pogut valorar i comprendre un altre realitat.A m\u00e9s a m\u00e9s ens han proposat fer un intercanvi&hellip;  <a href=\"https:\/\/agora.xtec.cat\/ceipjoanmarquescasals\/general\/visita-de-la-ongd-asperpol-als-alumnes-de-sise\/\" title=\"Read Visita de la ONGd ASPERPOL als alumnes de sis\u00e8\">Llegeix m\u00e9s\u00bb<\/a><\/p>\n","protected":false},"author":1,"featured_media":5507,"comment_status":"open","ping_status":"closed","sticky":false,"template":"","format":"standard","meta":{"_bbp_topic_count":0,"_bbp_reply_count":0,"_bbp_total_topic_count":0,"_bbp_total_reply_count":0,"_bbp_voice_count":0,"_bbp_anonymous_reply_count":0,"_bbp_topic_count_hidden":0,"_bbp_reply_count_hidden":0,"_bbp_forum_subforum_count":0,"footnotes":""},"categories":[69,1,4,5],"tags":[],"class_list":["post-5506","post","type-post","status-publish","format-standard","has-post-thumbnail","hentry","category-cicle-mitja","category-general","category-portada","category-primaria"],"post_mailing_queue_ids":[],"_links":{"self":[{"href":"https:\/\/agora.xtec.cat\/ceipjoanmarquescasals\/wp-json\/wp\/v2\/posts\/5506","targetHints":{"allow":["GET"]}}],"collection":[{"href":"https:\/\/agora.xtec.cat\/ceipjoanmarquescasals\/wp-json\/wp\/v2\/posts"}],"about":[{"href":"https:\/\/agora.xtec.cat\/ceipjoanmarquescasals\/wp-json\/wp\/v2\/types\/post"}],"author":[{"embeddable":true,"href":"https:\/\/agora.xtec.cat\/ceipjoanmarquescasals\/wp-json\/wp\/v2\/users\/1"}],"replies":[{"embeddable":true,"href":"https:\/\/agora.xtec.cat\/ceipjoanmarquescasals\/wp-json\/wp\/v2\/comments?post=5506"}],"version-history":[{"count":1,"href":"https:\/\/agora.xtec.cat\/ceipjoanmarquescasals\/wp-json\/wp\/v2\/posts\/5506\/revisions"}],"predecessor-version":[{"id":5513,"href":"https:\/\/agora.xtec.cat\/ceipjoanmarquescasals\/wp-json\/wp\/v2\/posts\/5506\/revisions\/5513"}],"wp:featuredmedia":[{"embeddable":true,"href":"https:\/\/agora.xtec.cat\/ceipjoanmarquescasals\/wp-json\/wp\/v2\/media\/5507"}],"wp:attachment":[{"href":"https:\/\/agora.xtec.cat\/ceipjoanmarquescasals\/wp-json\/wp\/v2\/media?parent=5506"}],"wp:term":[{"taxonomy":"category","embeddable":true,"href":"https:\/\/agora.xtec.cat\/ceipjoanmarquescasals\/wp-json\/wp\/v2\/categories?post=5506"},{"taxonomy":"post_tag","embeddable":true,"href":"https:\/\/agora.xtec.cat\/ceipjoanmarquescasals\/wp-json\/wp\/v2\/tags?post=5506"}],"curies":[{"name":"wp","href":"https:\/\/api.w.org\/{rel}","templated":true}]}}