{"id":5305,"date":"2022-04-08T19:17:37","date_gmt":"2022-04-08T17:17:37","guid":{"rendered":"https:\/\/agora.xtec.cat\/ceipjoanmarquescasals\/?p=5305"},"modified":"2022-04-08T19:17:37","modified_gmt":"2022-04-08T17:17:37","slug":"els-nens-i-les-nenes-de-la-comunitat-de-petits-hem-anat-al-lab-0-6","status":"publish","type":"post","link":"https:\/\/agora.xtec.cat\/ceipjoanmarquescasals\/general\/els-nens-i-les-nenes-de-la-comunitat-de-petits-hem-anat-al-lab-0-6\/","title":{"rendered":"ELS NENS I LES NENES DE LA COMUNITAT DE PETITS HEM ANAT AL LAB 0-6"},"content":{"rendered":"<p style=\"text-align: justify;\">La setmana passada la comunitat de petits vam anar d&#8217;excursi\u00f3 al LAB 0-6 de Manresa. Es tracta d&#8217;un laboratori cient\u00edfic adaptat a infants de 0 a 6 anys. All\u00e0 vam fer dues activitats, una relacionada amb l&#8217;experimentaci\u00f3, amb aliments i colors i l&#8217;altra amb la manipulaci\u00f3, observaci\u00f3 i experimentaci\u00f3 de diferents propostes cient\u00edfiques.\u00a0 Us deixem un enlla\u00e7 de cada grup-classe perqu\u00e8 podeu visualitzar-les amb els infants.<\/p>\n<p>P3A i\u00a0P3B-<a href=\"https:\/\/drive.google.com\/drive\/folders\/1cAdx0_qFKi4-IBw-6Ry54ZJTrlElEwKz?usp=sharing\">https:\/\/drive.google.com\/drive\/folders\/1cAdx0_qFKi4-IBw-6Ry54ZJTrlElEwKz?usp=sharing<\/a><\/p>\n<p>P4A-<a href=\"https:\/\/drive.google.com\/drive\/folders\/1sxp5dziaEOd8e6Mf4bKYAii3a2fBycms?usp=sharing\">https:\/\/drive.google.com\/drive\/folders\/1sxp5dziaEOd8e6Mf4bKYAii3a2fBycms?usp=sharing<\/a><\/p>\n<p>P4B-\u00a0<a href=\"https:\/\/drive.google.com\/drive\/folders\/1-gXvi0gxXjUvKv7q041TLqdJXSjRe6cK?usp=sharing\">https:\/\/drive.google.com\/drive\/folders\/1-gXvi0gxXjUvKv7q041TLqdJXSjRe6cK?usp=sharing<\/a><\/p>\n<p>P5A-<a href=\"https:\/\/drive.google.com\/drive\/folders\/10Vwija51TSeWB2syA2ne0HhM_DtakbmJ?usp=sharing\">https:\/\/drive.google.com\/drive\/folders\/10Vwija51TSeWB2syA2ne0HhM_DtakbmJ?usp=sharing<\/a><\/p>\n<p>P5B-<a href=\"https:\/\/drive.google.com\/drive\/folders\/1DlpmGVGk2mHy5hpftvOy5WT-2pYm_7RW?usp=sharing\">https:\/\/drive.google.com\/drive\/folders\/1DlpmGVGk2mHy5hpftvOy5WT-2pYm_7RW?usp=sharing<\/a><\/p>\n<p><a href=\"https:\/\/agora.xtec.cat\/ceipjoanmarquescasals\/wp-content\/uploads\/usu1790\/2022\/03\/IMG_9485-1-scaled.jpg\"><img loading=\"lazy\" decoding=\"async\" class=\"alignnone wp-image-5306 size-large\" src=\"https:\/\/agora.xtec.cat\/ceipjoanmarquescasals\/wp-content\/uploads\/usu1790\/2022\/03\/IMG_9485-1-scaled-e1648640943892-768x1024.jpg\" alt=\"\" width=\"768\" height=\"1024\" srcset=\"https:\/\/agora.xtec.cat\/ceipjoanmarquescasals\/wp-content\/uploads\/usu1790\/2022\/03\/IMG_9485-1-scaled-e1648640943892-768x1024.jpg 768w, https:\/\/agora.xtec.cat\/ceipjoanmarquescasals\/wp-content\/uploads\/usu1790\/2022\/03\/IMG_9485-1-scaled-e1648640943892-225x300.jpg 225w, https:\/\/agora.xtec.cat\/ceipjoanmarquescasals\/wp-content\/uploads\/usu1790\/2022\/03\/IMG_9485-1-scaled-e1648640943892-1152x1536.jpg 1152w, https:\/\/agora.xtec.cat\/ceipjoanmarquescasals\/wp-content\/uploads\/usu1790\/2022\/03\/IMG_9485-1-scaled-e1648640943892-1536x2048.jpg 1536w, https:\/\/agora.xtec.cat\/ceipjoanmarquescasals\/wp-content\/uploads\/usu1790\/2022\/03\/IMG_9485-1-scaled-e1648640943892.jpg 1920w\" sizes=\"auto, (max-width: 768px) 100vw, 768px\" \/><\/a><\/p>\n","protected":false},"excerpt":{"rendered":"<p>La setmana passada la comunitat de petits vam anar d&#8217;excursi\u00f3 al LAB 0-6 de Manresa. Es tracta d&#8217;un laboratori cient\u00edfic adaptat a infants de 0 a 6 anys. All\u00e0 vam fer dues activitats, una relacionada amb l&#8217;experimentaci\u00f3, amb aliments i colors i l&#8217;altra amb la&hellip;  <a href=\"https:\/\/agora.xtec.cat\/ceipjoanmarquescasals\/general\/els-nens-i-les-nenes-de-la-comunitat-de-petits-hem-anat-al-lab-0-6\/\" title=\"Read ELS NENS I LES NENES DE LA COMUNITAT DE PETITS HEM ANAT AL LAB 0-6\">Llegeix m\u00e9s\u00bb<\/a><\/p>\n","protected":false},"author":5,"featured_media":5306,"comment_status":"open","ping_status":"closed","sticky":false,"template":"","format":"standard","meta":{"_bbp_topic_count":0,"_bbp_reply_count":0,"_bbp_total_topic_count":0,"_bbp_total_reply_count":0,"_bbp_voice_count":0,"_bbp_anonymous_reply_count":0,"_bbp_topic_count_hidden":0,"_bbp_reply_count_hidden":0,"_bbp_forum_subforum_count":0,"footnotes":""},"categories":[2,1,4,159],"tags":[202,259,160,74,161,16],"class_list":["post-5305","post","type-post","status-publish","format-standard","has-post-thumbnail","hentry","category-infantil","category-general","category-portada","category-sortides","tag-comunitat-de-petits","tag-lab-0-6","tag-p3","tag-p4","tag-p5","tag-sortides"],"post_mailing_queue_ids":[],"_links":{"self":[{"href":"https:\/\/agora.xtec.cat\/ceipjoanmarquescasals\/wp-json\/wp\/v2\/posts\/5305","targetHints":{"allow":["GET"]}}],"collection":[{"href":"https:\/\/agora.xtec.cat\/ceipjoanmarquescasals\/wp-json\/wp\/v2\/posts"}],"about":[{"href":"https:\/\/agora.xtec.cat\/ceipjoanmarquescasals\/wp-json\/wp\/v2\/types\/post"}],"author":[{"embeddable":true,"href":"https:\/\/agora.xtec.cat\/ceipjoanmarquescasals\/wp-json\/wp\/v2\/users\/5"}],"replies":[{"embeddable":true,"href":"https:\/\/agora.xtec.cat\/ceipjoanmarquescasals\/wp-json\/wp\/v2\/comments?post=5305"}],"version-history":[{"count":3,"href":"https:\/\/agora.xtec.cat\/ceipjoanmarquescasals\/wp-json\/wp\/v2\/posts\/5305\/revisions"}],"predecessor-version":[{"id":5312,"href":"https:\/\/agora.xtec.cat\/ceipjoanmarquescasals\/wp-json\/wp\/v2\/posts\/5305\/revisions\/5312"}],"wp:featuredmedia":[{"embeddable":true,"href":"https:\/\/agora.xtec.cat\/ceipjoanmarquescasals\/wp-json\/wp\/v2\/media\/5306"}],"wp:attachment":[{"href":"https:\/\/agora.xtec.cat\/ceipjoanmarquescasals\/wp-json\/wp\/v2\/media?parent=5305"}],"wp:term":[{"taxonomy":"category","embeddable":true,"href":"https:\/\/agora.xtec.cat\/ceipjoanmarquescasals\/wp-json\/wp\/v2\/categories?post=5305"},{"taxonomy":"post_tag","embeddable":true,"href":"https:\/\/agora.xtec.cat\/ceipjoanmarquescasals\/wp-json\/wp\/v2\/tags?post=5305"}],"curies":[{"name":"wp","href":"https:\/\/api.w.org\/{rel}","templated":true}]}}