{"id":5260,"date":"2022-02-25T18:05:29","date_gmt":"2022-02-25T17:05:29","guid":{"rendered":"https:\/\/agora.xtec.cat\/ceipjoanmarquescasals\/?p=5260"},"modified":"2022-03-03T16:16:29","modified_gmt":"2022-03-03T15:16:29","slug":"desfilada-de-carnestoltes-i-premis-a-la-comunitat-de-grans","status":"publish","type":"post","link":"https:\/\/agora.xtec.cat\/ceipjoanmarquescasals\/portada\/desfilada-de-carnestoltes-i-premis-a-la-comunitat-de-grans\/","title":{"rendered":"Desfilada de Carnestoltes i premis a la comunitat de grans"},"content":{"rendered":"<p>Benvolgudes fam\u00edlies,<\/p>\n<p>Avui hem celebrat el carnaval a l&#8217; escola. Al mat\u00ed ens hem reunit per fer la desfilada de disfresses, tant de nens i nenes com de mestres. Ens ho hem passat d&#8217; all\u00f2 m\u00e9s b\u00e9! I despr\u00e9s hem ballat i gaudit de la festa tots junts.<\/p>\n<p>A la tarda, s&#8217; ha fet l&#8217; entrega de premis a la millor disfressa entre els alumnes de la comunitat de grans.<\/p>\n<p>Els petits i mitjans han fet moltes activitats a l&#8217; aula i al pati.<\/p>\n<p>Ha estat un carnaval diferent per\u00f2 sempre divertit, esbojarrat i ple d&#8217; il\u00b7lusi\u00f3 i festa!<\/p>\n<p>Us hem enviat per Dinantia una foto del vostre fill\/a amb la seva classe.<\/p>\n<p>Recordem que dilluns dia 28 \u00e9s festa a l&#8217; escola ja que \u00e9s dia de lliure disposici\u00f3.<\/p>\n<p>&nbsp;<\/p>\n<p>&nbsp;<\/p>\n<p>&nbsp;<\/p>\n","protected":false},"excerpt":{"rendered":"<p>Benvolgudes fam\u00edlies,<br \/>\nAvui hem celebrat el carnaval a l&#8217; escola. Al mat\u00ed ens hem reunit per fer la desfilada de disfresses, tant de nens i nenes com de mestres. Ens ho hem passat d&#8217; all\u00f2 m\u00e9s b\u00e9! I despr\u00e9s hem ballat i gaudit de la festa&hellip;  <a href=\"https:\/\/agora.xtec.cat\/ceipjoanmarquescasals\/portada\/desfilada-de-carnestoltes-i-premis-a-la-comunitat-de-grans\/\" title=\"Read Desfilada de Carnestoltes i premis a la comunitat de grans\">Llegeix m\u00e9s\u00bb<\/a><\/p>\n","protected":false},"author":1,"featured_media":5261,"comment_status":"open","ping_status":"closed","sticky":false,"template":"","format":"standard","meta":{"_bbp_topic_count":0,"_bbp_reply_count":0,"_bbp_total_topic_count":0,"_bbp_total_reply_count":0,"_bbp_voice_count":0,"_bbp_anonymous_reply_count":0,"_bbp_topic_count_hidden":0,"_bbp_reply_count_hidden":0,"_bbp_forum_subforum_count":0,"footnotes":""},"categories":[4],"tags":[],"class_list":["post-5260","post","type-post","status-publish","format-standard","has-post-thumbnail","hentry","category-portada"],"post_mailing_queue_ids":[],"_links":{"self":[{"href":"https:\/\/agora.xtec.cat\/ceipjoanmarquescasals\/wp-json\/wp\/v2\/posts\/5260","targetHints":{"allow":["GET"]}}],"collection":[{"href":"https:\/\/agora.xtec.cat\/ceipjoanmarquescasals\/wp-json\/wp\/v2\/posts"}],"about":[{"href":"https:\/\/agora.xtec.cat\/ceipjoanmarquescasals\/wp-json\/wp\/v2\/types\/post"}],"author":[{"embeddable":true,"href":"https:\/\/agora.xtec.cat\/ceipjoanmarquescasals\/wp-json\/wp\/v2\/users\/1"}],"replies":[{"embeddable":true,"href":"https:\/\/agora.xtec.cat\/ceipjoanmarquescasals\/wp-json\/wp\/v2\/comments?post=5260"}],"version-history":[{"count":1,"href":"https:\/\/agora.xtec.cat\/ceipjoanmarquescasals\/wp-json\/wp\/v2\/posts\/5260\/revisions"}],"predecessor-version":[{"id":5262,"href":"https:\/\/agora.xtec.cat\/ceipjoanmarquescasals\/wp-json\/wp\/v2\/posts\/5260\/revisions\/5262"}],"wp:featuredmedia":[{"embeddable":true,"href":"https:\/\/agora.xtec.cat\/ceipjoanmarquescasals\/wp-json\/wp\/v2\/media\/5261"}],"wp:attachment":[{"href":"https:\/\/agora.xtec.cat\/ceipjoanmarquescasals\/wp-json\/wp\/v2\/media?parent=5260"}],"wp:term":[{"taxonomy":"category","embeddable":true,"href":"https:\/\/agora.xtec.cat\/ceipjoanmarquescasals\/wp-json\/wp\/v2\/categories?post=5260"},{"taxonomy":"post_tag","embeddable":true,"href":"https:\/\/agora.xtec.cat\/ceipjoanmarquescasals\/wp-json\/wp\/v2\/tags?post=5260"}],"curies":[{"name":"wp","href":"https:\/\/api.w.org\/{rel}","templated":true}]}}