{"id":5253,"date":"2022-03-02T13:37:17","date_gmt":"2022-03-02T12:37:17","guid":{"rendered":"https:\/\/agora.xtec.cat\/ceipjoanmarquescasals\/?p=5253"},"modified":"2022-03-04T15:42:15","modified_gmt":"2022-03-04T14:42:15","slug":"ajuts-economics-d-activitats-d-estiu","status":"publish","type":"post","link":"https:\/\/agora.xtec.cat\/ceipjoanmarquescasals\/portada\/ajuts-economics-d-activitats-d-estiu\/","title":{"rendered":"Ajuts econ\u00f2mics d&#8217; activitats d&#8217; estiu"},"content":{"rendered":"<p>Han sortit les ajudes per si voleu apuntar als vostres fills\/es a algun casal d&#8217; estiu.<\/p>\n<p>L&#8217; escola no oferir\u00e0 aquest servei perqu\u00e8 estarem d&#8217; obres. Per\u00f2 podeu apuntar-los a qualsevol casal que ofereixi l&#8217; ajuntament en altres escoles o entitats del barri.<\/p>\n<p><b><u>TERMINI DE PRESENTACI\u00d3<\/u><\/b><b><\/b><\/p>\n<p>Per internet: del\u00a0<u>28 de febrer al 18 de mar\u00e7 de 2022<\/u>, ambd\u00f3s inclosos<\/p>\n<p>Tamb\u00e9 podreu sol\u00b7licitar cita pr\u00e8via als Punts d&#8217;Orientaci\u00f3 Social.<\/p>\n<p><a href=\"https:\/\/www.terrassa.cat\/punts-orientacio-social\" target=\"_blank\" rel=\"noopener\">https:\/\/www.terrassa.cat\/punts-orientacio-social<\/a><\/p>\n<p>Per m\u00e9s informaci\u00f3\u00a0Tel\u00e8fon: 937 315 982<\/p>\n<p>Tamb\u00e9 us hem enviat m\u00e9s informaci\u00f3 per Dinantia.<\/p>\n<p>Model que cal omplir per demanar l&#8217; ajuda, imprescindible omplir la part de color groc. Clica aquest arxiu:\u00a0 \u00a0 <a href=\"https:\/\/agora.xtec.cat\/ceipjoanmarquescasals\/wp-content\/uploads\/usu1790\/2022\/03\/Full-Autoritzacio-pagament-Pressupost-AFAS-AMPAS-1.doc\">Document per omplir<\/a><\/p>\n","protected":false},"excerpt":{"rendered":"<p>Han sortit les ajudes per si voleu apuntar als vostres fills\/es a algun casal d&#8217; estiu.<br \/>\nL&#8217; escola no oferir\u00e0 aquest servei perqu\u00e8 estarem d&#8217; obres. Per\u00f2 podeu apuntar-los a qualsevol casal que ofereixi l&#8217; ajuntament en altres escoles o entitats del barri.<br \/>\nTERMINI DE PRESENTACI\u00d3<br \/>\nPer internet:&hellip;  <a href=\"https:\/\/agora.xtec.cat\/ceipjoanmarquescasals\/portada\/ajuts-economics-d-activitats-d-estiu\/\" title=\"Read Ajuts econ\u00f2mics d&#8217; activitats d&#8217; estiu\">Llegeix m\u00e9s\u00bb<\/a><\/p>\n","protected":false},"author":1,"featured_media":0,"comment_status":"open","ping_status":"closed","sticky":false,"template":"","format":"standard","meta":{"_bbp_topic_count":0,"_bbp_reply_count":0,"_bbp_total_topic_count":0,"_bbp_total_reply_count":0,"_bbp_voice_count":0,"_bbp_anonymous_reply_count":0,"_bbp_topic_count_hidden":0,"_bbp_reply_count_hidden":0,"_bbp_forum_subforum_count":0,"footnotes":""},"categories":[7,92,4],"tags":[],"class_list":["post-5253","post","type-post","status-publish","format-standard","hentry","category-ampa","category-families","category-portada"],"post_mailing_queue_ids":[],"_links":{"self":[{"href":"https:\/\/agora.xtec.cat\/ceipjoanmarquescasals\/wp-json\/wp\/v2\/posts\/5253","targetHints":{"allow":["GET"]}}],"collection":[{"href":"https:\/\/agora.xtec.cat\/ceipjoanmarquescasals\/wp-json\/wp\/v2\/posts"}],"about":[{"href":"https:\/\/agora.xtec.cat\/ceipjoanmarquescasals\/wp-json\/wp\/v2\/types\/post"}],"author":[{"embeddable":true,"href":"https:\/\/agora.xtec.cat\/ceipjoanmarquescasals\/wp-json\/wp\/v2\/users\/1"}],"replies":[{"embeddable":true,"href":"https:\/\/agora.xtec.cat\/ceipjoanmarquescasals\/wp-json\/wp\/v2\/comments?post=5253"}],"version-history":[{"count":2,"href":"https:\/\/agora.xtec.cat\/ceipjoanmarquescasals\/wp-json\/wp\/v2\/posts\/5253\/revisions"}],"predecessor-version":[{"id":5275,"href":"https:\/\/agora.xtec.cat\/ceipjoanmarquescasals\/wp-json\/wp\/v2\/posts\/5253\/revisions\/5275"}],"wp:attachment":[{"href":"https:\/\/agora.xtec.cat\/ceipjoanmarquescasals\/wp-json\/wp\/v2\/media?parent=5253"}],"wp:term":[{"taxonomy":"category","embeddable":true,"href":"https:\/\/agora.xtec.cat\/ceipjoanmarquescasals\/wp-json\/wp\/v2\/categories?post=5253"},{"taxonomy":"post_tag","embeddable":true,"href":"https:\/\/agora.xtec.cat\/ceipjoanmarquescasals\/wp-json\/wp\/v2\/tags?post=5253"}],"curies":[{"name":"wp","href":"https:\/\/api.w.org\/{rel}","templated":true}]}}