{"id":5241,"date":"2022-02-18T16:05:00","date_gmt":"2022-02-18T15:05:00","guid":{"rendered":"https:\/\/agora.xtec.cat\/ceipjoanmarquescasals\/?p=5241"},"modified":"2022-02-18T16:05:00","modified_gmt":"2022-02-18T15:05:00","slug":"iogurt-fruita","status":"publish","type":"post","link":"https:\/\/agora.xtec.cat\/ceipjoanmarquescasals\/ampa\/iogurt-fruita\/","title":{"rendered":"IOGURT\/FRUITA"},"content":{"rendered":"<div class=\"gmail_default\">Bon dia,<\/div>\n<div class=\"gmail_default\">degut a les diferents opinions i pol\u00e8miques respecte al iogurt sense sucre que des del m\u00e9s de gener estem posant en el men\u00fa un cop al mes, a partir de mar\u00e7, volem oferir l&#8217;alternativa de fruita del temps per qui no vulgui iogurt sense sucre.<\/div>\n<div class=\"gmail_default\">D&#8217;aquesta manera, tots els infants menjaran postres i evitarem llen\u00e7ar la quantitat de iogurts que van a la brossa sencers.<\/div>\n<div class=\"gmail_default\">D&#8217;aquesta manera ho farem a totes les Escoles per igual.<\/div>\n<div class=\"gmail_default\"><\/div>\n<div class=\"gmail_default\">Salutacions<\/div>\n","protected":false},"excerpt":{"rendered":"<p>Bon dia,<br \/>\ndegut a les diferents opinions i pol\u00e8miques respecte al iogurt sense sucre que des del m\u00e9s de gener estem posant en el men\u00fa un cop al mes, a partir de mar\u00e7, volem oferir l&#8217;alternativa de fruita del temps per qui no vulgui iogurt sense&hellip;  <a href=\"https:\/\/agora.xtec.cat\/ceipjoanmarquescasals\/ampa\/iogurt-fruita\/\" title=\"Read IOGURT\/FRUITA\">Llegeix m\u00e9s\u00bb<\/a><\/p>\n","protected":false},"author":1,"featured_media":0,"comment_status":"open","ping_status":"closed","sticky":false,"template":"","format":"standard","meta":{"_bbp_topic_count":0,"_bbp_reply_count":0,"_bbp_total_topic_count":0,"_bbp_total_reply_count":0,"_bbp_voice_count":0,"_bbp_anonymous_reply_count":0,"_bbp_topic_count_hidden":0,"_bbp_reply_count_hidden":0,"_bbp_forum_subforum_count":0,"footnotes":""},"categories":[7,184],"tags":[],"class_list":["post-5241","post","type-post","status-publish","format-standard","hentry","category-ampa","category-menjador"],"post_mailing_queue_ids":[],"_links":{"self":[{"href":"https:\/\/agora.xtec.cat\/ceipjoanmarquescasals\/wp-json\/wp\/v2\/posts\/5241","targetHints":{"allow":["GET"]}}],"collection":[{"href":"https:\/\/agora.xtec.cat\/ceipjoanmarquescasals\/wp-json\/wp\/v2\/posts"}],"about":[{"href":"https:\/\/agora.xtec.cat\/ceipjoanmarquescasals\/wp-json\/wp\/v2\/types\/post"}],"author":[{"embeddable":true,"href":"https:\/\/agora.xtec.cat\/ceipjoanmarquescasals\/wp-json\/wp\/v2\/users\/1"}],"replies":[{"embeddable":true,"href":"https:\/\/agora.xtec.cat\/ceipjoanmarquescasals\/wp-json\/wp\/v2\/comments?post=5241"}],"version-history":[{"count":1,"href":"https:\/\/agora.xtec.cat\/ceipjoanmarquescasals\/wp-json\/wp\/v2\/posts\/5241\/revisions"}],"predecessor-version":[{"id":5242,"href":"https:\/\/agora.xtec.cat\/ceipjoanmarquescasals\/wp-json\/wp\/v2\/posts\/5241\/revisions\/5242"}],"wp:attachment":[{"href":"https:\/\/agora.xtec.cat\/ceipjoanmarquescasals\/wp-json\/wp\/v2\/media?parent=5241"}],"wp:term":[{"taxonomy":"category","embeddable":true,"href":"https:\/\/agora.xtec.cat\/ceipjoanmarquescasals\/wp-json\/wp\/v2\/categories?post=5241"},{"taxonomy":"post_tag","embeddable":true,"href":"https:\/\/agora.xtec.cat\/ceipjoanmarquescasals\/wp-json\/wp\/v2\/tags?post=5241"}],"curies":[{"name":"wp","href":"https:\/\/api.w.org\/{rel}","templated":true}]}}