{"id":5236,"date":"2022-02-18T15:32:21","date_gmt":"2022-02-18T14:32:21","guid":{"rendered":"https:\/\/agora.xtec.cat\/ceipjoanmarquescasals\/?p=5236"},"modified":"2022-02-18T15:58:38","modified_gmt":"2022-02-18T14:58:38","slug":"ja-ha-arribat-el-carnestoltes-a-l-escola","status":"publish","type":"post","link":"https:\/\/agora.xtec.cat\/ceipjoanmarquescasals\/general\/ja-ha-arribat-el-carnestoltes-a-l-escola\/","title":{"rendered":"JA HA ARRIBAT EL CARNESTOLTES A L&#8217; ESCOLA."},"content":{"rendered":"<p>Bona tarda,<\/p>\n<p>Ja ha arribat el carnestoltes a l&#8217; escola. I avui ens ha donat la primera ordre per dilluns<\/p>\n<p><em>&#8220;El dilluns no veur\u00e0s i unes ulleres grans portar\u00e0s&#8221; ( <\/em>podeu portar ulleres grans fetes amb cartr\u00f3 o altres materials, ulleres pintades a la cara, ulleres decorades.<em>..)<\/em><\/p>\n<p>Us hem enviat un Dinantia amb totes les informacions relacionades amb la festivitat del Carnestoltes. Aquest curs no farem rua per\u00f2 tenim organitzades una s\u00e8rie d&#8217; activitats que de ben segur agradaran molt als vostres fills i filles.<\/p>\n<p>Que comenci la DISBAUXA!!!!!<\/p>\n","protected":false},"excerpt":{"rendered":"<p>Bona tarda,<br \/>\nJa ha arribat el carnestoltes a l&#8217; escola. I avui ens ha donat la primera ordre per dilluns<br \/>\n&#8220;El dilluns no veur\u00e0s i unes ulleres grans portar\u00e0s&#8221; ( podeu portar ulleres grans fetes amb cartr\u00f3 o altres materials, ulleres pintades a la cara, ulleres decorades&#8230;)<br \/>\nUs&hellip;  <a href=\"https:\/\/agora.xtec.cat\/ceipjoanmarquescasals\/general\/ja-ha-arribat-el-carnestoltes-a-l-escola\/\" title=\"Read JA HA ARRIBAT EL CARNESTOLTES A L&#8217; ESCOLA.\">Llegeix m\u00e9s\u00bb<\/a><\/p>\n","protected":false},"author":1,"featured_media":5238,"comment_status":"open","ping_status":"closed","sticky":false,"template":"","format":"standard","meta":{"_bbp_topic_count":0,"_bbp_reply_count":0,"_bbp_total_topic_count":0,"_bbp_total_reply_count":0,"_bbp_voice_count":0,"_bbp_anonymous_reply_count":0,"_bbp_topic_count_hidden":0,"_bbp_reply_count_hidden":0,"_bbp_forum_subforum_count":0,"footnotes":""},"categories":[1,4],"tags":[],"class_list":["post-5236","post","type-post","status-publish","format-standard","has-post-thumbnail","hentry","category-general","category-portada"],"post_mailing_queue_ids":[],"_links":{"self":[{"href":"https:\/\/agora.xtec.cat\/ceipjoanmarquescasals\/wp-json\/wp\/v2\/posts\/5236","targetHints":{"allow":["GET"]}}],"collection":[{"href":"https:\/\/agora.xtec.cat\/ceipjoanmarquescasals\/wp-json\/wp\/v2\/posts"}],"about":[{"href":"https:\/\/agora.xtec.cat\/ceipjoanmarquescasals\/wp-json\/wp\/v2\/types\/post"}],"author":[{"embeddable":true,"href":"https:\/\/agora.xtec.cat\/ceipjoanmarquescasals\/wp-json\/wp\/v2\/users\/1"}],"replies":[{"embeddable":true,"href":"https:\/\/agora.xtec.cat\/ceipjoanmarquescasals\/wp-json\/wp\/v2\/comments?post=5236"}],"version-history":[{"count":3,"href":"https:\/\/agora.xtec.cat\/ceipjoanmarquescasals\/wp-json\/wp\/v2\/posts\/5236\/revisions"}],"predecessor-version":[{"id":5240,"href":"https:\/\/agora.xtec.cat\/ceipjoanmarquescasals\/wp-json\/wp\/v2\/posts\/5236\/revisions\/5240"}],"wp:featuredmedia":[{"embeddable":true,"href":"https:\/\/agora.xtec.cat\/ceipjoanmarquescasals\/wp-json\/wp\/v2\/media\/5238"}],"wp:attachment":[{"href":"https:\/\/agora.xtec.cat\/ceipjoanmarquescasals\/wp-json\/wp\/v2\/media?parent=5236"}],"wp:term":[{"taxonomy":"category","embeddable":true,"href":"https:\/\/agora.xtec.cat\/ceipjoanmarquescasals\/wp-json\/wp\/v2\/categories?post=5236"},{"taxonomy":"post_tag","embeddable":true,"href":"https:\/\/agora.xtec.cat\/ceipjoanmarquescasals\/wp-json\/wp\/v2\/tags?post=5236"}],"curies":[{"name":"wp","href":"https:\/\/api.w.org\/{rel}","templated":true}]}}