{"id":5086,"date":"2021-11-25T22:51:21","date_gmt":"2021-11-25T21:51:21","guid":{"rendered":"https:\/\/agora.xtec.cat\/ceipjoanmarquescasals\/?p=5086"},"modified":"2021-11-25T22:51:21","modified_gmt":"2021-11-25T21:51:21","slug":"ampliacio-del-reforc-educatiu-d-angles-als-alumnes-de-primer","status":"publish","type":"post","link":"https:\/\/agora.xtec.cat\/ceipjoanmarquescasals\/general\/ampliacio-del-reforc-educatiu-d-angles-als-alumnes-de-primer\/","title":{"rendered":"Ampliaci\u00f3 del refor\u00e7 educatiu d&#8217; angl\u00e8s als alumnes de Primer"},"content":{"rendered":"<p>Benvolgudes fam\u00edlies,<\/p>\n<p>Dintre del Projecte POEFA hem pogut ampliar els tallers de refor\u00e7 educatiu d&#8217; angl\u00e8s als alumnes de Primer.<\/p>\n<p>Els tallers es faran tamb\u00e9 per l&#8217; entitat NOVACADEMIA amb la metodologia LEGO.<\/p>\n<p>L&#8217; activitat es realitzar\u00e0 a l&#8217; aula, fora de l&#8217; horari lectiu i\u00a0 la durada ser\u00e0 d&#8217; un hora a la setmana .El m\u00e0xim d&#8217; alumnes per aula ser\u00e0 de 10.<\/p>\n<p>Aquest alumnes seran seleccionats pel tutor juntament amb els especialistes d&#8217; angl\u00e8s i la Direcci\u00f3 del centre.<\/p>\n<p><a href=\"https:\/\/agora.xtec.cat\/ceipjoanmarquescasals\/wp-content\/uploads\/usu1790\/2021\/11\/unioeuropea.jpg\"><img loading=\"lazy\" decoding=\"async\" class=\"aligncenter size-medium wp-image-5083\" src=\"https:\/\/agora.xtec.cat\/ceipjoanmarquescasals\/wp-content\/uploads\/usu1790\/2021\/11\/unioeuropea-300x70.jpg\" alt=\"\" width=\"300\" height=\"70\" srcset=\"https:\/\/agora.xtec.cat\/ceipjoanmarquescasals\/wp-content\/uploads\/usu1790\/2021\/11\/unioeuropea-300x70.jpg 300w, https:\/\/agora.xtec.cat\/ceipjoanmarquescasals\/wp-content\/uploads\/usu1790\/2021\/11\/unioeuropea.jpg 591w\" sizes=\"auto, (max-width: 300px) 100vw, 300px\" \/><\/a><a href=\"https:\/\/agora.xtec.cat\/ceipjoanmarquescasals\/wp-content\/uploads\/usu1790\/2021\/11\/logopoefa.png\"><img loading=\"lazy\" decoding=\"async\" class=\"aligncenter size-medium wp-image-5082\" src=\"https:\/\/agora.xtec.cat\/ceipjoanmarquescasals\/wp-content\/uploads\/usu1790\/2021\/11\/logopoefa-300x75.png\" alt=\"\" width=\"300\" height=\"75\" srcset=\"https:\/\/agora.xtec.cat\/ceipjoanmarquescasals\/wp-content\/uploads\/usu1790\/2021\/11\/logopoefa-300x75.png 300w, https:\/\/agora.xtec.cat\/ceipjoanmarquescasals\/wp-content\/uploads\/usu1790\/2021\/11\/logopoefa.png 550w\" sizes=\"auto, (max-width: 300px) 100vw, 300px\" \/><\/a><\/p>\n<p>&nbsp;<\/p>\n<p>&nbsp;<\/p>\n","protected":false},"excerpt":{"rendered":"<p>Benvolgudes fam\u00edlies,<br \/>\nDintre del Projecte POEFA hem pogut ampliar els tallers de refor\u00e7 educatiu d&#8217; angl\u00e8s als alumnes de Primer.<br \/>\nEls tallers es faran tamb\u00e9 per l&#8217; entitat NOVACADEMIA amb la metodologia LEGO.<br \/>\nL&#8217; activitat es realitzar\u00e0 a l&#8217; aula, fora de l&#8217; horari lectiu i\u00a0 la durada&hellip;  <a href=\"https:\/\/agora.xtec.cat\/ceipjoanmarquescasals\/general\/ampliacio-del-reforc-educatiu-d-angles-als-alumnes-de-primer\/\" title=\"Read Ampliaci\u00f3 del refor\u00e7 educatiu d&#8217; angl\u00e8s als alumnes de Primer\">Llegeix m\u00e9s\u00bb<\/a><\/p>\n","protected":false},"author":1,"featured_media":5085,"comment_status":"open","ping_status":"closed","sticky":false,"template":"","format":"standard","meta":{"_bbp_topic_count":0,"_bbp_reply_count":0,"_bbp_total_topic_count":0,"_bbp_total_reply_count":0,"_bbp_voice_count":0,"_bbp_anonymous_reply_count":0,"_bbp_topic_count_hidden":0,"_bbp_reply_count_hidden":0,"_bbp_forum_subforum_count":0,"footnotes":""},"categories":[1,4],"tags":[],"class_list":["post-5086","post","type-post","status-publish","format-standard","has-post-thumbnail","hentry","category-general","category-portada"],"post_mailing_queue_ids":[],"_links":{"self":[{"href":"https:\/\/agora.xtec.cat\/ceipjoanmarquescasals\/wp-json\/wp\/v2\/posts\/5086","targetHints":{"allow":["GET"]}}],"collection":[{"href":"https:\/\/agora.xtec.cat\/ceipjoanmarquescasals\/wp-json\/wp\/v2\/posts"}],"about":[{"href":"https:\/\/agora.xtec.cat\/ceipjoanmarquescasals\/wp-json\/wp\/v2\/types\/post"}],"author":[{"embeddable":true,"href":"https:\/\/agora.xtec.cat\/ceipjoanmarquescasals\/wp-json\/wp\/v2\/users\/1"}],"replies":[{"embeddable":true,"href":"https:\/\/agora.xtec.cat\/ceipjoanmarquescasals\/wp-json\/wp\/v2\/comments?post=5086"}],"version-history":[{"count":2,"href":"https:\/\/agora.xtec.cat\/ceipjoanmarquescasals\/wp-json\/wp\/v2\/posts\/5086\/revisions"}],"predecessor-version":[{"id":5104,"href":"https:\/\/agora.xtec.cat\/ceipjoanmarquescasals\/wp-json\/wp\/v2\/posts\/5086\/revisions\/5104"}],"wp:featuredmedia":[{"embeddable":true,"href":"https:\/\/agora.xtec.cat\/ceipjoanmarquescasals\/wp-json\/wp\/v2\/media\/5085"}],"wp:attachment":[{"href":"https:\/\/agora.xtec.cat\/ceipjoanmarquescasals\/wp-json\/wp\/v2\/media?parent=5086"}],"wp:term":[{"taxonomy":"category","embeddable":true,"href":"https:\/\/agora.xtec.cat\/ceipjoanmarquescasals\/wp-json\/wp\/v2\/categories?post=5086"},{"taxonomy":"post_tag","embeddable":true,"href":"https:\/\/agora.xtec.cat\/ceipjoanmarquescasals\/wp-json\/wp\/v2\/tags?post=5086"}],"curies":[{"name":"wp","href":"https:\/\/api.w.org\/{rel}","templated":true}]}}