{"id":5064,"date":"2021-10-29T16:16:39","date_gmt":"2021-10-29T14:16:39","guid":{"rendered":"https:\/\/agora.xtec.cat\/ceipjoanmarquescasals\/?p=5064"},"modified":"2021-10-29T16:22:00","modified_gmt":"2021-10-29T14:22:00","slug":"avui-ha-vingut-la-castanyera-a-l-escola","status":"publish","type":"post","link":"https:\/\/agora.xtec.cat\/ceipjoanmarquescasals\/infantil\/avui-ha-vingut-la-castanyera-a-l-escola\/","title":{"rendered":"Avui ha vingut la Senyora Castanyera a l&#8217; escola!"},"content":{"rendered":"<p>Bona tarda!!!<\/p>\n<p>Aquesta tarda\u00a0 ha vingut la senyora Castanyera a l&#8217; escola!<\/p>\n<p>Ha visitat al m\u00e9s petits, hem cantat i ballat la seva can\u00e7\u00f3 i ens hem menjat les castanyes que cada nen i nena ha portat de casa.<\/p>\n<p>Despr\u00e9s hem ballat i ens ho hem passat molt b\u00e9!<\/p>\n<p>Fins un altre senyora Castanyera!!<a href=\"https:\/\/agora.xtec.cat\/ceipjoanmarquescasals\/wp-content\/uploads\/usu1790\/2021\/10\/IMG-20211029-WA0003.jpg\"><img loading=\"lazy\" decoding=\"async\" class=\"aligncenter size-medium wp-image-5065\" src=\"https:\/\/agora.xtec.cat\/ceipjoanmarquescasals\/wp-content\/uploads\/usu1790\/2021\/10\/IMG-20211029-WA0003-300x169.jpg\" alt=\"\" width=\"300\" height=\"169\" srcset=\"https:\/\/agora.xtec.cat\/ceipjoanmarquescasals\/wp-content\/uploads\/usu1790\/2021\/10\/IMG-20211029-WA0003-300x169.jpg 300w, https:\/\/agora.xtec.cat\/ceipjoanmarquescasals\/wp-content\/uploads\/usu1790\/2021\/10\/IMG-20211029-WA0003-1024x576.jpg 1024w, https:\/\/agora.xtec.cat\/ceipjoanmarquescasals\/wp-content\/uploads\/usu1790\/2021\/10\/IMG-20211029-WA0003-768x432.jpg 768w, https:\/\/agora.xtec.cat\/ceipjoanmarquescasals\/wp-content\/uploads\/usu1790\/2021\/10\/IMG-20211029-WA0003-1536x864.jpg 1536w, https:\/\/agora.xtec.cat\/ceipjoanmarquescasals\/wp-content\/uploads\/usu1790\/2021\/10\/IMG-20211029-WA0003.jpg 1600w\" sizes=\"auto, (max-width: 300px) 100vw, 300px\" \/><\/a><\/p>\n","protected":false},"excerpt":{"rendered":"<p>Bona tarda!!!<br \/>\nAquesta tarda\u00a0 ha vingut la senyora Castanyera a l&#8217; escola!<br \/>\nHa visitat al m\u00e9s petits, hem cantat i ballat la seva can\u00e7\u00f3 i ens hem menjat les castanyes que cada nen i nena ha portat de casa.<br \/>\nDespr\u00e9s hem ballat i ens ho hem passat molt&hellip;  <a href=\"https:\/\/agora.xtec.cat\/ceipjoanmarquescasals\/infantil\/avui-ha-vingut-la-castanyera-a-l-escola\/\" title=\"Read Avui ha vingut la Senyora Castanyera a l&#8217; escola!\">Llegeix m\u00e9s\u00bb<\/a><\/p>\n","protected":false},"author":1,"featured_media":5068,"comment_status":"open","ping_status":"closed","sticky":false,"template":"","format":"standard","meta":{"_bbp_topic_count":0,"_bbp_reply_count":0,"_bbp_total_topic_count":0,"_bbp_total_reply_count":0,"_bbp_voice_count":0,"_bbp_anonymous_reply_count":0,"_bbp_topic_count_hidden":0,"_bbp_reply_count_hidden":0,"_bbp_forum_subforum_count":0,"footnotes":""},"categories":[2,4],"tags":[],"class_list":["post-5064","post","type-post","status-publish","format-standard","has-post-thumbnail","hentry","category-infantil","category-portada"],"post_mailing_queue_ids":[],"_links":{"self":[{"href":"https:\/\/agora.xtec.cat\/ceipjoanmarquescasals\/wp-json\/wp\/v2\/posts\/5064","targetHints":{"allow":["GET"]}}],"collection":[{"href":"https:\/\/agora.xtec.cat\/ceipjoanmarquescasals\/wp-json\/wp\/v2\/posts"}],"about":[{"href":"https:\/\/agora.xtec.cat\/ceipjoanmarquescasals\/wp-json\/wp\/v2\/types\/post"}],"author":[{"embeddable":true,"href":"https:\/\/agora.xtec.cat\/ceipjoanmarquescasals\/wp-json\/wp\/v2\/users\/1"}],"replies":[{"embeddable":true,"href":"https:\/\/agora.xtec.cat\/ceipjoanmarquescasals\/wp-json\/wp\/v2\/comments?post=5064"}],"version-history":[{"count":2,"href":"https:\/\/agora.xtec.cat\/ceipjoanmarquescasals\/wp-json\/wp\/v2\/posts\/5064\/revisions"}],"predecessor-version":[{"id":5069,"href":"https:\/\/agora.xtec.cat\/ceipjoanmarquescasals\/wp-json\/wp\/v2\/posts\/5064\/revisions\/5069"}],"wp:featuredmedia":[{"embeddable":true,"href":"https:\/\/agora.xtec.cat\/ceipjoanmarquescasals\/wp-json\/wp\/v2\/media\/5068"}],"wp:attachment":[{"href":"https:\/\/agora.xtec.cat\/ceipjoanmarquescasals\/wp-json\/wp\/v2\/media?parent=5064"}],"wp:term":[{"taxonomy":"category","embeddable":true,"href":"https:\/\/agora.xtec.cat\/ceipjoanmarquescasals\/wp-json\/wp\/v2\/categories?post=5064"},{"taxonomy":"post_tag","embeddable":true,"href":"https:\/\/agora.xtec.cat\/ceipjoanmarquescasals\/wp-json\/wp\/v2\/tags?post=5064"}],"curies":[{"name":"wp","href":"https:\/\/api.w.org\/{rel}","templated":true}]}}