{"id":5060,"date":"2021-10-27T17:14:31","date_gmt":"2021-10-27T15:14:31","guid":{"rendered":"https:\/\/agora.xtec.cat\/ceipjoanmarquescasals\/?p=5060"},"modified":"2021-10-27T17:15:03","modified_gmt":"2021-10-27T15:15:03","slug":"convocatoria-vaga-28-octubre-dijous","status":"publish","type":"post","link":"https:\/\/agora.xtec.cat\/ceipjoanmarquescasals\/portada\/convocatoria-vaga-28-octubre-dijous\/","title":{"rendered":"Convocat\u00f2ria vaga 28 octubre"},"content":{"rendered":"<p>Hi ha convocada una vaga general dels serveis p\u00fablics que pot afectar a la p\u00e8rdua de feina de molts mestres interins.<\/p>\n<p>En el nostre centre hi haur\u00e0 un seguiment important del professorat que far\u00e0 vaga que impedir\u00e0 dur a terme l&#8217; activitat lectiva amb normalitat.<\/p>\n<p>Hi hauran els serveis m\u00ednims establerts per llei. Intentarem respectar els grups bombolla i si no \u00e9s possible la dist\u00e0ncia de seguretat entre els alumnes.<\/p>\n<p>Us donem les gr\u00e0cies , per avan\u00e7at, per la vostra comprensi\u00f3.<\/p>\n","protected":false},"excerpt":{"rendered":"<p>Hi ha convocada una vaga general dels serveis p\u00fablics que pot afectar a la p\u00e8rdua de feina de molts mestres interins.<br \/>\nEn el nostre centre hi haur\u00e0 un seguiment important del professorat que far\u00e0 vaga que impedir\u00e0 dur a terme l&#8217; activitat lectiva amb normalitat.<br \/>\nHi hauran&hellip;  <a href=\"https:\/\/agora.xtec.cat\/ceipjoanmarquescasals\/portada\/convocatoria-vaga-28-octubre-dijous\/\" title=\"Read Convocat\u00f2ria vaga 28 octubre\">Llegeix m\u00e9s\u00bb<\/a><\/p>\n","protected":false},"author":1,"featured_media":0,"comment_status":"open","ping_status":"closed","sticky":false,"template":"","format":"standard","meta":{"_bbp_topic_count":0,"_bbp_reply_count":0,"_bbp_total_topic_count":0,"_bbp_total_reply_count":0,"_bbp_voice_count":0,"_bbp_anonymous_reply_count":0,"_bbp_topic_count_hidden":0,"_bbp_reply_count_hidden":0,"_bbp_forum_subforum_count":0,"footnotes":""},"categories":[4],"tags":[],"class_list":["post-5060","post","type-post","status-publish","format-standard","hentry","category-portada"],"post_mailing_queue_ids":[],"_links":{"self":[{"href":"https:\/\/agora.xtec.cat\/ceipjoanmarquescasals\/wp-json\/wp\/v2\/posts\/5060","targetHints":{"allow":["GET"]}}],"collection":[{"href":"https:\/\/agora.xtec.cat\/ceipjoanmarquescasals\/wp-json\/wp\/v2\/posts"}],"about":[{"href":"https:\/\/agora.xtec.cat\/ceipjoanmarquescasals\/wp-json\/wp\/v2\/types\/post"}],"author":[{"embeddable":true,"href":"https:\/\/agora.xtec.cat\/ceipjoanmarquescasals\/wp-json\/wp\/v2\/users\/1"}],"replies":[{"embeddable":true,"href":"https:\/\/agora.xtec.cat\/ceipjoanmarquescasals\/wp-json\/wp\/v2\/comments?post=5060"}],"version-history":[{"count":2,"href":"https:\/\/agora.xtec.cat\/ceipjoanmarquescasals\/wp-json\/wp\/v2\/posts\/5060\/revisions"}],"predecessor-version":[{"id":5062,"href":"https:\/\/agora.xtec.cat\/ceipjoanmarquescasals\/wp-json\/wp\/v2\/posts\/5060\/revisions\/5062"}],"wp:attachment":[{"href":"https:\/\/agora.xtec.cat\/ceipjoanmarquescasals\/wp-json\/wp\/v2\/media?parent=5060"}],"wp:term":[{"taxonomy":"category","embeddable":true,"href":"https:\/\/agora.xtec.cat\/ceipjoanmarquescasals\/wp-json\/wp\/v2\/categories?post=5060"},{"taxonomy":"post_tag","embeddable":true,"href":"https:\/\/agora.xtec.cat\/ceipjoanmarquescasals\/wp-json\/wp\/v2\/tags?post=5060"}],"curies":[{"name":"wp","href":"https:\/\/api.w.org\/{rel}","templated":true}]}}