{"id":5047,"date":"2021-10-19T18:26:08","date_gmt":"2021-10-19T16:26:08","guid":{"rendered":"https:\/\/agora.xtec.cat\/ceipjoanmarquescasals\/?p=5047"},"modified":"2021-10-19T18:26:08","modified_gmt":"2021-10-19T16:26:08","slug":"benvinguts-als-alumnes-nouvinguts-daltres-paisos","status":"publish","type":"post","link":"https:\/\/agora.xtec.cat\/ceipjoanmarquescasals\/aula-dacollida\/benvinguts-als-alumnes-nouvinguts-daltres-paisos\/","title":{"rendered":"BENVINGUTS ALS ALUMNES NOUVINGUTS D&#8217;ALTRES PA\u00cfSOS!!!"},"content":{"rendered":"<p>Cada any tenim alumnes provinents d&#8217;altres pa\u00efsos i els hi donen la benvinguda i una forta empenta perqu\u00e8 aprenguin la nostra llengua amb l&#8217;ajuda de tota la comunitat educativa.<\/p>\n<p>BENVINGUTS I BENVINGUDES!!!!!!<a href=\"https:\/\/agora.xtec.cat\/ceipjoanmarquescasals\/wp-content\/uploads\/usu1790\/2021\/10\/IMG_20211019_150922-scaled.jpg\"><img loading=\"lazy\" decoding=\"async\" class=\"alignnone wp-image-5049\" src=\"https:\/\/agora.xtec.cat\/ceipjoanmarquescasals\/wp-content\/uploads\/usu1790\/2021\/10\/IMG_20211019_150922-1024x768.jpg\" alt=\"\" width=\"616\" height=\"463\" srcset=\"https:\/\/agora.xtec.cat\/ceipjoanmarquescasals\/wp-content\/uploads\/usu1790\/2021\/10\/IMG_20211019_150922-1024x768.jpg 1024w, https:\/\/agora.xtec.cat\/ceipjoanmarquescasals\/wp-content\/uploads\/usu1790\/2021\/10\/IMG_20211019_150922-300x225.jpg 300w, https:\/\/agora.xtec.cat\/ceipjoanmarquescasals\/wp-content\/uploads\/usu1790\/2021\/10\/IMG_20211019_150922-768x576.jpg 768w, https:\/\/agora.xtec.cat\/ceipjoanmarquescasals\/wp-content\/uploads\/usu1790\/2021\/10\/IMG_20211019_150922-1536x1152.jpg 1536w, https:\/\/agora.xtec.cat\/ceipjoanmarquescasals\/wp-content\/uploads\/usu1790\/2021\/10\/IMG_20211019_150922-2048x1536.jpg 2048w, https:\/\/agora.xtec.cat\/ceipjoanmarquescasals\/wp-content\/uploads\/usu1790\/2021\/10\/IMG_20211019_150922-200x150.jpg 200w\" sizes=\"auto, (max-width: 616px) 100vw, 616px\" \/><\/a> <a href=\"https:\/\/agora.xtec.cat\/ceipjoanmarquescasals\/wp-content\/uploads\/usu1790\/2021\/10\/IMG_20211019_150952-scaled.jpg\"><img loading=\"lazy\" decoding=\"async\" class=\"alignnone wp-image-5050\" src=\"https:\/\/agora.xtec.cat\/ceipjoanmarquescasals\/wp-content\/uploads\/usu1790\/2021\/10\/IMG_20211019_150952-768x1024.jpg\" alt=\"\" width=\"619\" height=\"826\" srcset=\"https:\/\/agora.xtec.cat\/ceipjoanmarquescasals\/wp-content\/uploads\/usu1790\/2021\/10\/IMG_20211019_150952-768x1024.jpg 768w, https:\/\/agora.xtec.cat\/ceipjoanmarquescasals\/wp-content\/uploads\/usu1790\/2021\/10\/IMG_20211019_150952-225x300.jpg 225w, https:\/\/agora.xtec.cat\/ceipjoanmarquescasals\/wp-content\/uploads\/usu1790\/2021\/10\/IMG_20211019_150952-1152x1536.jpg 1152w, https:\/\/agora.xtec.cat\/ceipjoanmarquescasals\/wp-content\/uploads\/usu1790\/2021\/10\/IMG_20211019_150952-1536x2048.jpg 1536w, https:\/\/agora.xtec.cat\/ceipjoanmarquescasals\/wp-content\/uploads\/usu1790\/2021\/10\/IMG_20211019_150952-scaled.jpg 1920w\" sizes=\"auto, (max-width: 619px) 100vw, 619px\" \/><\/a><\/p>\n","protected":false},"excerpt":{"rendered":"<p>Cada any tenim alumnes provinents d&#8217;altres pa\u00efsos i els hi donen la benvinguda i una forta empenta perqu\u00e8 aprenguin la nostra llengua amb l&#8217;ajuda de tota la comunitat educativa.<br \/>\nBENVINGUTS I BENVINGUDES!!!!!!<a href=\"https:\/\/agora.xtec.cat\/ceipjoanmarquescasals\/wp-content\/uploads\/usu1790\/2021\/10\/IMG_20211019_150922-scaled.jpg\"><\/a> <a href=\"https:\/\/agora.xtec.cat\/ceipjoanmarquescasals\/wp-content\/uploads\/usu1790\/2021\/10\/IMG_20211019_150952-scaled.jpg\"><\/a><\/p>\n","protected":false},"author":5,"featured_media":5049,"comment_status":"open","ping_status":"closed","sticky":false,"template":"","format":"standard","meta":{"_bbp_topic_count":0,"_bbp_reply_count":0,"_bbp_total_topic_count":0,"_bbp_total_reply_count":0,"_bbp_voice_count":0,"_bbp_anonymous_reply_count":0,"_bbp_topic_count_hidden":0,"_bbp_reply_count_hidden":0,"_bbp_forum_subforum_count":0,"footnotes":""},"categories":[171],"tags":[],"class_list":["post-5047","post","type-post","status-publish","format-standard","has-post-thumbnail","hentry","category-aula-dacollida"],"post_mailing_queue_ids":[],"_links":{"self":[{"href":"https:\/\/agora.xtec.cat\/ceipjoanmarquescasals\/wp-json\/wp\/v2\/posts\/5047","targetHints":{"allow":["GET"]}}],"collection":[{"href":"https:\/\/agora.xtec.cat\/ceipjoanmarquescasals\/wp-json\/wp\/v2\/posts"}],"about":[{"href":"https:\/\/agora.xtec.cat\/ceipjoanmarquescasals\/wp-json\/wp\/v2\/types\/post"}],"author":[{"embeddable":true,"href":"https:\/\/agora.xtec.cat\/ceipjoanmarquescasals\/wp-json\/wp\/v2\/users\/5"}],"replies":[{"embeddable":true,"href":"https:\/\/agora.xtec.cat\/ceipjoanmarquescasals\/wp-json\/wp\/v2\/comments?post=5047"}],"version-history":[{"count":2,"href":"https:\/\/agora.xtec.cat\/ceipjoanmarquescasals\/wp-json\/wp\/v2\/posts\/5047\/revisions"}],"predecessor-version":[{"id":5052,"href":"https:\/\/agora.xtec.cat\/ceipjoanmarquescasals\/wp-json\/wp\/v2\/posts\/5047\/revisions\/5052"}],"wp:featuredmedia":[{"embeddable":true,"href":"https:\/\/agora.xtec.cat\/ceipjoanmarquescasals\/wp-json\/wp\/v2\/media\/5049"}],"wp:attachment":[{"href":"https:\/\/agora.xtec.cat\/ceipjoanmarquescasals\/wp-json\/wp\/v2\/media?parent=5047"}],"wp:term":[{"taxonomy":"category","embeddable":true,"href":"https:\/\/agora.xtec.cat\/ceipjoanmarquescasals\/wp-json\/wp\/v2\/categories?post=5047"},{"taxonomy":"post_tag","embeddable":true,"href":"https:\/\/agora.xtec.cat\/ceipjoanmarquescasals\/wp-json\/wp\/v2\/tags?post=5047"}],"curies":[{"name":"wp","href":"https:\/\/api.w.org\/{rel}","templated":true}]}}