{"id":5007,"date":"2021-09-07T14:56:31","date_gmt":"2021-09-07T12:56:31","guid":{"rendered":"https:\/\/agora.xtec.cat\/ceipjoanmarquescasals\/?p=5007"},"modified":"2021-09-07T15:00:14","modified_gmt":"2021-09-07T13:00:14","slug":"informacions-inici-de-curs-2021-2022","status":"publish","type":"post","link":"https:\/\/agora.xtec.cat\/ceipjoanmarquescasals\/portada\/informacions-inici-de-curs-2021-2022\/","title":{"rendered":"Informacions inici de curs 2021-2022"},"content":{"rendered":"<h6><span style=\"font-weight: 400;\">Benvolgudes fam\u00edlies,\u00a0<\/span><\/h6>\n<h6><\/h6>\n<h6><span style=\"font-weight: 400;\">Per tal que us pugueu organitzar el curs 2021-22 , us fem arribar informaci\u00f3 sobre aquest curs que tamb\u00e9 podeu consultar a la web de l\u2019escola:\u00a0<\/span><\/h6>\n<h6><\/h6>\n<h6><a href=\"https:\/\/agora.xtec.cat\/ceipjoanmarquescasals\/\"><span style=\"font-weight: 400;\">https:\/\/agora.xtec.cat\/ceipjoanmarquescasals\/<\/span><\/a><\/h6>\n<h6><\/h6>\n<h6><span style=\"font-weight: 400;\">Recordar-vos que les comunicacions s\u2019enviaran per l\u2019aplicaci\u00f3 Dinantia.\u00a0<\/span><\/h6>\n<h6><\/h6>\n<h6><span style=\"font-weight: 400;\">CALENDARI ESCOLAR<\/span><\/h6>\n<h6><\/h6>\n<h6><span style=\"font-weight: 400;\">El curs 2021-22 comen\u00e7ar\u00e0 el 13 de setembre del 2021 i acabar\u00e0 el 22 de juny del 2022.\u00a0<\/span><\/h6>\n<h6><\/h6>\n<h6><span style=\"font-weight: 400;\">Les festes oficials seran el 12 d\u2019octubre i el 8 de desembre.\u00a0<\/span><\/h6>\n<h6><\/h6>\n<h6><span style=\"font-weight: 400;\">Els dies de lliure disposici\u00f3 (aprovats pel Consell Municipal de Terrassa) seran:<\/span><\/h6>\n<ul>\n<li style=\"font-weight: 400;\" aria-level=\"1\">\n<h6><span style=\"font-weight: 400;\">11 d\u2019octubre (dilluns, pont del Pilar)<\/span><\/h6>\n<\/li>\n<li style=\"font-weight: 400;\" aria-level=\"1\">\n<h6><span style=\"font-weight: 400;\">7 de desembre (pont Immaculada)<\/span><\/h6>\n<\/li>\n<li style=\"font-weight: 400;\" aria-level=\"1\">\n<h6><span style=\"font-weight: 400;\">28 de febrer (dilluns Carnestoltes)<\/span><\/h6>\n<\/li>\n<li style=\"font-weight: 400;\" aria-level=\"1\">\n<h6><span style=\"font-weight: 400;\">29 d\u2019abril (divendres previ 1 de maig)<\/span><\/h6>\n<\/li>\n<li style=\"font-weight: 400;\" aria-level=\"1\">\n<h6><span style=\"font-weight: 400;\">3 de juny (divendres previ 2\u00aa Pasqua)<\/span><\/h6>\n<\/li>\n<li style=\"font-weight: 400;\" aria-level=\"1\">\n<h6><span style=\"font-weight: 400;\">6 de juny (2\u00aa Pasqua)<\/span><\/h6>\n<\/li>\n<\/ul>\n<h6><\/h6>\n<h6><span style=\"font-weight: 400;\">HORARI LECTIU:<\/span><\/h6>\n<h6><\/h6>\n<h6><span style=\"font-weight: 400;\">L\u2019horari dependr\u00e0 de cada grup (tal i com vam fer el curs passat)\u00a0<\/span><\/h6>\n<h6><\/h6>\n<h6><span style=\"font-weight: 400;\">L\u2019entrada al mat\u00ed ser\u00e0 a les 9:00 o 9:10, la sortida al mat\u00ed ser\u00e0 a les 12.30 o 12.40.\u00a0<\/span><\/h6>\n<h6><span style=\"font-weight: 400;\">L\u2019entrada a la tarda ser\u00e0 a les 15:00 o 15:10, la sortida a la tarda ser\u00e0 a les 16:30 o 16:40.\u00a0<\/span><\/h6>\n<h6><\/h6>\n<h6><span style=\"font-weight: 400;\">Entrada gradual dels alumnes de p3 els dies 13, 14 i 15 de setembre. Les fam\u00edlies de p3 rebreu un Dinantia on es concretar\u00e0 aquest aspecte.<\/span><\/h6>\n<h6><\/h6>\n<h6><span style=\"font-weight: 400;\">Igual que el curs passat, els alumnes es trobaran al pati i aniran a les aules acompanyats dels tutors\/es.<\/span><\/h6>\n<h6><\/h6>\n<h6><span style=\"font-weight: 400;\">INFORMACIONS I RECOMANACIONS<\/span><\/h6>\n<h6><\/h6>\n<h6><b>Divendres, dia de la fruita: <\/b><span style=\"font-weight: 400;\">tots els alumnes portaran una fruita per esmorzar aquest dia.<\/span><\/h6>\n<h6><\/h6>\n<h6><b>Dret d\u2019imatge: <\/b><span style=\"font-weight: 400;\">nom\u00e9s l\u2019escola t\u00e9 autoritzaci\u00f3 de les fam\u00edlies per fer o difondre imatges de l\u2019alumnat. No est\u00e0 perm\u00e8s que les fam\u00edlies facin fotos de l\u2019alumnat i es comparteixin en xarxes socials.\u00a0<\/span><\/h6>\n<h6><\/h6>\n<h6><b>Entrades i sortides: <\/b><span style=\"font-weight: 400;\">\u00e9s molt important la puntualitat en les entrades i recollides de l\u2019alumnat. En cas de la reiteraci\u00f3 en el retard per recollir als infants, s\u2019avisar\u00e0 a Policia Municipal seguint el protocol establert en el municipi de Terrassa.<\/span><b>\u00a0<\/b><\/h6>\n<h6><\/h6>\n<h6><b>Reunions de inici de curs:<\/b><span style=\"font-weight: 400;\"> es realitzaran durant el mes de setembre o principis d\u2019octubre. Ja us informarem de com es faran segons la situaci\u00f3 sanit\u00e0ria vigent.\u00a0<\/span><\/h6>\n<h6><\/h6>\n<h6><b>Pagament de material: <\/b><span style=\"font-weight: 400;\">recordeu que a final de curs ja us vam informar de la quota de material i que ja haur\u00edeu d\u2019haver fet efectiva.\u00a0<\/span><\/h6>\n<h6><\/h6>\n<h6><b>Pagament de sortides:<\/b><span style=\"font-weight: 400;\"> us mantindrem informats de les sortides que es realitzaran i de la quota corresponent.\u00a0<\/span><\/h6>\n<h6><\/h6>\n<h6><span style=\"font-weight: 400;\">Si teniu qualsevol dubte us podeu posar en contacte amb l\u2019escola utilitzant el tel\u00e8fon 93 7839560 o al correu electr\u00f2nic <\/span><a href=\"mailto:a8034485@xtec.cat\"><span style=\"font-weight: 400;\">a8034485@xtec.cat<\/span><\/a><\/h6>\n<h6><\/h6>\n<h6><span style=\"font-weight: 400;\">Equip directiu Escola Joan Marqu\u00e8s i Casals\u00a0<\/span><\/h6>\n<h6><\/h6>\n<h6><span style=\"font-weight: 400;\">Terrassa, 31 d\u2019agost del 2021.<\/span><\/h6>\n<p>&nbsp;<\/p>\n","protected":false},"excerpt":{"rendered":"<p>Benvolgudes fam\u00edlies,\u00a0<\/p>\n<p>Per tal que us pugueu organitzar el curs 2021-22 , us fem arribar informaci\u00f3 sobre aquest curs que tamb\u00e9 podeu consultar a la web de l\u2019escola:\u00a0<\/p>\n<p><a href=\"https:\/\/agora.xtec.cat\/ceipjoanmarquescasals\/\">https:\/\/agora.xtec.cat\/ceipjoanmarquescasals\/<\/a><\/p>\n<p>Recordar-vos que les comunicacions s\u2019enviaran per l\u2019aplicaci\u00f3 Dinantia.\u00a0<\/p>\n<p>CALENDARI ESCOLAR<\/p>\n<p>El curs 2021-22 comen\u00e7ar\u00e0 el 13 de setembre del 2021&hellip;  <a href=\"https:\/\/agora.xtec.cat\/ceipjoanmarquescasals\/portada\/informacions-inici-de-curs-2021-2022\/\" title=\"Read Informacions inici de curs 2021-2022\">Llegeix m\u00e9s\u00bb<\/a><\/p>\n","protected":false},"author":1,"featured_media":0,"comment_status":"open","ping_status":"closed","sticky":false,"template":"","format":"standard","meta":{"_bbp_topic_count":0,"_bbp_reply_count":0,"_bbp_total_topic_count":0,"_bbp_total_reply_count":0,"_bbp_voice_count":0,"_bbp_anonymous_reply_count":0,"_bbp_topic_count_hidden":0,"_bbp_reply_count_hidden":0,"_bbp_forum_subforum_count":0,"footnotes":""},"categories":[4],"tags":[],"class_list":["post-5007","post","type-post","status-publish","format-standard","hentry","category-portada"],"post_mailing_queue_ids":[],"_links":{"self":[{"href":"https:\/\/agora.xtec.cat\/ceipjoanmarquescasals\/wp-json\/wp\/v2\/posts\/5007","targetHints":{"allow":["GET"]}}],"collection":[{"href":"https:\/\/agora.xtec.cat\/ceipjoanmarquescasals\/wp-json\/wp\/v2\/posts"}],"about":[{"href":"https:\/\/agora.xtec.cat\/ceipjoanmarquescasals\/wp-json\/wp\/v2\/types\/post"}],"author":[{"embeddable":true,"href":"https:\/\/agora.xtec.cat\/ceipjoanmarquescasals\/wp-json\/wp\/v2\/users\/1"}],"replies":[{"embeddable":true,"href":"https:\/\/agora.xtec.cat\/ceipjoanmarquescasals\/wp-json\/wp\/v2\/comments?post=5007"}],"version-history":[{"count":2,"href":"https:\/\/agora.xtec.cat\/ceipjoanmarquescasals\/wp-json\/wp\/v2\/posts\/5007\/revisions"}],"predecessor-version":[{"id":5009,"href":"https:\/\/agora.xtec.cat\/ceipjoanmarquescasals\/wp-json\/wp\/v2\/posts\/5007\/revisions\/5009"}],"wp:attachment":[{"href":"https:\/\/agora.xtec.cat\/ceipjoanmarquescasals\/wp-json\/wp\/v2\/media?parent=5007"}],"wp:term":[{"taxonomy":"category","embeddable":true,"href":"https:\/\/agora.xtec.cat\/ceipjoanmarquescasals\/wp-json\/wp\/v2\/categories?post=5007"},{"taxonomy":"post_tag","embeddable":true,"href":"https:\/\/agora.xtec.cat\/ceipjoanmarquescasals\/wp-json\/wp\/v2\/tags?post=5007"}],"curies":[{"name":"wp","href":"https:\/\/api.w.org\/{rel}","templated":true}]}}