{"id":4938,"date":"2021-06-02T00:44:24","date_gmt":"2021-06-01T22:44:24","guid":{"rendered":"http:\/\/agora.xtec.cat\/ceipjoanmarquescasals\/?p=4938"},"modified":"2021-06-02T00:44:24","modified_gmt":"2021-06-01T22:44:24","slug":"entrega-de-diplomes-del-projecte-passaport-edunauta","status":"publish","type":"post","link":"https:\/\/agora.xtec.cat\/ceipjoanmarquescasals\/portada\/entrega-de-diplomes-del-projecte-passaport-edunauta\/","title":{"rendered":"Entrega de diplomes del Projecte Passaport Edunauta"},"content":{"rendered":"<p>Aquesta tarda ha estat molt especial per l&#8217; escola i en especial pels alumnes de cinqu\u00e8 i sis\u00e8 que han participat en el Projecte del Passaport Edunauta.<\/p>\n<p>Hem celebrat l&#8217; entrega de diplomes. En aquest acte ens han acompanyat el Sr. Noel Duque, regidor de l&#8217; ajuntament de Terrassa;el\u00a0 Sr I\u00f1aki Olaortua , inspector de l&#8217; escola; i per part del Servei d&#8217; educaci\u00f3 de l&#8217; ajuntament la Sra. Leticia Jim\u00e9nez, Nathalie Edmon i Palmira Dom\u00e8nech.<\/p>\n<p>Aquest \u00e9s un projecte de la fundaci\u00f3 Bofil i la cooperativa+ educaci\u00f3 ,\u00a0 recolzat per l&#8217; Ajuntament de Terrassa que pret\u00e9n potenciar l&#8217; educaci\u00f3 m\u00e9s enll\u00e0 de l&#8217; escola. No educa nom\u00e9s l&#8217; escola ,educa l&#8217; entorn.<\/p>\n<p>Aquesta iniciativa vol potenciar els aprenentatges en l&#8217;\u00e0mbit extracurricular, disminuir la segregaci\u00f3 educativa i donar visibilitat a la xarxa que formen escoles, entitats i fam\u00edlies.<\/p>\n<p>Gr\u00e0cies a tots per la vostra participaci\u00f3 i implicaci\u00f3 en el projecte.<a href=\"https:\/\/agora.xtec.cat\/ceipjoanmarquescasals\/wp-content\/uploads\/usu1790\/2021\/06\/psssaport3.png\"><img loading=\"lazy\" decoding=\"async\" class=\"aligncenter size-medium wp-image-4941\" src=\"https:\/\/agora.xtec.cat\/ceipjoanmarquescasals\/wp-content\/uploads\/usu1790\/2021\/06\/psssaport3-300x235.png\" alt=\"\" width=\"300\" height=\"235\" srcset=\"https:\/\/agora.xtec.cat\/ceipjoanmarquescasals\/wp-content\/uploads\/usu1790\/2021\/06\/psssaport3-300x235.png 300w, https:\/\/agora.xtec.cat\/ceipjoanmarquescasals\/wp-content\/uploads\/usu1790\/2021\/06\/psssaport3.png 495w\" sizes=\"auto, (max-width: 300px) 100vw, 300px\" \/><\/a><\/p>\n<p><a href=\"https:\/\/agora.xtec.cat\/ceipjoanmarquescasals\/wp-content\/uploads\/usu1790\/2021\/06\/passaport2.png\"><img loading=\"lazy\" decoding=\"async\" class=\"aligncenter size-medium wp-image-4939\" src=\"https:\/\/agora.xtec.cat\/ceipjoanmarquescasals\/wp-content\/uploads\/usu1790\/2021\/06\/passaport2-300x185.png\" alt=\"\" width=\"300\" height=\"185\" srcset=\"https:\/\/agora.xtec.cat\/ceipjoanmarquescasals\/wp-content\/uploads\/usu1790\/2021\/06\/passaport2-300x185.png 300w, https:\/\/agora.xtec.cat\/ceipjoanmarquescasals\/wp-content\/uploads\/usu1790\/2021\/06\/passaport2.png 528w\" sizes=\"auto, (max-width: 300px) 100vw, 300px\" \/><\/a><\/p>\n","protected":false},"excerpt":{"rendered":"<p>Aquesta tarda ha estat molt especial per l&#8217; escola i en especial pels alumnes de cinqu\u00e8 i sis\u00e8 que han participat en el Projecte del Passaport Edunauta.<br \/>\nHem celebrat l&#8217; entrega de diplomes. En aquest acte ens han acompanyat el Sr. Noel Duque, regidor de l&#8217;&hellip;  <a href=\"https:\/\/agora.xtec.cat\/ceipjoanmarquescasals\/portada\/entrega-de-diplomes-del-projecte-passaport-edunauta\/\" title=\"Read Entrega de diplomes del Projecte Passaport Edunauta\">Llegeix m\u00e9s\u00bb<\/a><\/p>\n","protected":false},"author":1,"featured_media":4940,"comment_status":"open","ping_status":"closed","sticky":false,"template":"","format":"standard","meta":{"_bbp_topic_count":0,"_bbp_reply_count":0,"_bbp_total_topic_count":0,"_bbp_total_reply_count":0,"_bbp_voice_count":0,"_bbp_anonymous_reply_count":0,"_bbp_topic_count_hidden":0,"_bbp_reply_count_hidden":0,"_bbp_forum_subforum_count":0,"footnotes":""},"categories":[69,241,4,72],"tags":[],"class_list":["post-4938","post","type-post","status-publish","format-standard","has-post-thumbnail","hentry","category-cicle-mitja","category-edunauta","category-portada","category-projecte-educatiu"],"post_mailing_queue_ids":[],"_links":{"self":[{"href":"https:\/\/agora.xtec.cat\/ceipjoanmarquescasals\/wp-json\/wp\/v2\/posts\/4938","targetHints":{"allow":["GET"]}}],"collection":[{"href":"https:\/\/agora.xtec.cat\/ceipjoanmarquescasals\/wp-json\/wp\/v2\/posts"}],"about":[{"href":"https:\/\/agora.xtec.cat\/ceipjoanmarquescasals\/wp-json\/wp\/v2\/types\/post"}],"author":[{"embeddable":true,"href":"https:\/\/agora.xtec.cat\/ceipjoanmarquescasals\/wp-json\/wp\/v2\/users\/1"}],"replies":[{"embeddable":true,"href":"https:\/\/agora.xtec.cat\/ceipjoanmarquescasals\/wp-json\/wp\/v2\/comments?post=4938"}],"version-history":[{"count":1,"href":"https:\/\/agora.xtec.cat\/ceipjoanmarquescasals\/wp-json\/wp\/v2\/posts\/4938\/revisions"}],"predecessor-version":[{"id":4942,"href":"https:\/\/agora.xtec.cat\/ceipjoanmarquescasals\/wp-json\/wp\/v2\/posts\/4938\/revisions\/4942"}],"wp:featuredmedia":[{"embeddable":true,"href":"https:\/\/agora.xtec.cat\/ceipjoanmarquescasals\/wp-json\/wp\/v2\/media\/4940"}],"wp:attachment":[{"href":"https:\/\/agora.xtec.cat\/ceipjoanmarquescasals\/wp-json\/wp\/v2\/media?parent=4938"}],"wp:term":[{"taxonomy":"category","embeddable":true,"href":"https:\/\/agora.xtec.cat\/ceipjoanmarquescasals\/wp-json\/wp\/v2\/categories?post=4938"},{"taxonomy":"post_tag","embeddable":true,"href":"https:\/\/agora.xtec.cat\/ceipjoanmarquescasals\/wp-json\/wp\/v2\/tags?post=4938"}],"curies":[{"name":"wp","href":"https:\/\/api.w.org\/{rel}","templated":true}]}}