{"id":4732,"date":"2021-04-24T10:17:42","date_gmt":"2021-04-24T08:17:42","guid":{"rendered":"http:\/\/agora.xtec.cat\/ceipjoanmarquescasals\/?p=4732"},"modified":"2021-04-27T18:46:06","modified_gmt":"2021-04-27T16:46:06","slug":"diada-de-sant-jordi-2021","status":"publish","type":"post","link":"https:\/\/agora.xtec.cat\/ceipjoanmarquescasals\/portada\/diada-de-sant-jordi-2021\/","title":{"rendered":"DIADA DE SANT JORDI (V\u00cdDEO DE LES DANSES)"},"content":{"rendered":"<p>Avui, dia de Sant Jordi, a l&#8217;escola hem realitzat diferents activitats per celebrar aquest dia tan bonic.<\/p>\n<p>Cada comunitat ha fet diferents activitats: manualitats, contes, representacions de la llegenda de Sant Jordi&#8230; Fins i tot hem fet el lliurament dels premis dels Jocs Florals via meet, com els Goya!<\/p>\n<p><a href=\"https:\/\/agora.xtec.cat\/ceipjoanmarquescasals\/wp-content\/uploads\/usu1790\/2021\/04\/Screenshot_3.jpg\"><img loading=\"lazy\" decoding=\"async\" class=\"wp-image-4763 aligncenter\" src=\"https:\/\/agora.xtec.cat\/ceipjoanmarquescasals\/wp-content\/uploads\/usu1790\/2021\/04\/Screenshot_3-1024x764.jpg\" alt=\"\" width=\"351\" height=\"262\" srcset=\"https:\/\/agora.xtec.cat\/ceipjoanmarquescasals\/wp-content\/uploads\/usu1790\/2021\/04\/Screenshot_3-1024x764.jpg 1024w, https:\/\/agora.xtec.cat\/ceipjoanmarquescasals\/wp-content\/uploads\/usu1790\/2021\/04\/Screenshot_3-300x224.jpg 300w, https:\/\/agora.xtec.cat\/ceipjoanmarquescasals\/wp-content\/uploads\/usu1790\/2021\/04\/Screenshot_3-768x573.jpg 768w, https:\/\/agora.xtec.cat\/ceipjoanmarquescasals\/wp-content\/uploads\/usu1790\/2021\/04\/Screenshot_3-200x150.jpg 200w, https:\/\/agora.xtec.cat\/ceipjoanmarquescasals\/wp-content\/uploads\/usu1790\/2021\/04\/Screenshot_3.jpg 1144w\" sizes=\"auto, (max-width: 351px) 100vw, 351px\" \/><\/a><\/p>\n<p>Aquest any, no podia ser d&#8217;una altra manera, tamb\u00e9 hem ballat les tradicionals danses de Sant Jordi. Us deixem un v\u00eddeo perqu\u00e8 pugueu veure els balls de tots els cursos.<\/p>\n<p>Als instagrams de prim\u00e0ria i de petits hem anat penjant fotografies de les activitats que hem anat fent al llarg de la setmana. Ha estat una setmana fant\u00e0stica!<\/p>\n<p>Bona Diada de Sant Jordi a tothom!<\/p>\n<p><a href=\"https:\/\/drive.google.com\/file\/d\/1YrbAsqtVmKY6wfrk2EkguKvlfTBcGi2S\/view\"><img loading=\"lazy\" decoding=\"async\" class=\"wp-image-4762 aligncenter\" src=\"https:\/\/agora.xtec.cat\/ceipjoanmarquescasals\/wp-content\/uploads\/usu1790\/2021\/04\/Screenshot_2.jpg\" alt=\"\" width=\"445\" height=\"248\" srcset=\"https:\/\/agora.xtec.cat\/ceipjoanmarquescasals\/wp-content\/uploads\/usu1790\/2021\/04\/Screenshot_2.jpg 837w, https:\/\/agora.xtec.cat\/ceipjoanmarquescasals\/wp-content\/uploads\/usu1790\/2021\/04\/Screenshot_2-300x167.jpg 300w, https:\/\/agora.xtec.cat\/ceipjoanmarquescasals\/wp-content\/uploads\/usu1790\/2021\/04\/Screenshot_2-768x429.jpg 768w\" sizes=\"auto, (max-width: 445px) 100vw, 445px\" \/><\/a><\/p>\n","protected":false},"excerpt":{"rendered":"<p>Avui, dia de Sant Jordi, a l&#8217;escola hem realitzat diferents activitats per celebrar aquest dia tan bonic.<br \/>\nCada comunitat ha fet diferents activitats: manualitats, contes, representacions de la llegenda de Sant Jordi&#8230; Fins i tot hem fet el lliurament dels premis dels Jocs Florals via meet,&hellip;  <a href=\"https:\/\/agora.xtec.cat\/ceipjoanmarquescasals\/portada\/diada-de-sant-jordi-2021\/\" title=\"Read DIADA DE SANT JORDI (V\u00cdDEO DE LES DANSES)\">Llegeix m\u00e9s\u00bb<\/a><\/p>\n","protected":false},"author":1,"featured_media":4733,"comment_status":"open","ping_status":"closed","sticky":false,"template":"","format":"standard","meta":{"_bbp_topic_count":0,"_bbp_reply_count":0,"_bbp_total_topic_count":0,"_bbp_total_reply_count":0,"_bbp_voice_count":0,"_bbp_anonymous_reply_count":0,"_bbp_topic_count_hidden":0,"_bbp_reply_count_hidden":0,"_bbp_forum_subforum_count":0,"footnotes":""},"categories":[109,4],"tags":[],"class_list":["post-4732","post","type-post","status-publish","format-standard","has-post-thumbnail","hentry","category-families-2","category-portada"],"post_mailing_queue_ids":[],"_links":{"self":[{"href":"https:\/\/agora.xtec.cat\/ceipjoanmarquescasals\/wp-json\/wp\/v2\/posts\/4732","targetHints":{"allow":["GET"]}}],"collection":[{"href":"https:\/\/agora.xtec.cat\/ceipjoanmarquescasals\/wp-json\/wp\/v2\/posts"}],"about":[{"href":"https:\/\/agora.xtec.cat\/ceipjoanmarquescasals\/wp-json\/wp\/v2\/types\/post"}],"author":[{"embeddable":true,"href":"https:\/\/agora.xtec.cat\/ceipjoanmarquescasals\/wp-json\/wp\/v2\/users\/1"}],"replies":[{"embeddable":true,"href":"https:\/\/agora.xtec.cat\/ceipjoanmarquescasals\/wp-json\/wp\/v2\/comments?post=4732"}],"version-history":[{"count":3,"href":"https:\/\/agora.xtec.cat\/ceipjoanmarquescasals\/wp-json\/wp\/v2\/posts\/4732\/revisions"}],"predecessor-version":[{"id":4765,"href":"https:\/\/agora.xtec.cat\/ceipjoanmarquescasals\/wp-json\/wp\/v2\/posts\/4732\/revisions\/4765"}],"wp:featuredmedia":[{"embeddable":true,"href":"https:\/\/agora.xtec.cat\/ceipjoanmarquescasals\/wp-json\/wp\/v2\/media\/4733"}],"wp:attachment":[{"href":"https:\/\/agora.xtec.cat\/ceipjoanmarquescasals\/wp-json\/wp\/v2\/media?parent=4732"}],"wp:term":[{"taxonomy":"category","embeddable":true,"href":"https:\/\/agora.xtec.cat\/ceipjoanmarquescasals\/wp-json\/wp\/v2\/categories?post=4732"},{"taxonomy":"post_tag","embeddable":true,"href":"https:\/\/agora.xtec.cat\/ceipjoanmarquescasals\/wp-json\/wp\/v2\/tags?post=4732"}],"curies":[{"name":"wp","href":"https:\/\/api.w.org\/{rel}","templated":true}]}}