{"id":4700,"date":"2021-04-18T13:50:49","date_gmt":"2021-04-18T11:50:49","guid":{"rendered":"http:\/\/agora.xtec.cat\/ceipjoanmarquescasals\/?p=4700"},"modified":"2021-04-18T18:54:55","modified_gmt":"2021-04-18T16:54:55","slug":"conte-de-sant-jordi-de-2n","status":"publish","type":"post","link":"https:\/\/agora.xtec.cat\/ceipjoanmarquescasals\/general\/conte-de-sant-jordi-de-2n\/","title":{"rendered":"Conte de Sant Jordi de 2n"},"content":{"rendered":"<p>Hola fam\u00edlies!<\/p>\n<p>Aquesta setmana els nens i les nenes de 2n hem treballat un conte que no tenia paraules. Es titula &#8220;ENDEVINA QUI FA QU\u00c8&#8221;. Estem acostumats a llegir contes que tenen paraules i ens ha sorpr\u00e8s molt que nom\u00e9s amb les il\u00b7lustracions es pugui explicar una hist\u00f2ria.<\/p>\n<p>Primer hem mirat el conte i despr\u00e9s entre tots i totes hem ordenat les l\u00e0mines de les il\u00b7lustracions. A continuaci\u00f3 hem relacionat cada l\u00e0mina amb l&#8217;acci\u00f3 que realitzaven els protagonistes de la hist\u00f2ria: un nen i un gos.<\/p>\n<p>Quan ho hem ordenat tot ho hem penjat en un estenedor, per tal que ho veiessin els alumnes d&#8217;altres classes. Ens ho hem passat molt b\u00e9!!!<\/p>\n<p><a href=\"https:\/\/agora.xtec.cat\/ceipjoanmarquescasals\/wp-content\/uploads\/usu1790\/2021\/04\/0-1.jpg\"><img loading=\"lazy\" decoding=\"async\" class=\"alignnone size-large wp-image-4712\" src=\"https:\/\/agora.xtec.cat\/ceipjoanmarquescasals\/wp-content\/uploads\/usu1790\/2021\/04\/0-1-1024x768.jpg\" alt=\"\" width=\"1024\" height=\"768\" srcset=\"https:\/\/agora.xtec.cat\/ceipjoanmarquescasals\/wp-content\/uploads\/usu1790\/2021\/04\/0-1-1024x768.jpg 1024w, https:\/\/agora.xtec.cat\/ceipjoanmarquescasals\/wp-content\/uploads\/usu1790\/2021\/04\/0-1-300x225.jpg 300w, https:\/\/agora.xtec.cat\/ceipjoanmarquescasals\/wp-content\/uploads\/usu1790\/2021\/04\/0-1-768x576.jpg 768w, https:\/\/agora.xtec.cat\/ceipjoanmarquescasals\/wp-content\/uploads\/usu1790\/2021\/04\/0-1-200x150.jpg 200w, https:\/\/agora.xtec.cat\/ceipjoanmarquescasals\/wp-content\/uploads\/usu1790\/2021\/04\/0-1.jpg 2048w\" sizes=\"auto, (max-width: 1024px) 100vw, 1024px\" \/><\/a><\/p>\n<p><a href=\"https:\/\/agora.xtec.cat\/ceipjoanmarquescasals\/wp-content\/uploads\/usu1790\/2021\/04\/1-1.jpg\"><img loading=\"lazy\" decoding=\"async\" class=\"alignnone size-large wp-image-4713\" src=\"https:\/\/agora.xtec.cat\/ceipjoanmarquescasals\/wp-content\/uploads\/usu1790\/2021\/04\/1-1-1024x768.jpg\" alt=\"\" width=\"1024\" height=\"768\" srcset=\"https:\/\/agora.xtec.cat\/ceipjoanmarquescasals\/wp-content\/uploads\/usu1790\/2021\/04\/1-1-1024x768.jpg 1024w, https:\/\/agora.xtec.cat\/ceipjoanmarquescasals\/wp-content\/uploads\/usu1790\/2021\/04\/1-1-300x225.jpg 300w, https:\/\/agora.xtec.cat\/ceipjoanmarquescasals\/wp-content\/uploads\/usu1790\/2021\/04\/1-1-768x576.jpg 768w, https:\/\/agora.xtec.cat\/ceipjoanmarquescasals\/wp-content\/uploads\/usu1790\/2021\/04\/1-1-200x150.jpg 200w, https:\/\/agora.xtec.cat\/ceipjoanmarquescasals\/wp-content\/uploads\/usu1790\/2021\/04\/1-1.jpg 2000w\" sizes=\"auto, (max-width: 1024px) 100vw, 1024px\" \/><\/a><\/p>\n<p><a href=\"https:\/\/agora.xtec.cat\/ceipjoanmarquescasals\/wp-content\/uploads\/usu1790\/2021\/04\/3-1.jpg\"><img loading=\"lazy\" decoding=\"async\" class=\"alignnone size-large wp-image-4714\" src=\"https:\/\/agora.xtec.cat\/ceipjoanmarquescasals\/wp-content\/uploads\/usu1790\/2021\/04\/3-1-1024x768.jpg\" alt=\"\" width=\"1024\" height=\"768\" srcset=\"https:\/\/agora.xtec.cat\/ceipjoanmarquescasals\/wp-content\/uploads\/usu1790\/2021\/04\/3-1-1024x768.jpg 1024w, https:\/\/agora.xtec.cat\/ceipjoanmarquescasals\/wp-content\/uploads\/usu1790\/2021\/04\/3-1-300x225.jpg 300w, https:\/\/agora.xtec.cat\/ceipjoanmarquescasals\/wp-content\/uploads\/usu1790\/2021\/04\/3-1-768x576.jpg 768w, https:\/\/agora.xtec.cat\/ceipjoanmarquescasals\/wp-content\/uploads\/usu1790\/2021\/04\/3-1-200x150.jpg 200w, https:\/\/agora.xtec.cat\/ceipjoanmarquescasals\/wp-content\/uploads\/usu1790\/2021\/04\/3-1.jpg 2000w\" sizes=\"auto, (max-width: 1024px) 100vw, 1024px\" \/><\/a><\/p>\n<p><a href=\"https:\/\/agora.xtec.cat\/ceipjoanmarquescasals\/wp-content\/uploads\/usu1790\/2021\/04\/5-1.jpg\"><img loading=\"lazy\" decoding=\"async\" class=\"alignnone size-large wp-image-4715\" src=\"https:\/\/agora.xtec.cat\/ceipjoanmarquescasals\/wp-content\/uploads\/usu1790\/2021\/04\/5-1-1024x768.jpg\" alt=\"\" width=\"1024\" height=\"768\" srcset=\"https:\/\/agora.xtec.cat\/ceipjoanmarquescasals\/wp-content\/uploads\/usu1790\/2021\/04\/5-1-1024x768.jpg 1024w, https:\/\/agora.xtec.cat\/ceipjoanmarquescasals\/wp-content\/uploads\/usu1790\/2021\/04\/5-1-300x225.jpg 300w, https:\/\/agora.xtec.cat\/ceipjoanmarquescasals\/wp-content\/uploads\/usu1790\/2021\/04\/5-1-768x576.jpg 768w, https:\/\/agora.xtec.cat\/ceipjoanmarquescasals\/wp-content\/uploads\/usu1790\/2021\/04\/5-1-200x150.jpg 200w, https:\/\/agora.xtec.cat\/ceipjoanmarquescasals\/wp-content\/uploads\/usu1790\/2021\/04\/5-1.jpg 2000w\" sizes=\"auto, (max-width: 1024px) 100vw, 1024px\" \/><\/a><\/p>\n<p><a href=\"https:\/\/agora.xtec.cat\/ceipjoanmarquescasals\/wp-content\/uploads\/usu1790\/2021\/04\/6-1.jpg\"><img loading=\"lazy\" decoding=\"async\" class=\"alignnone size-large wp-image-4716\" src=\"https:\/\/agora.xtec.cat\/ceipjoanmarquescasals\/wp-content\/uploads\/usu1790\/2021\/04\/6-1-1024x768.jpg\" alt=\"\" width=\"1024\" height=\"768\" srcset=\"https:\/\/agora.xtec.cat\/ceipjoanmarquescasals\/wp-content\/uploads\/usu1790\/2021\/04\/6-1-1024x768.jpg 1024w, https:\/\/agora.xtec.cat\/ceipjoanmarquescasals\/wp-content\/uploads\/usu1790\/2021\/04\/6-1-300x225.jpg 300w, https:\/\/agora.xtec.cat\/ceipjoanmarquescasals\/wp-content\/uploads\/usu1790\/2021\/04\/6-1-768x576.jpg 768w, https:\/\/agora.xtec.cat\/ceipjoanmarquescasals\/wp-content\/uploads\/usu1790\/2021\/04\/6-1-200x150.jpg 200w, https:\/\/agora.xtec.cat\/ceipjoanmarquescasals\/wp-content\/uploads\/usu1790\/2021\/04\/6-1.jpg 2000w\" sizes=\"auto, (max-width: 1024px) 100vw, 1024px\" \/><\/a><\/p>\n<p><a href=\"https:\/\/agora.xtec.cat\/ceipjoanmarquescasals\/wp-content\/uploads\/usu1790\/2021\/04\/7-1.jpg\"><img loading=\"lazy\" decoding=\"async\" class=\"alignnone size-large wp-image-4717\" src=\"https:\/\/agora.xtec.cat\/ceipjoanmarquescasals\/wp-content\/uploads\/usu1790\/2021\/04\/7-1-1024x506.jpg\" alt=\"\" width=\"1024\" height=\"506\" srcset=\"https:\/\/agora.xtec.cat\/ceipjoanmarquescasals\/wp-content\/uploads\/usu1790\/2021\/04\/7-1-1024x506.jpg 1024w, https:\/\/agora.xtec.cat\/ceipjoanmarquescasals\/wp-content\/uploads\/usu1790\/2021\/04\/7-1-300x148.jpg 300w, https:\/\/agora.xtec.cat\/ceipjoanmarquescasals\/wp-content\/uploads\/usu1790\/2021\/04\/7-1-768x380.jpg 768w, https:\/\/agora.xtec.cat\/ceipjoanmarquescasals\/wp-content\/uploads\/usu1790\/2021\/04\/7-1.jpg 1600w\" sizes=\"auto, (max-width: 1024px) 100vw, 1024px\" \/><\/a><\/p>\n<p><a href=\"https:\/\/agora.xtec.cat\/ceipjoanmarquescasals\/wp-content\/uploads\/usu1790\/2021\/04\/8-1.jpg\"><img loading=\"lazy\" decoding=\"async\" class=\"alignnone size-large wp-image-4718\" src=\"https:\/\/agora.xtec.cat\/ceipjoanmarquescasals\/wp-content\/uploads\/usu1790\/2021\/04\/8-1-1024x444.jpg\" alt=\"\" width=\"1024\" height=\"444\" srcset=\"https:\/\/agora.xtec.cat\/ceipjoanmarquescasals\/wp-content\/uploads\/usu1790\/2021\/04\/8-1-1024x444.jpg 1024w, https:\/\/agora.xtec.cat\/ceipjoanmarquescasals\/wp-content\/uploads\/usu1790\/2021\/04\/8-1-300x130.jpg 300w, https:\/\/agora.xtec.cat\/ceipjoanmarquescasals\/wp-content\/uploads\/usu1790\/2021\/04\/8-1-768x333.jpg 768w, https:\/\/agora.xtec.cat\/ceipjoanmarquescasals\/wp-content\/uploads\/usu1790\/2021\/04\/8-1.jpg 1600w\" sizes=\"auto, (max-width: 1024px) 100vw, 1024px\" \/><\/a><\/p>\n<p><a href=\"https:\/\/agora.xtec.cat\/ceipjoanmarquescasals\/wp-content\/uploads\/usu1790\/2021\/04\/9-1.jpg\"><img loading=\"lazy\" decoding=\"async\" class=\"alignnone size-large wp-image-4719\" src=\"https:\/\/agora.xtec.cat\/ceipjoanmarquescasals\/wp-content\/uploads\/usu1790\/2021\/04\/9-1-1024x354.jpg\" alt=\"\" width=\"1024\" height=\"354\" srcset=\"https:\/\/agora.xtec.cat\/ceipjoanmarquescasals\/wp-content\/uploads\/usu1790\/2021\/04\/9-1-1024x354.jpg 1024w, https:\/\/agora.xtec.cat\/ceipjoanmarquescasals\/wp-content\/uploads\/usu1790\/2021\/04\/9-1-300x104.jpg 300w, https:\/\/agora.xtec.cat\/ceipjoanmarquescasals\/wp-content\/uploads\/usu1790\/2021\/04\/9-1-768x266.jpg 768w, https:\/\/agora.xtec.cat\/ceipjoanmarquescasals\/wp-content\/uploads\/usu1790\/2021\/04\/9-1.jpg 1599w\" sizes=\"auto, (max-width: 1024px) 100vw, 1024px\" \/><\/a><\/p>\n<p><a href=\"https:\/\/agora.xtec.cat\/ceipjoanmarquescasals\/wp-content\/uploads\/usu1790\/2021\/04\/10-1.jpg\"><img loading=\"lazy\" decoding=\"async\" class=\"alignnone size-large wp-image-4720\" src=\"https:\/\/agora.xtec.cat\/ceipjoanmarquescasals\/wp-content\/uploads\/usu1790\/2021\/04\/10-1-1024x344.jpg\" alt=\"\" width=\"1024\" height=\"344\" srcset=\"https:\/\/agora.xtec.cat\/ceipjoanmarquescasals\/wp-content\/uploads\/usu1790\/2021\/04\/10-1-1024x344.jpg 1024w, https:\/\/agora.xtec.cat\/ceipjoanmarquescasals\/wp-content\/uploads\/usu1790\/2021\/04\/10-1-300x101.jpg 300w, https:\/\/agora.xtec.cat\/ceipjoanmarquescasals\/wp-content\/uploads\/usu1790\/2021\/04\/10-1-768x258.jpg 768w, https:\/\/agora.xtec.cat\/ceipjoanmarquescasals\/wp-content\/uploads\/usu1790\/2021\/04\/10-1.jpg 1600w\" sizes=\"auto, (max-width: 1024px) 100vw, 1024px\" \/><\/a><\/p>\n<p><a href=\"https:\/\/agora.xtec.cat\/ceipjoanmarquescasals\/wp-content\/uploads\/usu1790\/2021\/04\/11-1.jpg\"><img loading=\"lazy\" decoding=\"async\" class=\"alignnone size-large wp-image-4721\" src=\"https:\/\/agora.xtec.cat\/ceipjoanmarquescasals\/wp-content\/uploads\/usu1790\/2021\/04\/11-1-1024x325.jpg\" alt=\"\" width=\"1024\" height=\"325\" srcset=\"https:\/\/agora.xtec.cat\/ceipjoanmarquescasals\/wp-content\/uploads\/usu1790\/2021\/04\/11-1-1024x325.jpg 1024w, https:\/\/agora.xtec.cat\/ceipjoanmarquescasals\/wp-content\/uploads\/usu1790\/2021\/04\/11-1-300x95.jpg 300w, https:\/\/agora.xtec.cat\/ceipjoanmarquescasals\/wp-content\/uploads\/usu1790\/2021\/04\/11-1-768x244.jpg 768w, https:\/\/agora.xtec.cat\/ceipjoanmarquescasals\/wp-content\/uploads\/usu1790\/2021\/04\/11-1.jpg 1600w\" sizes=\"auto, (max-width: 1024px) 100vw, 1024px\" \/><\/a><\/p>\n<p><a href=\"https:\/\/agora.xtec.cat\/ceipjoanmarquescasals\/wp-content\/uploads\/usu1790\/2021\/04\/14-1.jpg\"><img loading=\"lazy\" decoding=\"async\" class=\"alignnone size-large wp-image-4722\" src=\"https:\/\/agora.xtec.cat\/ceipjoanmarquescasals\/wp-content\/uploads\/usu1790\/2021\/04\/14-1-1024x198.jpg\" alt=\"\" width=\"1024\" height=\"198\" srcset=\"https:\/\/agora.xtec.cat\/ceipjoanmarquescasals\/wp-content\/uploads\/usu1790\/2021\/04\/14-1-1024x198.jpg 1024w, https:\/\/agora.xtec.cat\/ceipjoanmarquescasals\/wp-content\/uploads\/usu1790\/2021\/04\/14-1-300x58.jpg 300w, https:\/\/agora.xtec.cat\/ceipjoanmarquescasals\/wp-content\/uploads\/usu1790\/2021\/04\/14-1-768x148.jpg 768w, https:\/\/agora.xtec.cat\/ceipjoanmarquescasals\/wp-content\/uploads\/usu1790\/2021\/04\/14-1.jpg 1600w\" sizes=\"auto, (max-width: 1024px) 100vw, 1024px\" \/><\/a><\/p>\n<p>&nbsp;<\/p>\n<p>&nbsp;<\/p>\n<p>&nbsp;<\/p>\n<p>&nbsp;<\/p>\n<p>&nbsp;<\/p>\n","protected":false},"excerpt":{"rendered":"<p>Hola fam\u00edlies!<br \/>\nAquesta setmana els nens i les nenes de 2n hem treballat un conte que no tenia paraules. Es titula &#8220;ENDEVINA QUI FA QU\u00c8&#8221;. Estem acostumats a llegir contes que tenen paraules i ens ha sorpr\u00e8s molt que nom\u00e9s amb les il\u00b7lustracions es pugui explicar&hellip;  <a href=\"https:\/\/agora.xtec.cat\/ceipjoanmarquescasals\/general\/conte-de-sant-jordi-de-2n\/\" title=\"Read Conte de Sant Jordi de 2n\">Llegeix m\u00e9s\u00bb<\/a><\/p>\n","protected":false},"author":28,"featured_media":4716,"comment_status":"open","ping_status":"closed","sticky":false,"template":"","format":"standard","meta":{"_bbp_topic_count":0,"_bbp_reply_count":0,"_bbp_total_topic_count":0,"_bbp_total_reply_count":0,"_bbp_voice_count":0,"_bbp_anonymous_reply_count":0,"_bbp_topic_count_hidden":0,"_bbp_reply_count_hidden":0,"_bbp_forum_subforum_count":0,"footnotes":""},"categories":[68,1,4,5],"tags":[192,102,73,103],"class_list":["post-4700","post","type-post","status-publish","format-standard","has-post-thumbnail","hentry","category-cicle-incial","category-general","category-portada","category-primaria","tag-comunitat-mitjans","tag-general","tag-portada","tag-primaria"],"post_mailing_queue_ids":[],"_links":{"self":[{"href":"https:\/\/agora.xtec.cat\/ceipjoanmarquescasals\/wp-json\/wp\/v2\/posts\/4700","targetHints":{"allow":["GET"]}}],"collection":[{"href":"https:\/\/agora.xtec.cat\/ceipjoanmarquescasals\/wp-json\/wp\/v2\/posts"}],"about":[{"href":"https:\/\/agora.xtec.cat\/ceipjoanmarquescasals\/wp-json\/wp\/v2\/types\/post"}],"author":[{"embeddable":true,"href":"https:\/\/agora.xtec.cat\/ceipjoanmarquescasals\/wp-json\/wp\/v2\/users\/28"}],"replies":[{"embeddable":true,"href":"https:\/\/agora.xtec.cat\/ceipjoanmarquescasals\/wp-json\/wp\/v2\/comments?post=4700"}],"version-history":[{"count":2,"href":"https:\/\/agora.xtec.cat\/ceipjoanmarquescasals\/wp-json\/wp\/v2\/posts\/4700\/revisions"}],"predecessor-version":[{"id":4724,"href":"https:\/\/agora.xtec.cat\/ceipjoanmarquescasals\/wp-json\/wp\/v2\/posts\/4700\/revisions\/4724"}],"wp:featuredmedia":[{"embeddable":true,"href":"https:\/\/agora.xtec.cat\/ceipjoanmarquescasals\/wp-json\/wp\/v2\/media\/4716"}],"wp:attachment":[{"href":"https:\/\/agora.xtec.cat\/ceipjoanmarquescasals\/wp-json\/wp\/v2\/media?parent=4700"}],"wp:term":[{"taxonomy":"category","embeddable":true,"href":"https:\/\/agora.xtec.cat\/ceipjoanmarquescasals\/wp-json\/wp\/v2\/categories?post=4700"},{"taxonomy":"post_tag","embeddable":true,"href":"https:\/\/agora.xtec.cat\/ceipjoanmarquescasals\/wp-json\/wp\/v2\/tags?post=4700"}],"curies":[{"name":"wp","href":"https:\/\/api.w.org\/{rel}","templated":true}]}}