{"id":4549,"date":"2021-03-18T10:20:26","date_gmt":"2021-03-18T09:20:26","guid":{"rendered":"http:\/\/agora.xtec.cat\/ceipjoanmarquescasals\/?p=4549"},"modified":"2021-03-18T10:20:26","modified_gmt":"2021-03-18T09:20:26","slug":"acrosport-a-3r","status":"publish","type":"post","link":"https:\/\/agora.xtec.cat\/ceipjoanmarquescasals\/general\/acrosport-a-3r\/","title":{"rendered":"ACROSPORT A 3r"},"content":{"rendered":"<p><strong>Durant aquest segon trimestre els alumnes de tercer A, B i mixt han estat treballant l&#8217;Acrosport dins de l&#8217;\u00e0rea d&#8217;educaci\u00f3 f\u00edsica<\/strong>.<\/p>\n<p>Han treballat l&#8217;equilibri, el coneixement del seu cos, la for\u00e7a i la col\u00b7laboraci\u00f3 amb els companys.<\/p>\n<p>Aqu\u00ed us deixem\u00a0 algunes imatges ben divertides!!!!!!. Seleccioneu l&#8217;enlla\u00e7 i obriu-lo.<\/p>\n<p>https:\/\/drive.google.com\/file\/d\/15ODMJGHi5T09y3nmLz9UxTX5le-czvwX\/view?usp=sharing<\/p>\n<p>https:\/\/drive.google.com\/file\/d\/15cukJjsGfoZ052mBgAQK5nuU-gkDSULv\/view?usp=sharing<\/p>\n<p>https:\/\/drive.google.com\/file\/d\/15d8voPNu3q2-7-0jF6nts4oyB0PRK-92\/view?usp=sharing<\/p>\n<p>https:\/\/drive.google.com\/file\/d\/15cqeqvQ_GLu9PlOXcKN_3gMzHmmmqcS6\/view?usp=sharing<\/p>\n<p>https:\/\/drive.google.com\/file\/d\/15aU4Q6rpuhj4z-Rl2m9RYKoMlEO_dEYd\/view?usp=sharing<\/p>\n<p>https:\/\/drive.google.com\/file\/d\/15WRALF9TfiyxL7_1ImPQHIwywsX_weYB\/view?usp=sharing<\/p>\n<p>https:\/\/drive.google.com\/file\/d\/15ZVfvf7FP8DmWWdPQ6zS9O0btTNzyK-Z\/view?usp=sharing<\/p>\n<p>https:\/\/drive.google.com\/file\/d\/15Z7ANZrsd04K4sKQvilHsFqG7oV1Wf1w\/view?usp=sharing<\/p>\n<p>https:\/\/drive.google.com\/file\/d\/15TEbEiiQ3rRu-cELtemcWRgiQlBYHO4S\/view?usp=sharing<\/p>\n<p>&nbsp;<\/p>\n","protected":false},"excerpt":{"rendered":"<p>Durant aquest segon trimestre els alumnes de tercer A, B i mixt han estat treballant l&#8217;Acrosport dins de l&#8217;\u00e0rea d&#8217;educaci\u00f3 f\u00edsica.<br \/>\nHan treballat l&#8217;equilibri, el coneixement del seu cos, la for\u00e7a i la col\u00b7laboraci\u00f3 amb els companys.<br \/>\nAqu\u00ed us deixem\u00a0 algunes imatges ben divertides!!!!!!. Seleccioneu l&#8217;enlla\u00e7 i&hellip;  <a href=\"https:\/\/agora.xtec.cat\/ceipjoanmarquescasals\/general\/acrosport-a-3r\/\" title=\"Read ACROSPORT A 3r\">Llegeix m\u00e9s\u00bb<\/a><\/p>\n","protected":false},"author":36,"featured_media":4556,"comment_status":"open","ping_status":"closed","sticky":false,"template":"","format":"standard","meta":{"_bbp_topic_count":0,"_bbp_reply_count":0,"_bbp_total_topic_count":0,"_bbp_total_reply_count":0,"_bbp_voice_count":0,"_bbp_anonymous_reply_count":0,"_bbp_topic_count_hidden":0,"_bbp_reply_count_hidden":0,"_bbp_forum_subforum_count":0,"footnotes":""},"categories":[7,68,142,109,1,5],"tags":[],"class_list":["post-4549","post","type-post","status-publish","format-standard","has-post-thumbnail","hentry","category-ampa","category-cicle-incial","category-educacio-fisica","category-families-2","category-general","category-primaria"],"post_mailing_queue_ids":[],"_links":{"self":[{"href":"https:\/\/agora.xtec.cat\/ceipjoanmarquescasals\/wp-json\/wp\/v2\/posts\/4549","targetHints":{"allow":["GET"]}}],"collection":[{"href":"https:\/\/agora.xtec.cat\/ceipjoanmarquescasals\/wp-json\/wp\/v2\/posts"}],"about":[{"href":"https:\/\/agora.xtec.cat\/ceipjoanmarquescasals\/wp-json\/wp\/v2\/types\/post"}],"author":[{"embeddable":true,"href":"https:\/\/agora.xtec.cat\/ceipjoanmarquescasals\/wp-json\/wp\/v2\/users\/36"}],"replies":[{"embeddable":true,"href":"https:\/\/agora.xtec.cat\/ceipjoanmarquescasals\/wp-json\/wp\/v2\/comments?post=4549"}],"version-history":[{"count":2,"href":"https:\/\/agora.xtec.cat\/ceipjoanmarquescasals\/wp-json\/wp\/v2\/posts\/4549\/revisions"}],"predecessor-version":[{"id":4562,"href":"https:\/\/agora.xtec.cat\/ceipjoanmarquescasals\/wp-json\/wp\/v2\/posts\/4549\/revisions\/4562"}],"wp:featuredmedia":[{"embeddable":true,"href":"https:\/\/agora.xtec.cat\/ceipjoanmarquescasals\/wp-json\/wp\/v2\/media\/4556"}],"wp:attachment":[{"href":"https:\/\/agora.xtec.cat\/ceipjoanmarquescasals\/wp-json\/wp\/v2\/media?parent=4549"}],"wp:term":[{"taxonomy":"category","embeddable":true,"href":"https:\/\/agora.xtec.cat\/ceipjoanmarquescasals\/wp-json\/wp\/v2\/categories?post=4549"},{"taxonomy":"post_tag","embeddable":true,"href":"https:\/\/agora.xtec.cat\/ceipjoanmarquescasals\/wp-json\/wp\/v2\/tags?post=4549"}],"curies":[{"name":"wp","href":"https:\/\/api.w.org\/{rel}","templated":true}]}}