{"id":4307,"date":"2021-02-13T18:11:44","date_gmt":"2021-02-13T17:11:44","guid":{"rendered":"http:\/\/agora.xtec.cat\/ceipjoanmarquescasals\/?p=4307"},"modified":"2021-02-13T18:11:44","modified_gmt":"2021-02-13T17:11:44","slug":"projecte-passaport-edunauta-educacio-360","status":"publish","type":"post","link":"https:\/\/agora.xtec.cat\/ceipjoanmarquescasals\/projecte-educatiu\/edunauta\/projecte-passaport-edunauta-educacio-360\/","title":{"rendered":"Projecte PASSAPORT EDUNAUTA. Educaci\u00f3 360."},"content":{"rendered":"<p style=\"text-align: justify;\">L&#8217; escola Joan Marqu\u00e8s i Casals ens hem sumat a la crida del Projecte Passaport Edunauta.<\/p>\n<p style=\"text-align: justify;\">Aquest \u00e9s un projecte d\u2019ampliaci\u00f3 d\u2019oportunitats educatives i d\u2019acreditaci\u00f3 dels aprenentatges fora escola per a infants de 3 a 12 anys, que catalitza i connecta tota la pot\u00e8ncia educativa d\u2019un territori. \u00c9s una iniciativa que sorgeix en el marc de l\u2019Educaci\u00f3 360 i que est\u00e0 impulsada per la <a href=\"http:\/\/www.meseducacio.coop\/\" target=\"_blank\" rel=\"noopener noreferrer\">Cooperativa +Educaci\u00f3<\/a> i la <a href=\"https:\/\/fundaciobofill.cat\/\" target=\"_blank\" rel=\"noopener noreferrer\">Fundaci\u00f3 Bofill<\/a>. amb la col.col\u00b7laboraci\u00f3 de l&#8217; Ajuntament de Terrassa.<\/p>\n<p style=\"text-align: justify;\">A trav\u00e9s d&#8217; una metodologia innovadora que refor\u00e7a l&#8217; equitat, connectant oportunitats educatives, involucrant a tot el teixit comunitari, tot reconeixent els aprenentatges fora de l&#8217; escola.<\/p>\n<p style=\"text-align: justify;\">Totes les activitats que en un futur es podran realitzar a les diferents entitats p\u00fabliques i privades de Terrassa, ara es\u00a0 faran dintre de l&#8217; escola amb el grup bombolla degut a la pand\u00e8mia. S\u00f3n activitats que realitzaran els alumnes de 5\u00e8 i 6\u00e8.<\/p>\n<p style=\"text-align: justify;\">Els alumnes d&#8217; aquests cursos ja tenen un passaport edunauta on l\u2019infant pot reflectir tot el que apr\u00e8n explorant i gaudint de les activitats educatives que ofereix el seu entorn.<\/p>\n<p>La primera sessi\u00f3 ser\u00e0 un scape room!<\/p>\n<p>&nbsp;<\/p>\n","protected":false},"excerpt":{"rendered":"<p>L&#8217; escola Joan Marqu\u00e8s i Casals ens hem sumat a la crida del Projecte Passaport Edunauta.<br \/>\nAquest \u00e9s un projecte d\u2019ampliaci\u00f3 d\u2019oportunitats educatives i d\u2019acreditaci\u00f3 dels aprenentatges fora escola per a infants de 3 a 12 anys, que catalitza i connecta tota la pot\u00e8ncia educativa d\u2019un&hellip;  <a href=\"https:\/\/agora.xtec.cat\/ceipjoanmarquescasals\/projecte-educatiu\/edunauta\/projecte-passaport-edunauta-educacio-360\/\" title=\"Read Projecte PASSAPORT EDUNAUTA. Educaci\u00f3 360.\">Llegeix m\u00e9s\u00bb<\/a><\/p>\n","protected":false},"author":1,"featured_media":0,"comment_status":"open","ping_status":"closed","sticky":false,"template":"","format":"standard","meta":{"_bbp_topic_count":0,"_bbp_reply_count":0,"_bbp_total_topic_count":0,"_bbp_total_reply_count":0,"_bbp_voice_count":0,"_bbp_anonymous_reply_count":0,"_bbp_topic_count_hidden":0,"_bbp_reply_count_hidden":0,"_bbp_forum_subforum_count":0,"footnotes":""},"categories":[241],"tags":[],"class_list":["post-4307","post","type-post","status-publish","format-standard","hentry","category-edunauta"],"post_mailing_queue_ids":[],"_links":{"self":[{"href":"https:\/\/agora.xtec.cat\/ceipjoanmarquescasals\/wp-json\/wp\/v2\/posts\/4307","targetHints":{"allow":["GET"]}}],"collection":[{"href":"https:\/\/agora.xtec.cat\/ceipjoanmarquescasals\/wp-json\/wp\/v2\/posts"}],"about":[{"href":"https:\/\/agora.xtec.cat\/ceipjoanmarquescasals\/wp-json\/wp\/v2\/types\/post"}],"author":[{"embeddable":true,"href":"https:\/\/agora.xtec.cat\/ceipjoanmarquescasals\/wp-json\/wp\/v2\/users\/1"}],"replies":[{"embeddable":true,"href":"https:\/\/agora.xtec.cat\/ceipjoanmarquescasals\/wp-json\/wp\/v2\/comments?post=4307"}],"version-history":[{"count":1,"href":"https:\/\/agora.xtec.cat\/ceipjoanmarquescasals\/wp-json\/wp\/v2\/posts\/4307\/revisions"}],"predecessor-version":[{"id":4308,"href":"https:\/\/agora.xtec.cat\/ceipjoanmarquescasals\/wp-json\/wp\/v2\/posts\/4307\/revisions\/4308"}],"wp:attachment":[{"href":"https:\/\/agora.xtec.cat\/ceipjoanmarquescasals\/wp-json\/wp\/v2\/media?parent=4307"}],"wp:term":[{"taxonomy":"category","embeddable":true,"href":"https:\/\/agora.xtec.cat\/ceipjoanmarquescasals\/wp-json\/wp\/v2\/categories?post=4307"},{"taxonomy":"post_tag","embeddable":true,"href":"https:\/\/agora.xtec.cat\/ceipjoanmarquescasals\/wp-json\/wp\/v2\/tags?post=4307"}],"curies":[{"name":"wp","href":"https:\/\/api.w.org\/{rel}","templated":true}]}}