{"id":4189,"date":"2021-02-05T21:51:08","date_gmt":"2021-02-05T20:51:08","guid":{"rendered":"http:\/\/agora.xtec.cat\/ceipjoanmarquescasals\/?p=4189"},"modified":"2021-02-06T16:30:14","modified_gmt":"2021-02-06T15:30:14","slug":"ja-ha-arribat-el-sr-carnestoltes-a-l-escola","status":"publish","type":"post","link":"https:\/\/agora.xtec.cat\/ceipjoanmarquescasals\/general\/ja-ha-arribat-el-sr-carnestoltes-a-l-escola\/","title":{"rendered":"Ja ha arribat el Sr. Carnestoltes a l&#8217;escola!"},"content":{"rendered":"<h3 class=\"gmail_default\"><strong>Hola a tothom!!!!!\u00a0 <\/strong>Per fi, he arribat!!!!<\/h3>\n<div class=\"gmail_quote\">\n<div dir=\"auto\">\n<div dir=\"auto\" style=\"text-align: justify;\">Esteu preparats per la gresca??? Doncs per dilluns&#8230;<\/div>\n<\/div>\n<\/div>\n<div dir=\"auto\"><\/div>\n<div dir=\"auto\"><a href=\"https:\/\/agora.xtec.cat\/ceipjoanmarquescasals\/wp-content\/uploads\/usu1790\/2021\/02\/consignadilluns-1.jpg\"><img loading=\"lazy\" decoding=\"async\" class=\"aligncenter size-medium wp-image-4193\" src=\"https:\/\/agora.xtec.cat\/ceipjoanmarquescasals\/wp-content\/uploads\/usu1790\/2021\/02\/consignadilluns-1-300x225.jpg\" alt=\"\" width=\"300\" height=\"225\" srcset=\"https:\/\/agora.xtec.cat\/ceipjoanmarquescasals\/wp-content\/uploads\/usu1790\/2021\/02\/consignadilluns-1-300x225.jpg 300w, https:\/\/agora.xtec.cat\/ceipjoanmarquescasals\/wp-content\/uploads\/usu1790\/2021\/02\/consignadilluns-1-768x576.jpg 768w, https:\/\/agora.xtec.cat\/ceipjoanmarquescasals\/wp-content\/uploads\/usu1790\/2021\/02\/consignadilluns-1-1024x768.jpg 1024w, https:\/\/agora.xtec.cat\/ceipjoanmarquescasals\/wp-content\/uploads\/usu1790\/2021\/02\/consignadilluns-1-200x150.jpg 200w\" sizes=\"auto, (max-width: 300px) 100vw, 300px\" \/><\/a><\/div>\n<div dir=\"auto\">Aquest any, com cada any, celebrarem el carnaval a l&#8217; escola. Els tres edificis que tenim estan ja decorats i els alumnes ja hem pogut veure el tema d&#8217; aquest any: la literatura. El nostre carnestoltes \u00e9s un detectiu, personatge t\u00edpic de la novel.la negra. La decoraci\u00f3 dels halls ha anat a c\u00e0rrec de l&#8217; Institut Jaume Cabr\u00e9.<\/div>\n<div dir=\"auto\"><\/div>\n<div dir=\"auto\">Per la situaci\u00f3 sanit\u00e0ria Covid-19\u00a0 no es realitzar\u00e0 la rua. Durant tota la setmana el senyor carnestoltes ens anir\u00e0 dient quines coses hem de portar, les ordres les penjarem en les entrades dels edificis, i en la web. Finalment divendres tots ens disfressarem. Divendres ser\u00e0 un dia especial on els alumnes realitzaran a les classes diferents activitats: desfilades, activitats de pintura, de m\u00fasica, etc&#8230;totes elles al voltant de la festa de Carnestoltes.<\/div>\n<div dir=\"auto\"><\/div>\n<div dir=\"auto\">Divendres farem jornada intensiva.<\/div>\n<div dir=\"auto\"><\/div>\n<div dir=\"auto\">Que comenci la festa!!!<\/div>\n<div dir=\"auto\"><\/div>\n","protected":false},"excerpt":{"rendered":"<p>Hola a tothom!!!!!\u00a0 Per fi, he arribat!!!!<\/p>\n<p>Esteu preparats per la gresca??? Doncs per dilluns&#8230;<\/p>\n<p><a href=\"https:\/\/agora.xtec.cat\/ceipjoanmarquescasals\/wp-content\/uploads\/usu1790\/2021\/02\/consignadilluns-1.jpg\"><\/a><br \/>\nAquest any, com cada any, celebrarem el carnaval a l&#8217; escola. Els tres edificis que tenim estan ja decorats i els alumnes ja hem pogut veure el tema d&#8217; aquest any:&hellip;  <a href=\"https:\/\/agora.xtec.cat\/ceipjoanmarquescasals\/general\/ja-ha-arribat-el-sr-carnestoltes-a-l-escola\/\" title=\"Read Ja ha arribat el Sr. Carnestoltes a l&#8217;escola!\">Llegeix m\u00e9s\u00bb<\/a><\/p>\n","protected":false},"author":1,"featured_media":4193,"comment_status":"open","ping_status":"closed","sticky":false,"template":"","format":"standard","meta":{"_bbp_topic_count":0,"_bbp_reply_count":0,"_bbp_total_topic_count":0,"_bbp_total_reply_count":0,"_bbp_voice_count":0,"_bbp_anonymous_reply_count":0,"_bbp_topic_count_hidden":0,"_bbp_reply_count_hidden":0,"_bbp_forum_subforum_count":0,"footnotes":""},"categories":[69,68,2,109,1,4],"tags":[],"class_list":["post-4189","post","type-post","status-publish","format-standard","has-post-thumbnail","hentry","category-cicle-mitja","category-cicle-incial","category-infantil","category-families-2","category-general","category-portada"],"post_mailing_queue_ids":[],"_links":{"self":[{"href":"https:\/\/agora.xtec.cat\/ceipjoanmarquescasals\/wp-json\/wp\/v2\/posts\/4189","targetHints":{"allow":["GET"]}}],"collection":[{"href":"https:\/\/agora.xtec.cat\/ceipjoanmarquescasals\/wp-json\/wp\/v2\/posts"}],"about":[{"href":"https:\/\/agora.xtec.cat\/ceipjoanmarquescasals\/wp-json\/wp\/v2\/types\/post"}],"author":[{"embeddable":true,"href":"https:\/\/agora.xtec.cat\/ceipjoanmarquescasals\/wp-json\/wp\/v2\/users\/1"}],"replies":[{"embeddable":true,"href":"https:\/\/agora.xtec.cat\/ceipjoanmarquescasals\/wp-json\/wp\/v2\/comments?post=4189"}],"version-history":[{"count":3,"href":"https:\/\/agora.xtec.cat\/ceipjoanmarquescasals\/wp-json\/wp\/v2\/posts\/4189\/revisions"}],"predecessor-version":[{"id":4219,"href":"https:\/\/agora.xtec.cat\/ceipjoanmarquescasals\/wp-json\/wp\/v2\/posts\/4189\/revisions\/4219"}],"wp:featuredmedia":[{"embeddable":true,"href":"https:\/\/agora.xtec.cat\/ceipjoanmarquescasals\/wp-json\/wp\/v2\/media\/4193"}],"wp:attachment":[{"href":"https:\/\/agora.xtec.cat\/ceipjoanmarquescasals\/wp-json\/wp\/v2\/media?parent=4189"}],"wp:term":[{"taxonomy":"category","embeddable":true,"href":"https:\/\/agora.xtec.cat\/ceipjoanmarquescasals\/wp-json\/wp\/v2\/categories?post=4189"},{"taxonomy":"post_tag","embeddable":true,"href":"https:\/\/agora.xtec.cat\/ceipjoanmarquescasals\/wp-json\/wp\/v2\/tags?post=4189"}],"curies":[{"name":"wp","href":"https:\/\/api.w.org\/{rel}","templated":true}]}}