{"id":4161,"date":"2021-01-30T20:44:54","date_gmt":"2021-01-30T19:44:54","guid":{"rendered":"http:\/\/agora.xtec.cat\/ceipjoanmarquescasals\/?p=4161"},"modified":"2021-01-30T20:48:55","modified_gmt":"2021-01-30T19:48:55","slug":"sortida-al-barri-2","status":"publish","type":"post","link":"https:\/\/agora.xtec.cat\/ceipjoanmarquescasals\/general\/sortida-al-barri-2\/","title":{"rendered":"SORTIDA AL BARRI"},"content":{"rendered":"<p>Hola fam\u00edlies!<\/p>\n<p>Aquesta setmana els alumnes de 2n han fet una sortida pel barri de Sant Pere Nord. Aquesta sortida est\u00e0 emmarcada dins del Projecte del Barri.<\/p>\n<p>Els nens i les nenes han pogut veure els diferents equipaments del nostre barri: la ludoteca, el casal d&#8217;avis, la biblioteca i el centre c\u00edvic. Tamb\u00e9 han passejat per la Rambla Francesc Maci\u00e0 i han vist els comer\u00e7os d&#8217;alimentaci\u00f3, de moda, les farm\u00e0cies&#8230; Tot passejant s&#8217;han fixat que hi ha contenidors de diferents colors per a poder reciclar. Han pogut veure la Pla\u00e7a de l&#8217;aigua, els murals de la Pla\u00e7a Cipriano Garc\u00eda i el bonic graffiti de la Pla\u00e7a 1r de Maig. Han acabat la sortida veient el Parc de la Rep\u00fablica que tant coneixen.<\/p>\n<p>Aqu\u00ed us deixem algunes fotos.<\/p>\n<p><a href=\"https:\/\/agora.xtec.cat\/ceipjoanmarquescasals\/wp-content\/uploads\/usu1790\/2021\/01\/1-2.jpg\"><img loading=\"lazy\" decoding=\"async\" class=\"alignnone size-large wp-image-4162\" src=\"https:\/\/agora.xtec.cat\/ceipjoanmarquescasals\/wp-content\/uploads\/usu1790\/2021\/01\/1-2-1024x768.jpg\" alt=\"\" width=\"1024\" height=\"768\" srcset=\"https:\/\/agora.xtec.cat\/ceipjoanmarquescasals\/wp-content\/uploads\/usu1790\/2021\/01\/1-2-1024x768.jpg 1024w, https:\/\/agora.xtec.cat\/ceipjoanmarquescasals\/wp-content\/uploads\/usu1790\/2021\/01\/1-2-300x225.jpg 300w, https:\/\/agora.xtec.cat\/ceipjoanmarquescasals\/wp-content\/uploads\/usu1790\/2021\/01\/1-2-768x576.jpg 768w, https:\/\/agora.xtec.cat\/ceipjoanmarquescasals\/wp-content\/uploads\/usu1790\/2021\/01\/1-2-200x150.jpg 200w, https:\/\/agora.xtec.cat\/ceipjoanmarquescasals\/wp-content\/uploads\/usu1790\/2021\/01\/1-2.jpg 2048w\" sizes=\"auto, (max-width: 1024px) 100vw, 1024px\" \/><\/a><\/p>\n<p><a href=\"https:\/\/agora.xtec.cat\/ceipjoanmarquescasals\/wp-content\/uploads\/usu1790\/2021\/01\/2-2.jpg\"><img loading=\"lazy\" decoding=\"async\" class=\"alignnone size-large wp-image-4163\" src=\"https:\/\/agora.xtec.cat\/ceipjoanmarquescasals\/wp-content\/uploads\/usu1790\/2021\/01\/2-2-1024x768.jpg\" alt=\"\" width=\"1024\" height=\"768\" srcset=\"https:\/\/agora.xtec.cat\/ceipjoanmarquescasals\/wp-content\/uploads\/usu1790\/2021\/01\/2-2-1024x768.jpg 1024w, https:\/\/agora.xtec.cat\/ceipjoanmarquescasals\/wp-content\/uploads\/usu1790\/2021\/01\/2-2-300x225.jpg 300w, https:\/\/agora.xtec.cat\/ceipjoanmarquescasals\/wp-content\/uploads\/usu1790\/2021\/01\/2-2-768x576.jpg 768w, https:\/\/agora.xtec.cat\/ceipjoanmarquescasals\/wp-content\/uploads\/usu1790\/2021\/01\/2-2-200x150.jpg 200w, https:\/\/agora.xtec.cat\/ceipjoanmarquescasals\/wp-content\/uploads\/usu1790\/2021\/01\/2-2.jpg 2048w\" sizes=\"auto, (max-width: 1024px) 100vw, 1024px\" \/><\/a><\/p>\n<p><a href=\"https:\/\/agora.xtec.cat\/ceipjoanmarquescasals\/wp-content\/uploads\/usu1790\/2021\/01\/3-2.jpg\"><img loading=\"lazy\" decoding=\"async\" class=\"alignnone size-large wp-image-4164\" src=\"https:\/\/agora.xtec.cat\/ceipjoanmarquescasals\/wp-content\/uploads\/usu1790\/2021\/01\/3-2-1024x768.jpg\" alt=\"\" width=\"1024\" height=\"768\" srcset=\"https:\/\/agora.xtec.cat\/ceipjoanmarquescasals\/wp-content\/uploads\/usu1790\/2021\/01\/3-2-1024x768.jpg 1024w, https:\/\/agora.xtec.cat\/ceipjoanmarquescasals\/wp-content\/uploads\/usu1790\/2021\/01\/3-2-300x225.jpg 300w, https:\/\/agora.xtec.cat\/ceipjoanmarquescasals\/wp-content\/uploads\/usu1790\/2021\/01\/3-2-768x576.jpg 768w, https:\/\/agora.xtec.cat\/ceipjoanmarquescasals\/wp-content\/uploads\/usu1790\/2021\/01\/3-2-200x150.jpg 200w, https:\/\/agora.xtec.cat\/ceipjoanmarquescasals\/wp-content\/uploads\/usu1790\/2021\/01\/3-2.jpg 2000w\" sizes=\"auto, (max-width: 1024px) 100vw, 1024px\" \/><\/a><\/p>\n<p><a href=\"https:\/\/agora.xtec.cat\/ceipjoanmarquescasals\/wp-content\/uploads\/usu1790\/2021\/01\/4-2.jpg\"><img loading=\"lazy\" decoding=\"async\" class=\"alignnone size-large wp-image-4165\" src=\"https:\/\/agora.xtec.cat\/ceipjoanmarquescasals\/wp-content\/uploads\/usu1790\/2021\/01\/4-2-1024x768.jpg\" alt=\"\" width=\"1024\" height=\"768\" srcset=\"https:\/\/agora.xtec.cat\/ceipjoanmarquescasals\/wp-content\/uploads\/usu1790\/2021\/01\/4-2-1024x768.jpg 1024w, https:\/\/agora.xtec.cat\/ceipjoanmarquescasals\/wp-content\/uploads\/usu1790\/2021\/01\/4-2-300x225.jpg 300w, https:\/\/agora.xtec.cat\/ceipjoanmarquescasals\/wp-content\/uploads\/usu1790\/2021\/01\/4-2-768x576.jpg 768w, https:\/\/agora.xtec.cat\/ceipjoanmarquescasals\/wp-content\/uploads\/usu1790\/2021\/01\/4-2-200x150.jpg 200w, https:\/\/agora.xtec.cat\/ceipjoanmarquescasals\/wp-content\/uploads\/usu1790\/2021\/01\/4-2.jpg 2048w\" sizes=\"auto, (max-width: 1024px) 100vw, 1024px\" \/><\/a><\/p>\n<p><a href=\"https:\/\/agora.xtec.cat\/ceipjoanmarquescasals\/wp-content\/uploads\/usu1790\/2021\/01\/5-2.jpg\"><img loading=\"lazy\" decoding=\"async\" class=\"alignnone size-large wp-image-4166\" src=\"https:\/\/agora.xtec.cat\/ceipjoanmarquescasals\/wp-content\/uploads\/usu1790\/2021\/01\/5-2-1024x633.jpg\" alt=\"\" width=\"1024\" height=\"633\" srcset=\"https:\/\/agora.xtec.cat\/ceipjoanmarquescasals\/wp-content\/uploads\/usu1790\/2021\/01\/5-2-1024x633.jpg 1024w, https:\/\/agora.xtec.cat\/ceipjoanmarquescasals\/wp-content\/uploads\/usu1790\/2021\/01\/5-2-300x185.jpg 300w, https:\/\/agora.xtec.cat\/ceipjoanmarquescasals\/wp-content\/uploads\/usu1790\/2021\/01\/5-2-768x475.jpg 768w, https:\/\/agora.xtec.cat\/ceipjoanmarquescasals\/wp-content\/uploads\/usu1790\/2021\/01\/5-2.jpg 1954w\" sizes=\"auto, (max-width: 1024px) 100vw, 1024px\" \/><\/a><\/p>\n<p><a href=\"https:\/\/agora.xtec.cat\/ceipjoanmarquescasals\/wp-content\/uploads\/usu1790\/2021\/01\/6-2.jpg\"><img loading=\"lazy\" decoding=\"async\" class=\"alignnone size-large wp-image-4167\" src=\"https:\/\/agora.xtec.cat\/ceipjoanmarquescasals\/wp-content\/uploads\/usu1790\/2021\/01\/6-2-1024x768.jpg\" alt=\"\" width=\"1024\" height=\"768\" srcset=\"https:\/\/agora.xtec.cat\/ceipjoanmarquescasals\/wp-content\/uploads\/usu1790\/2021\/01\/6-2-1024x768.jpg 1024w, https:\/\/agora.xtec.cat\/ceipjoanmarquescasals\/wp-content\/uploads\/usu1790\/2021\/01\/6-2-300x225.jpg 300w, https:\/\/agora.xtec.cat\/ceipjoanmarquescasals\/wp-content\/uploads\/usu1790\/2021\/01\/6-2-768x576.jpg 768w, https:\/\/agora.xtec.cat\/ceipjoanmarquescasals\/wp-content\/uploads\/usu1790\/2021\/01\/6-2-200x150.jpg 200w, https:\/\/agora.xtec.cat\/ceipjoanmarquescasals\/wp-content\/uploads\/usu1790\/2021\/01\/6-2.jpg 2000w\" sizes=\"auto, (max-width: 1024px) 100vw, 1024px\" \/><\/a><\/p>\n<p><a href=\"https:\/\/agora.xtec.cat\/ceipjoanmarquescasals\/wp-content\/uploads\/usu1790\/2021\/01\/7-1.jpg\"><img loading=\"lazy\" decoding=\"async\" class=\"alignnone size-large wp-image-4168\" src=\"https:\/\/agora.xtec.cat\/ceipjoanmarquescasals\/wp-content\/uploads\/usu1790\/2021\/01\/7-1-1024x768.jpg\" alt=\"\" width=\"1024\" height=\"768\" srcset=\"https:\/\/agora.xtec.cat\/ceipjoanmarquescasals\/wp-content\/uploads\/usu1790\/2021\/01\/7-1-1024x768.jpg 1024w, https:\/\/agora.xtec.cat\/ceipjoanmarquescasals\/wp-content\/uploads\/usu1790\/2021\/01\/7-1-300x225.jpg 300w, https:\/\/agora.xtec.cat\/ceipjoanmarquescasals\/wp-content\/uploads\/usu1790\/2021\/01\/7-1-768x576.jpg 768w, https:\/\/agora.xtec.cat\/ceipjoanmarquescasals\/wp-content\/uploads\/usu1790\/2021\/01\/7-1-200x150.jpg 200w, https:\/\/agora.xtec.cat\/ceipjoanmarquescasals\/wp-content\/uploads\/usu1790\/2021\/01\/7-1.jpg 2000w\" sizes=\"auto, (max-width: 1024px) 100vw, 1024px\" \/><\/a><\/p>\n<p><a href=\"https:\/\/agora.xtec.cat\/ceipjoanmarquescasals\/wp-content\/uploads\/usu1790\/2021\/01\/8-1.jpg\"><img loading=\"lazy\" decoding=\"async\" class=\"alignnone size-large wp-image-4169\" src=\"https:\/\/agora.xtec.cat\/ceipjoanmarquescasals\/wp-content\/uploads\/usu1790\/2021\/01\/8-1-1024x768.jpg\" alt=\"\" width=\"1024\" height=\"768\" srcset=\"https:\/\/agora.xtec.cat\/ceipjoanmarquescasals\/wp-content\/uploads\/usu1790\/2021\/01\/8-1-1024x768.jpg 1024w, https:\/\/agora.xtec.cat\/ceipjoanmarquescasals\/wp-content\/uploads\/usu1790\/2021\/01\/8-1-300x225.jpg 300w, https:\/\/agora.xtec.cat\/ceipjoanmarquescasals\/wp-content\/uploads\/usu1790\/2021\/01\/8-1-768x576.jpg 768w, https:\/\/agora.xtec.cat\/ceipjoanmarquescasals\/wp-content\/uploads\/usu1790\/2021\/01\/8-1-200x150.jpg 200w, https:\/\/agora.xtec.cat\/ceipjoanmarquescasals\/wp-content\/uploads\/usu1790\/2021\/01\/8-1.jpg 2000w\" sizes=\"auto, (max-width: 1024px) 100vw, 1024px\" \/><\/a><\/p>\n<p><a href=\"https:\/\/agora.xtec.cat\/ceipjoanmarquescasals\/wp-content\/uploads\/usu1790\/2021\/01\/9-1.jpg\"><img loading=\"lazy\" decoding=\"async\" class=\"alignnone size-large wp-image-4170\" src=\"https:\/\/agora.xtec.cat\/ceipjoanmarquescasals\/wp-content\/uploads\/usu1790\/2021\/01\/9-1-541x1024.jpg\" alt=\"\" width=\"541\" height=\"1024\" srcset=\"https:\/\/agora.xtec.cat\/ceipjoanmarquescasals\/wp-content\/uploads\/usu1790\/2021\/01\/9-1-541x1024.jpg 541w, https:\/\/agora.xtec.cat\/ceipjoanmarquescasals\/wp-content\/uploads\/usu1790\/2021\/01\/9-1-159x300.jpg 159w, https:\/\/agora.xtec.cat\/ceipjoanmarquescasals\/wp-content\/uploads\/usu1790\/2021\/01\/9-1-768x1453.jpg 768w, https:\/\/agora.xtec.cat\/ceipjoanmarquescasals\/wp-content\/uploads\/usu1790\/2021\/01\/9-1.jpg 1028w\" sizes=\"auto, (max-width: 541px) 100vw, 541px\" \/><\/a><\/p>\n","protected":false},"excerpt":{"rendered":"<p>Hola fam\u00edlies!<br \/>\nAquesta setmana els alumnes de 2n han fet una sortida pel barri de Sant Pere Nord. Aquesta sortida est\u00e0 emmarcada dins del Projecte del Barri.<br \/>\nEls nens i les nenes han pogut veure els diferents equipaments del nostre barri: la ludoteca, el casal d&#8217;avis, la&hellip;  <a href=\"https:\/\/agora.xtec.cat\/ceipjoanmarquescasals\/general\/sortida-al-barri-2\/\" title=\"Read SORTIDA AL BARRI\">Llegeix m\u00e9s\u00bb<\/a><\/p>\n","protected":false},"author":28,"featured_media":4169,"comment_status":"open","ping_status":"closed","sticky":false,"template":"","format":"standard","meta":{"_bbp_topic_count":0,"_bbp_reply_count":0,"_bbp_total_topic_count":0,"_bbp_total_reply_count":0,"_bbp_voice_count":0,"_bbp_anonymous_reply_count":0,"_bbp_topic_count_hidden":0,"_bbp_reply_count_hidden":0,"_bbp_forum_subforum_count":0,"footnotes":""},"categories":[68,1,4,5,159],"tags":[192,97,239],"class_list":["post-4161","post","type-post","status-publish","format-standard","has-post-thumbnail","hentry","category-cicle-incial","category-general","category-portada","category-primaria","category-sortides","tag-comunitat-mitjans","tag-projecte","tag-segon"],"post_mailing_queue_ids":[],"_links":{"self":[{"href":"https:\/\/agora.xtec.cat\/ceipjoanmarquescasals\/wp-json\/wp\/v2\/posts\/4161","targetHints":{"allow":["GET"]}}],"collection":[{"href":"https:\/\/agora.xtec.cat\/ceipjoanmarquescasals\/wp-json\/wp\/v2\/posts"}],"about":[{"href":"https:\/\/agora.xtec.cat\/ceipjoanmarquescasals\/wp-json\/wp\/v2\/types\/post"}],"author":[{"embeddable":true,"href":"https:\/\/agora.xtec.cat\/ceipjoanmarquescasals\/wp-json\/wp\/v2\/users\/28"}],"replies":[{"embeddable":true,"href":"https:\/\/agora.xtec.cat\/ceipjoanmarquescasals\/wp-json\/wp\/v2\/comments?post=4161"}],"version-history":[{"count":2,"href":"https:\/\/agora.xtec.cat\/ceipjoanmarquescasals\/wp-json\/wp\/v2\/posts\/4161\/revisions"}],"predecessor-version":[{"id":4172,"href":"https:\/\/agora.xtec.cat\/ceipjoanmarquescasals\/wp-json\/wp\/v2\/posts\/4161\/revisions\/4172"}],"wp:featuredmedia":[{"embeddable":true,"href":"https:\/\/agora.xtec.cat\/ceipjoanmarquescasals\/wp-json\/wp\/v2\/media\/4169"}],"wp:attachment":[{"href":"https:\/\/agora.xtec.cat\/ceipjoanmarquescasals\/wp-json\/wp\/v2\/media?parent=4161"}],"wp:term":[{"taxonomy":"category","embeddable":true,"href":"https:\/\/agora.xtec.cat\/ceipjoanmarquescasals\/wp-json\/wp\/v2\/categories?post=4161"},{"taxonomy":"post_tag","embeddable":true,"href":"https:\/\/agora.xtec.cat\/ceipjoanmarquescasals\/wp-json\/wp\/v2\/tags?post=4161"}],"curies":[{"name":"wp","href":"https:\/\/api.w.org\/{rel}","templated":true}]}}