{"id":4055,"date":"2020-12-23T11:19:49","date_gmt":"2020-12-23T10:19:49","guid":{"rendered":"http:\/\/agora.xtec.cat\/ceipjoanmarquescasals\/?p=4055"},"modified":"2020-12-23T11:19:49","modified_gmt":"2020-12-23T10:19:49","slug":"exit-de-participacio-en-la-recollida-daliments","status":"publish","type":"post","link":"https:\/\/agora.xtec.cat\/ceipjoanmarquescasals\/general\/exit-de-participacio-en-la-recollida-daliments\/","title":{"rendered":"\u00c8xit de participaci\u00f3 en la recollida d&#8217;aliments"},"content":{"rendered":"<p>Durant tot el mes de desembre les fam\u00edlies de l&#8217;escola s&#8217;han bolcat amb la iniciativa del banc d&#8217;aliments.<\/p>\n<p>L&#8217;objectiu era recaptar el m\u00e0xim per poder ajudar de manera altruista a fam\u00edlies m\u00e9s necessitades. Des de l&#8217;escola volem donar les gr\u00e0cies per la mostra de solidaritat de tot el conjunt escolar, ja que hem recollit m\u00e9s de 20 caixes de menjar.<\/p>\n<p><a href=\"https:\/\/agora.xtec.cat\/ceipjoanmarquescasals\/wp-content\/uploads\/usu1790\/2020\/12\/IMG20201221104046.jpg\"><img loading=\"lazy\" decoding=\"async\" class=\"alignnone size-full wp-image-4058\" src=\"https:\/\/agora.xtec.cat\/ceipjoanmarquescasals\/wp-content\/uploads\/usu1790\/2020\/12\/IMG20201221104046.jpg\" alt=\"\" width=\"758\" height=\"568\" srcset=\"https:\/\/agora.xtec.cat\/ceipjoanmarquescasals\/wp-content\/uploads\/usu1790\/2020\/12\/IMG20201221104046.jpg 758w, https:\/\/agora.xtec.cat\/ceipjoanmarquescasals\/wp-content\/uploads\/usu1790\/2020\/12\/IMG20201221104046-300x225.jpg 300w, https:\/\/agora.xtec.cat\/ceipjoanmarquescasals\/wp-content\/uploads\/usu1790\/2020\/12\/IMG20201221104046-200x150.jpg 200w\" sizes=\"auto, (max-width: 758px) 100vw, 758px\" \/><\/a> <a href=\"https:\/\/agora.xtec.cat\/ceipjoanmarquescasals\/wp-content\/uploads\/usu1790\/2020\/12\/IMG20201221104050.jpg\"><img loading=\"lazy\" decoding=\"async\" class=\"alignnone size-full wp-image-4059\" src=\"https:\/\/agora.xtec.cat\/ceipjoanmarquescasals\/wp-content\/uploads\/usu1790\/2020\/12\/IMG20201221104050.jpg\" alt=\"\" width=\"758\" height=\"568\" srcset=\"https:\/\/agora.xtec.cat\/ceipjoanmarquescasals\/wp-content\/uploads\/usu1790\/2020\/12\/IMG20201221104050.jpg 758w, https:\/\/agora.xtec.cat\/ceipjoanmarquescasals\/wp-content\/uploads\/usu1790\/2020\/12\/IMG20201221104050-300x225.jpg 300w, https:\/\/agora.xtec.cat\/ceipjoanmarquescasals\/wp-content\/uploads\/usu1790\/2020\/12\/IMG20201221104050-200x150.jpg 200w\" sizes=\"auto, (max-width: 758px) 100vw, 758px\" \/><\/a><\/p>\n<p>&nbsp;<\/p>\n","protected":false},"excerpt":{"rendered":"<p>Durant tot el mes de desembre les fam\u00edlies de l&#8217;escola s&#8217;han bolcat amb la iniciativa del banc d&#8217;aliments.L&#8217;objectiu era recaptar el m\u00e0xim per poder ajudar de manera altruista a fam\u00edlies m\u00e9s necessitades. Des de l&#8217;escola volem donar les gr\u00e0cies per la mostra de solidaritat de tot el conjunt escolar, ja que hem recollit m\u00e9s de 20 caixes de menjar.&hellip;  <a href=\"https:\/\/agora.xtec.cat\/ceipjoanmarquescasals\/general\/exit-de-participacio-en-la-recollida-daliments\/\" title=\"Read \u00c8xit de participaci\u00f3 en la recollida d&#8217;aliments\">Llegeix m\u00e9s\u00bb<\/a><\/p>\n","protected":false},"author":1,"featured_media":4058,"comment_status":"open","ping_status":"closed","sticky":false,"template":"","format":"standard","meta":{"_bbp_topic_count":0,"_bbp_reply_count":0,"_bbp_total_topic_count":0,"_bbp_total_reply_count":0,"_bbp_voice_count":0,"_bbp_anonymous_reply_count":0,"_bbp_topic_count_hidden":0,"_bbp_reply_count_hidden":0,"_bbp_forum_subforum_count":0,"footnotes":""},"categories":[7,109,145,1,4,72,215],"tags":[123,138],"class_list":["post-4055","post","type-post","status-publish","format-standard","has-post-thumbnail","hentry","category-ampa","category-families-2","category-festes","category-general","category-portada","category-projecte-educatiu","category-valors","tag-escola","tag-familia"],"post_mailing_queue_ids":[],"_links":{"self":[{"href":"https:\/\/agora.xtec.cat\/ceipjoanmarquescasals\/wp-json\/wp\/v2\/posts\/4055","targetHints":{"allow":["GET"]}}],"collection":[{"href":"https:\/\/agora.xtec.cat\/ceipjoanmarquescasals\/wp-json\/wp\/v2\/posts"}],"about":[{"href":"https:\/\/agora.xtec.cat\/ceipjoanmarquescasals\/wp-json\/wp\/v2\/types\/post"}],"author":[{"embeddable":true,"href":"https:\/\/agora.xtec.cat\/ceipjoanmarquescasals\/wp-json\/wp\/v2\/users\/1"}],"replies":[{"embeddable":true,"href":"https:\/\/agora.xtec.cat\/ceipjoanmarquescasals\/wp-json\/wp\/v2\/comments?post=4055"}],"version-history":[{"count":1,"href":"https:\/\/agora.xtec.cat\/ceipjoanmarquescasals\/wp-json\/wp\/v2\/posts\/4055\/revisions"}],"predecessor-version":[{"id":4060,"href":"https:\/\/agora.xtec.cat\/ceipjoanmarquescasals\/wp-json\/wp\/v2\/posts\/4055\/revisions\/4060"}],"wp:featuredmedia":[{"embeddable":true,"href":"https:\/\/agora.xtec.cat\/ceipjoanmarquescasals\/wp-json\/wp\/v2\/media\/4058"}],"wp:attachment":[{"href":"https:\/\/agora.xtec.cat\/ceipjoanmarquescasals\/wp-json\/wp\/v2\/media?parent=4055"}],"wp:term":[{"taxonomy":"category","embeddable":true,"href":"https:\/\/agora.xtec.cat\/ceipjoanmarquescasals\/wp-json\/wp\/v2\/categories?post=4055"},{"taxonomy":"post_tag","embeddable":true,"href":"https:\/\/agora.xtec.cat\/ceipjoanmarquescasals\/wp-json\/wp\/v2\/tags?post=4055"}],"curies":[{"name":"wp","href":"https:\/\/api.w.org\/{rel}","templated":true}]}}