{"id":4016,"date":"2020-12-19T20:54:04","date_gmt":"2020-12-19T19:54:04","guid":{"rendered":"http:\/\/agora.xtec.cat\/ceipjoanmarquescasals\/?p=4016"},"modified":"2020-12-19T20:54:17","modified_gmt":"2020-12-19T19:54:17","slug":"treballem-el-positiu-i-el-negatiu","status":"publish","type":"post","link":"https:\/\/agora.xtec.cat\/ceipjoanmarquescasals\/general\/treballem-el-positiu-i-el-negatiu\/","title":{"rendered":"TREBALLEM EL POSITIU I EL NEGATIU"},"content":{"rendered":"<p>Aquests dies els nens i les nenes de 2n han estat treballant a pl\u00e0stica la difer\u00e8ncia entre el positiu i el negatiu. Per aix\u00f2 han fet uns dibuixos molt bonics en blanc i negre, tot fent el mateix dibuix sobre una base blanca i una de negra.<\/p>\n<p>A veure si us agraden!<\/p>\n<p><a href=\"https:\/\/agora.xtec.cat\/ceipjoanmarquescasals\/wp-content\/uploads\/usu1790\/2020\/12\/1.jpg\"><img loading=\"lazy\" decoding=\"async\" class=\"alignnone size-large wp-image-4017\" src=\"https:\/\/agora.xtec.cat\/ceipjoanmarquescasals\/wp-content\/uploads\/usu1790\/2020\/12\/1-824x1024.jpg\" alt=\"\" width=\"824\" height=\"1024\" srcset=\"https:\/\/agora.xtec.cat\/ceipjoanmarquescasals\/wp-content\/uploads\/usu1790\/2020\/12\/1-824x1024.jpg 824w, https:\/\/agora.xtec.cat\/ceipjoanmarquescasals\/wp-content\/uploads\/usu1790\/2020\/12\/1-241x300.jpg 241w, https:\/\/agora.xtec.cat\/ceipjoanmarquescasals\/wp-content\/uploads\/usu1790\/2020\/12\/1-768x955.jpg 768w\" sizes=\"auto, (max-width: 824px) 100vw, 824px\" \/><\/a><\/p>\n<p><a href=\"https:\/\/agora.xtec.cat\/ceipjoanmarquescasals\/wp-content\/uploads\/usu1790\/2020\/12\/2.jpg\"><img loading=\"lazy\" decoding=\"async\" class=\"alignnone wp-image-4018\" src=\"https:\/\/agora.xtec.cat\/ceipjoanmarquescasals\/wp-content\/uploads\/usu1790\/2020\/12\/2-718x1024.jpg\" alt=\"\" width=\"818\" height=\"1167\" srcset=\"https:\/\/agora.xtec.cat\/ceipjoanmarquescasals\/wp-content\/uploads\/usu1790\/2020\/12\/2-718x1024.jpg 718w, https:\/\/agora.xtec.cat\/ceipjoanmarquescasals\/wp-content\/uploads\/usu1790\/2020\/12\/2-210x300.jpg 210w, https:\/\/agora.xtec.cat\/ceipjoanmarquescasals\/wp-content\/uploads\/usu1790\/2020\/12\/2-768x1095.jpg 768w\" sizes=\"auto, (max-width: 818px) 100vw, 818px\" \/><\/a><\/p>\n<p><a href=\"https:\/\/agora.xtec.cat\/ceipjoanmarquescasals\/wp-content\/uploads\/usu1790\/2020\/12\/3-3.jpg\"><img loading=\"lazy\" decoding=\"async\" class=\"alignnone wp-image-4023\" src=\"https:\/\/agora.xtec.cat\/ceipjoanmarquescasals\/wp-content\/uploads\/usu1790\/2020\/12\/3-3-768x1024.jpg\" alt=\"\" width=\"815\" height=\"1087\" srcset=\"https:\/\/agora.xtec.cat\/ceipjoanmarquescasals\/wp-content\/uploads\/usu1790\/2020\/12\/3-3-768x1024.jpg 768w, https:\/\/agora.xtec.cat\/ceipjoanmarquescasals\/wp-content\/uploads\/usu1790\/2020\/12\/3-3-225x300.jpg 225w\" sizes=\"auto, (max-width: 815px) 100vw, 815px\" \/><\/a><\/p>\n<p><a href=\"https:\/\/agora.xtec.cat\/ceipjoanmarquescasals\/wp-content\/uploads\/usu1790\/2020\/12\/4.jpg\"><img loading=\"lazy\" decoding=\"async\" class=\"alignnone size-large wp-image-4020\" src=\"https:\/\/agora.xtec.cat\/ceipjoanmarquescasals\/wp-content\/uploads\/usu1790\/2020\/12\/4-1024x576.jpg\" alt=\"\" width=\"1024\" height=\"576\" srcset=\"https:\/\/agora.xtec.cat\/ceipjoanmarquescasals\/wp-content\/uploads\/usu1790\/2020\/12\/4-1024x576.jpg 1024w, https:\/\/agora.xtec.cat\/ceipjoanmarquescasals\/wp-content\/uploads\/usu1790\/2020\/12\/4-300x169.jpg 300w, https:\/\/agora.xtec.cat\/ceipjoanmarquescasals\/wp-content\/uploads\/usu1790\/2020\/12\/4-768x432.jpg 768w\" sizes=\"auto, (max-width: 1024px) 100vw, 1024px\" \/><\/a><\/p>\n","protected":false},"excerpt":{"rendered":"<p>Aquests dies els nens i les nenes de 2n han estat treballant a pl\u00e0stica la difer\u00e8ncia entre el positiu i el negatiu. Per aix\u00f2 han fet uns dibuixos molt bonics en blanc i negre, tot fent el mateix dibuix sobre una base blanca i una&hellip;  <a href=\"https:\/\/agora.xtec.cat\/ceipjoanmarquescasals\/general\/treballem-el-positiu-i-el-negatiu\/\" title=\"Read TREBALLEM EL POSITIU I EL NEGATIU\">Llegeix m\u00e9s\u00bb<\/a><\/p>\n","protected":false},"author":28,"featured_media":4024,"comment_status":"open","ping_status":"closed","sticky":false,"template":"","format":"standard","meta":{"_bbp_topic_count":0,"_bbp_reply_count":0,"_bbp_total_topic_count":0,"_bbp_total_reply_count":0,"_bbp_voice_count":0,"_bbp_anonymous_reply_count":0,"_bbp_topic_count_hidden":0,"_bbp_reply_count_hidden":0,"_bbp_forum_subforum_count":0,"footnotes":""},"categories":[68,1,4,5],"tags":[17],"class_list":["post-4016","post","type-post","status-publish","format-standard","has-post-thumbnail","hentry","category-cicle-incial","category-general","category-portada","category-primaria","tag-plastica"],"post_mailing_queue_ids":[],"_links":{"self":[{"href":"https:\/\/agora.xtec.cat\/ceipjoanmarquescasals\/wp-json\/wp\/v2\/posts\/4016","targetHints":{"allow":["GET"]}}],"collection":[{"href":"https:\/\/agora.xtec.cat\/ceipjoanmarquescasals\/wp-json\/wp\/v2\/posts"}],"about":[{"href":"https:\/\/agora.xtec.cat\/ceipjoanmarquescasals\/wp-json\/wp\/v2\/types\/post"}],"author":[{"embeddable":true,"href":"https:\/\/agora.xtec.cat\/ceipjoanmarquescasals\/wp-json\/wp\/v2\/users\/28"}],"replies":[{"embeddable":true,"href":"https:\/\/agora.xtec.cat\/ceipjoanmarquescasals\/wp-json\/wp\/v2\/comments?post=4016"}],"version-history":[{"count":1,"href":"https:\/\/agora.xtec.cat\/ceipjoanmarquescasals\/wp-json\/wp\/v2\/posts\/4016\/revisions"}],"predecessor-version":[{"id":4025,"href":"https:\/\/agora.xtec.cat\/ceipjoanmarquescasals\/wp-json\/wp\/v2\/posts\/4016\/revisions\/4025"}],"wp:featuredmedia":[{"embeddable":true,"href":"https:\/\/agora.xtec.cat\/ceipjoanmarquescasals\/wp-json\/wp\/v2\/media\/4024"}],"wp:attachment":[{"href":"https:\/\/agora.xtec.cat\/ceipjoanmarquescasals\/wp-json\/wp\/v2\/media?parent=4016"}],"wp:term":[{"taxonomy":"category","embeddable":true,"href":"https:\/\/agora.xtec.cat\/ceipjoanmarquescasals\/wp-json\/wp\/v2\/categories?post=4016"},{"taxonomy":"post_tag","embeddable":true,"href":"https:\/\/agora.xtec.cat\/ceipjoanmarquescasals\/wp-json\/wp\/v2\/tags?post=4016"}],"curies":[{"name":"wp","href":"https:\/\/api.w.org\/{rel}","templated":true}]}}