{"id":3971,"date":"2020-12-17T20:45:04","date_gmt":"2020-12-17T19:45:04","guid":{"rendered":"http:\/\/agora.xtec.cat\/ceipjoanmarquescasals\/?p=3971"},"modified":"2020-12-17T20:53:40","modified_gmt":"2020-12-17T19:53:40","slug":"sorpresa-de-l-ampa-als-mestres-de-l-escola","status":"publish","type":"post","link":"https:\/\/agora.xtec.cat\/ceipjoanmarquescasals\/general\/sorpresa-de-l-ampa-als-mestres-de-l-escola\/","title":{"rendered":"Sorpresa de l&#8217; AMPA als mestres de l&#8217;escola."},"content":{"rendered":"<p>Aquest mat\u00ed hem rebut una gran sorpresa per part de l&#8217;AMPA de l&#8217;escola. Ens han realitzat unes boniques pancartes, una per cada edifici, per agrair a tots els mestres de l&#8217;escola el seu esfor\u00e7 i el gran treball que estem realitzant.<\/p>\n<p>Nosaltres tamb\u00e9 estem molt contents de les fam\u00edlies i dels alumnes. Amb la situaci\u00f3 actual que estem patint tots ens hem d&#8217;adaptar i buscar sempre la part positiva mirant d&#8217;intentar seguir realitzant la nostra feina amb qualitat, ganes i il.lusi\u00f3.<\/p>\n<p>Molt\u00edssimes gr\u00e0cies per aquest reconeixement.<\/p>\n<p>Fam\u00edlies i escola junts avan\u00e7ant amb objectius comuns, aquest \u00e9s el cam\u00ed.<\/p>\n<p><a href=\"https:\/\/agora.xtec.cat\/ceipjoanmarquescasals\/wp-content\/uploads\/usu1790\/2020\/12\/IMG-20201217-WA0010.jpg\"><img loading=\"lazy\" decoding=\"async\" class=\"alignnone size-large wp-image-3973\" src=\"https:\/\/agora.xtec.cat\/ceipjoanmarquescasals\/wp-content\/uploads\/usu1790\/2020\/12\/IMG-20201217-WA0010-1024x768.jpg\" alt=\"\" width=\"1024\" height=\"768\" srcset=\"https:\/\/agora.xtec.cat\/ceipjoanmarquescasals\/wp-content\/uploads\/usu1790\/2020\/12\/IMG-20201217-WA0010.jpg 1024w, https:\/\/agora.xtec.cat\/ceipjoanmarquescasals\/wp-content\/uploads\/usu1790\/2020\/12\/IMG-20201217-WA0010-300x225.jpg 300w, https:\/\/agora.xtec.cat\/ceipjoanmarquescasals\/wp-content\/uploads\/usu1790\/2020\/12\/IMG-20201217-WA0010-768x576.jpg 768w, https:\/\/agora.xtec.cat\/ceipjoanmarquescasals\/wp-content\/uploads\/usu1790\/2020\/12\/IMG-20201217-WA0010-200x150.jpg 200w\" sizes=\"auto, (max-width: 1024px) 100vw, 1024px\" \/><\/a><\/p>\n<p>&nbsp;<\/p>\n","protected":false},"excerpt":{"rendered":"<p>Aquest mat\u00ed hem rebut una gran sorpresa per part de l&#8217;AMPA de l&#8217;escola. Ens han realitzat unes boniques pancartes, una per cada edifici, per agrair a tots els mestres de l&#8217;escola el seu esfor\u00e7 i el gran treball que estem realitzant.<br \/>\nNosaltres tamb\u00e9 estem molt contents&hellip;  <a href=\"https:\/\/agora.xtec.cat\/ceipjoanmarquescasals\/general\/sorpresa-de-l-ampa-als-mestres-de-l-escola\/\" title=\"Read Sorpresa de l&#8217; AMPA als mestres de l&#8217;escola.\">Llegeix m\u00e9s\u00bb<\/a><\/p>\n","protected":false},"author":1,"featured_media":3972,"comment_status":"open","ping_status":"closed","sticky":false,"template":"","format":"standard","meta":{"_bbp_topic_count":0,"_bbp_reply_count":0,"_bbp_total_topic_count":0,"_bbp_total_reply_count":0,"_bbp_voice_count":0,"_bbp_anonymous_reply_count":0,"_bbp_topic_count_hidden":0,"_bbp_reply_count_hidden":0,"_bbp_forum_subforum_count":0,"footnotes":""},"categories":[7,69,68,2,1,4,5],"tags":[],"class_list":["post-3971","post","type-post","status-publish","format-standard","has-post-thumbnail","hentry","category-ampa","category-cicle-mitja","category-cicle-incial","category-infantil","category-general","category-portada","category-primaria"],"post_mailing_queue_ids":[],"_links":{"self":[{"href":"https:\/\/agora.xtec.cat\/ceipjoanmarquescasals\/wp-json\/wp\/v2\/posts\/3971","targetHints":{"allow":["GET"]}}],"collection":[{"href":"https:\/\/agora.xtec.cat\/ceipjoanmarquescasals\/wp-json\/wp\/v2\/posts"}],"about":[{"href":"https:\/\/agora.xtec.cat\/ceipjoanmarquescasals\/wp-json\/wp\/v2\/types\/post"}],"author":[{"embeddable":true,"href":"https:\/\/agora.xtec.cat\/ceipjoanmarquescasals\/wp-json\/wp\/v2\/users\/1"}],"replies":[{"embeddable":true,"href":"https:\/\/agora.xtec.cat\/ceipjoanmarquescasals\/wp-json\/wp\/v2\/comments?post=3971"}],"version-history":[{"count":3,"href":"https:\/\/agora.xtec.cat\/ceipjoanmarquescasals\/wp-json\/wp\/v2\/posts\/3971\/revisions"}],"predecessor-version":[{"id":3983,"href":"https:\/\/agora.xtec.cat\/ceipjoanmarquescasals\/wp-json\/wp\/v2\/posts\/3971\/revisions\/3983"}],"wp:featuredmedia":[{"embeddable":true,"href":"https:\/\/agora.xtec.cat\/ceipjoanmarquescasals\/wp-json\/wp\/v2\/media\/3972"}],"wp:attachment":[{"href":"https:\/\/agora.xtec.cat\/ceipjoanmarquescasals\/wp-json\/wp\/v2\/media?parent=3971"}],"wp:term":[{"taxonomy":"category","embeddable":true,"href":"https:\/\/agora.xtec.cat\/ceipjoanmarquescasals\/wp-json\/wp\/v2\/categories?post=3971"},{"taxonomy":"post_tag","embeddable":true,"href":"https:\/\/agora.xtec.cat\/ceipjoanmarquescasals\/wp-json\/wp\/v2\/tags?post=3971"}],"curies":[{"name":"wp","href":"https:\/\/api.w.org\/{rel}","templated":true}]}}