{"id":3939,"date":"2020-12-11T15:27:19","date_gmt":"2020-12-11T14:27:19","guid":{"rendered":"http:\/\/agora.xtec.cat\/ceipjoanmarquescasals\/?p=3939"},"modified":"2020-12-11T15:27:19","modified_gmt":"2020-12-11T14:27:19","slug":"projecte-aparicio-de-la-vida-a-la-terra-a-traves-de-la-realitat-augmentada","status":"publish","type":"post","link":"https:\/\/agora.xtec.cat\/ceipjoanmarquescasals\/portada\/projecte-aparicio-de-la-vida-a-la-terra-a-traves-de-la-realitat-augmentada\/","title":{"rendered":"Projecte: Aparici\u00f3 de la vida a la Terra a trav\u00e9s de la realitat augmentada"},"content":{"rendered":"<p>Els alumnes de 6\u00e8, estem realitzat el projecte aparici\u00f3 de la vida a la Terra, on estem estudiant, tant l&#8217;origen de la vida al nostre planeta, com la c\u00e8l\u00b7lula i els diferents regnes.<\/p>\n<p>Hem realitzat una activitat de realitat augmentada a trav\u00e9s de la App Quiver<\/p>\n<p><a href=\"https:\/\/agora.xtec.cat\/ceipjoanmarquescasals\/wp-content\/uploads\/usu1790\/2020\/12\/IMG20201125102029.jpg\"><img loading=\"lazy\" decoding=\"async\" class=\"alignnone  wp-image-3941\" src=\"https:\/\/agora.xtec.cat\/ceipjoanmarquescasals\/wp-content\/uploads\/usu1790\/2020\/12\/IMG20201125102029.jpg\" alt=\"\" width=\"314\" height=\"419\" srcset=\"https:\/\/agora.xtec.cat\/ceipjoanmarquescasals\/wp-content\/uploads\/usu1790\/2020\/12\/IMG20201125102029.jpg 690w, https:\/\/agora.xtec.cat\/ceipjoanmarquescasals\/wp-content\/uploads\/usu1790\/2020\/12\/IMG20201125102029-225x300.jpg 225w\" sizes=\"auto, (max-width: 314px) 100vw, 314px\" \/><\/a> <a href=\"https:\/\/agora.xtec.cat\/ceipjoanmarquescasals\/wp-content\/uploads\/usu1790\/2020\/12\/IMG20201125102054.jpg\"><img loading=\"lazy\" decoding=\"async\" class=\"alignnone  wp-image-3946\" src=\"https:\/\/agora.xtec.cat\/ceipjoanmarquescasals\/wp-content\/uploads\/usu1790\/2020\/12\/IMG20201125102054.jpg\" alt=\"\" width=\"314\" height=\"419\" srcset=\"https:\/\/agora.xtec.cat\/ceipjoanmarquescasals\/wp-content\/uploads\/usu1790\/2020\/12\/IMG20201125102054.jpg 727w, https:\/\/agora.xtec.cat\/ceipjoanmarquescasals\/wp-content\/uploads\/usu1790\/2020\/12\/IMG20201125102054-225x300.jpg 225w\" sizes=\"auto, (max-width: 314px) 100vw, 314px\" \/><\/a> <a href=\"https:\/\/agora.xtec.cat\/ceipjoanmarquescasals\/wp-content\/uploads\/usu1790\/2020\/12\/IMG20201125102045.jpg\"><img loading=\"lazy\" decoding=\"async\" class=\"alignnone  wp-image-3945\" src=\"https:\/\/agora.xtec.cat\/ceipjoanmarquescasals\/wp-content\/uploads\/usu1790\/2020\/12\/IMG20201125102045.jpg\" alt=\"\" width=\"314\" height=\"419\" srcset=\"https:\/\/agora.xtec.cat\/ceipjoanmarquescasals\/wp-content\/uploads\/usu1790\/2020\/12\/IMG20201125102045.jpg 690w, https:\/\/agora.xtec.cat\/ceipjoanmarquescasals\/wp-content\/uploads\/usu1790\/2020\/12\/IMG20201125102045-225x300.jpg 225w\" sizes=\"auto, (max-width: 314px) 100vw, 314px\" \/><\/a> <a href=\"https:\/\/agora.xtec.cat\/ceipjoanmarquescasals\/wp-content\/uploads\/usu1790\/2020\/12\/IMG20201125102041.jpg\"><img loading=\"lazy\" decoding=\"async\" class=\"alignnone  wp-image-3944\" src=\"https:\/\/agora.xtec.cat\/ceipjoanmarquescasals\/wp-content\/uploads\/usu1790\/2020\/12\/IMG20201125102041.jpg\" alt=\"\" width=\"311\" height=\"415\" srcset=\"https:\/\/agora.xtec.cat\/ceipjoanmarquescasals\/wp-content\/uploads\/usu1790\/2020\/12\/IMG20201125102041.jpg 690w, https:\/\/agora.xtec.cat\/ceipjoanmarquescasals\/wp-content\/uploads\/usu1790\/2020\/12\/IMG20201125102041-225x300.jpg 225w\" sizes=\"auto, (max-width: 311px) 100vw, 311px\" \/><\/a> <a href=\"https:\/\/agora.xtec.cat\/ceipjoanmarquescasals\/wp-content\/uploads\/usu1790\/2020\/12\/IMG20201125102037.jpg\"><img loading=\"lazy\" decoding=\"async\" class=\"alignnone  wp-image-3943\" src=\"https:\/\/agora.xtec.cat\/ceipjoanmarquescasals\/wp-content\/uploads\/usu1790\/2020\/12\/IMG20201125102037.jpg\" alt=\"\" width=\"313\" height=\"417\" srcset=\"https:\/\/agora.xtec.cat\/ceipjoanmarquescasals\/wp-content\/uploads\/usu1790\/2020\/12\/IMG20201125102037.jpg 690w, https:\/\/agora.xtec.cat\/ceipjoanmarquescasals\/wp-content\/uploads\/usu1790\/2020\/12\/IMG20201125102037-225x300.jpg 225w\" sizes=\"auto, (max-width: 313px) 100vw, 313px\" \/><\/a> <a href=\"https:\/\/agora.xtec.cat\/ceipjoanmarquescasals\/wp-content\/uploads\/usu1790\/2020\/12\/IMG20201125102033.jpg\"><img loading=\"lazy\" decoding=\"async\" class=\"wp-image-3942 alignright\" src=\"https:\/\/agora.xtec.cat\/ceipjoanmarquescasals\/wp-content\/uploads\/usu1790\/2020\/12\/IMG20201125102033.jpg\" alt=\"\" width=\"302\" height=\"402\" srcset=\"https:\/\/agora.xtec.cat\/ceipjoanmarquescasals\/wp-content\/uploads\/usu1790\/2020\/12\/IMG20201125102033.jpg 690w, https:\/\/agora.xtec.cat\/ceipjoanmarquescasals\/wp-content\/uploads\/usu1790\/2020\/12\/IMG20201125102033-225x300.jpg 225w\" sizes=\"auto, (max-width: 302px) 100vw, 302px\" \/><\/a><\/p>\n<p>&nbsp;<\/p>\n<p>&nbsp;<\/p>\n","protected":false},"excerpt":{"rendered":"<p>Els alumnes de 6\u00e8, estem realitzat el projecte aparici\u00f3 de la vida a la Terra, on estem estudiant, tant l&#8217;origen de la vida al nostre planeta, com la c\u00e8l\u00b7lula i els diferents regnes.<br \/>\nHem realitzat una activitat de realitat augmentada a trav\u00e9s de la App Quiver<br \/>\n<a&hellip;  <a href=\"https:\/\/agora.xtec.cat\/ceipjoanmarquescasals\/portada\/projecte-aparicio-de-la-vida-a-la-terra-a-traves-de-la-realitat-augmentada\/\" title=\"Read Projecte: Aparici\u00f3 de la vida a la Terra a trav\u00e9s de la realitat augmentada\">Llegeix m\u00e9s\u00bb<\/a><\/p>\n","protected":false},"author":1,"featured_media":3944,"comment_status":"open","ping_status":"closed","sticky":false,"template":"","format":"standard","meta":{"_bbp_topic_count":0,"_bbp_reply_count":0,"_bbp_total_topic_count":0,"_bbp_total_reply_count":0,"_bbp_voice_count":0,"_bbp_anonymous_reply_count":0,"_bbp_topic_count_hidden":0,"_bbp_reply_count_hidden":0,"_bbp_forum_subforum_count":0,"footnotes":""},"categories":[69,109,4,5],"tags":[],"class_list":["post-3939","post","type-post","status-publish","format-standard","has-post-thumbnail","hentry","category-cicle-mitja","category-families-2","category-portada","category-primaria"],"post_mailing_queue_ids":[],"_links":{"self":[{"href":"https:\/\/agora.xtec.cat\/ceipjoanmarquescasals\/wp-json\/wp\/v2\/posts\/3939","targetHints":{"allow":["GET"]}}],"collection":[{"href":"https:\/\/agora.xtec.cat\/ceipjoanmarquescasals\/wp-json\/wp\/v2\/posts"}],"about":[{"href":"https:\/\/agora.xtec.cat\/ceipjoanmarquescasals\/wp-json\/wp\/v2\/types\/post"}],"author":[{"embeddable":true,"href":"https:\/\/agora.xtec.cat\/ceipjoanmarquescasals\/wp-json\/wp\/v2\/users\/1"}],"replies":[{"embeddable":true,"href":"https:\/\/agora.xtec.cat\/ceipjoanmarquescasals\/wp-json\/wp\/v2\/comments?post=3939"}],"version-history":[{"count":1,"href":"https:\/\/agora.xtec.cat\/ceipjoanmarquescasals\/wp-json\/wp\/v2\/posts\/3939\/revisions"}],"predecessor-version":[{"id":3947,"href":"https:\/\/agora.xtec.cat\/ceipjoanmarquescasals\/wp-json\/wp\/v2\/posts\/3939\/revisions\/3947"}],"wp:featuredmedia":[{"embeddable":true,"href":"https:\/\/agora.xtec.cat\/ceipjoanmarquescasals\/wp-json\/wp\/v2\/media\/3944"}],"wp:attachment":[{"href":"https:\/\/agora.xtec.cat\/ceipjoanmarquescasals\/wp-json\/wp\/v2\/media?parent=3939"}],"wp:term":[{"taxonomy":"category","embeddable":true,"href":"https:\/\/agora.xtec.cat\/ceipjoanmarquescasals\/wp-json\/wp\/v2\/categories?post=3939"},{"taxonomy":"post_tag","embeddable":true,"href":"https:\/\/agora.xtec.cat\/ceipjoanmarquescasals\/wp-json\/wp\/v2\/tags?post=3939"}],"curies":[{"name":"wp","href":"https:\/\/api.w.org\/{rel}","templated":true}]}}