{"id":3904,"date":"2020-10-30T17:31:17","date_gmt":"2020-10-30T16:31:17","guid":{"rendered":"http:\/\/agora.xtec.cat\/ceipjoanmarquescasals\/?p=3904"},"modified":"2020-10-30T17:42:53","modified_gmt":"2020-10-30T16:42:53","slug":"la-piramide-dels-aliments","status":"publish","type":"post","link":"https:\/\/agora.xtec.cat\/ceipjoanmarquescasals\/portada\/la-piramide-dels-aliments\/","title":{"rendered":"LA PIR\u00c0MIDE DELS ALIMENTS"},"content":{"rendered":"<p>Hola fam\u00edlies!!!!<\/p>\n<p>Les nenes i els nens de quart estem treballant l&#8217;alimentaci\u00f3 saludable. Entre moltes altres coses hem constru\u00eft una pir\u00e0mide dels aliments que ens ha quedat molt divertida. Us agrada la nostra pir\u00e0mide? \u00c9s maca, oi?<\/p>\n<p><a href=\"https:\/\/agora.xtec.cat\/ceipjoanmarquescasals\/wp-content\/uploads\/usu1790\/2020\/10\/FOTO-PIRAMIDE-3_3101x2326.jpg\"><img loading=\"lazy\" decoding=\"async\" class=\"alignnone wp-image-3905 \" src=\"https:\/\/agora.xtec.cat\/ceipjoanmarquescasals\/wp-content\/uploads\/usu1790\/2020\/10\/FOTO-PIRAMIDE-3_3101x2326-300x225.jpg\" alt=\"\" width=\"341\" height=\"256\" srcset=\"https:\/\/agora.xtec.cat\/ceipjoanmarquescasals\/wp-content\/uploads\/usu1790\/2020\/10\/FOTO-PIRAMIDE-3_3101x2326-300x225.jpg 300w, https:\/\/agora.xtec.cat\/ceipjoanmarquescasals\/wp-content\/uploads\/usu1790\/2020\/10\/FOTO-PIRAMIDE-3_3101x2326-768x576.jpg 768w, https:\/\/agora.xtec.cat\/ceipjoanmarquescasals\/wp-content\/uploads\/usu1790\/2020\/10\/FOTO-PIRAMIDE-3_3101x2326-1024x768.jpg 1024w, https:\/\/agora.xtec.cat\/ceipjoanmarquescasals\/wp-content\/uploads\/usu1790\/2020\/10\/FOTO-PIRAMIDE-3_3101x2326-200x150.jpg 200w\" sizes=\"auto, (max-width: 341px) 100vw, 341px\" \/><\/a> <a href=\"https:\/\/agora.xtec.cat\/ceipjoanmarquescasals\/wp-content\/uploads\/usu1790\/2020\/10\/FOTO-PIRAMIDE-5_3101x2326.jpg\"><img loading=\"lazy\" decoding=\"async\" class=\"alignnone wp-image-3906 \" src=\"https:\/\/agora.xtec.cat\/ceipjoanmarquescasals\/wp-content\/uploads\/usu1790\/2020\/10\/FOTO-PIRAMIDE-5_3101x2326-300x225.jpg\" alt=\"\" width=\"342\" height=\"256\" srcset=\"https:\/\/agora.xtec.cat\/ceipjoanmarquescasals\/wp-content\/uploads\/usu1790\/2020\/10\/FOTO-PIRAMIDE-5_3101x2326-300x225.jpg 300w, https:\/\/agora.xtec.cat\/ceipjoanmarquescasals\/wp-content\/uploads\/usu1790\/2020\/10\/FOTO-PIRAMIDE-5_3101x2326-768x576.jpg 768w, https:\/\/agora.xtec.cat\/ceipjoanmarquescasals\/wp-content\/uploads\/usu1790\/2020\/10\/FOTO-PIRAMIDE-5_3101x2326-1024x768.jpg 1024w, https:\/\/agora.xtec.cat\/ceipjoanmarquescasals\/wp-content\/uploads\/usu1790\/2020\/10\/FOTO-PIRAMIDE-5_3101x2326-200x150.jpg 200w\" sizes=\"auto, (max-width: 342px) 100vw, 342px\" \/><\/a> <a href=\"https:\/\/agora.xtec.cat\/ceipjoanmarquescasals\/wp-content\/uploads\/usu1790\/2020\/10\/FOTO-PIRAMIDE-7_2695x2022.jpg\"><img loading=\"lazy\" decoding=\"async\" class=\"alignnone size-large wp-image-3907\" src=\"https:\/\/agora.xtec.cat\/ceipjoanmarquescasals\/wp-content\/uploads\/usu1790\/2020\/10\/FOTO-PIRAMIDE-7_2695x2022-1024x768.jpg\" alt=\"\" width=\"1024\" height=\"768\" srcset=\"https:\/\/agora.xtec.cat\/ceipjoanmarquescasals\/wp-content\/uploads\/usu1790\/2020\/10\/FOTO-PIRAMIDE-7_2695x2022-1024x768.jpg 1024w, https:\/\/agora.xtec.cat\/ceipjoanmarquescasals\/wp-content\/uploads\/usu1790\/2020\/10\/FOTO-PIRAMIDE-7_2695x2022-300x225.jpg 300w, https:\/\/agora.xtec.cat\/ceipjoanmarquescasals\/wp-content\/uploads\/usu1790\/2020\/10\/FOTO-PIRAMIDE-7_2695x2022-768x576.jpg 768w, https:\/\/agora.xtec.cat\/ceipjoanmarquescasals\/wp-content\/uploads\/usu1790\/2020\/10\/FOTO-PIRAMIDE-7_2695x2022-200x150.jpg 200w\" sizes=\"auto, (max-width: 1024px) 100vw, 1024px\" \/><\/a> <a href=\"https:\/\/agora.xtec.cat\/ceipjoanmarquescasals\/wp-content\/uploads\/usu1790\/2020\/10\/FOTO-PIRAMIDE-8_3101x2326.jpg\"><img loading=\"lazy\" decoding=\"async\" class=\"alignnone wp-image-3908 \" src=\"https:\/\/agora.xtec.cat\/ceipjoanmarquescasals\/wp-content\/uploads\/usu1790\/2020\/10\/FOTO-PIRAMIDE-8_3101x2326-300x225.jpg\" alt=\"\" width=\"401\" height=\"301\" srcset=\"https:\/\/agora.xtec.cat\/ceipjoanmarquescasals\/wp-content\/uploads\/usu1790\/2020\/10\/FOTO-PIRAMIDE-8_3101x2326-300x225.jpg 300w, https:\/\/agora.xtec.cat\/ceipjoanmarquescasals\/wp-content\/uploads\/usu1790\/2020\/10\/FOTO-PIRAMIDE-8_3101x2326-768x576.jpg 768w, https:\/\/agora.xtec.cat\/ceipjoanmarquescasals\/wp-content\/uploads\/usu1790\/2020\/10\/FOTO-PIRAMIDE-8_3101x2326-1024x768.jpg 1024w, https:\/\/agora.xtec.cat\/ceipjoanmarquescasals\/wp-content\/uploads\/usu1790\/2020\/10\/FOTO-PIRAMIDE-8_3101x2326-200x150.jpg 200w\" sizes=\"auto, (max-width: 401px) 100vw, 401px\" \/><\/a> <a href=\"https:\/\/agora.xtec.cat\/ceipjoanmarquescasals\/wp-content\/uploads\/usu1790\/2020\/10\/IMG_20201029_161731_2326x3101.jpg\"><img loading=\"lazy\" decoding=\"async\" class=\"alignnone wp-image-3909 size-medium\" src=\"https:\/\/agora.xtec.cat\/ceipjoanmarquescasals\/wp-content\/uploads\/usu1790\/2020\/10\/IMG_20201029_161731_2326x3101-225x300.jpg\" alt=\"\" width=\"225\" height=\"300\" srcset=\"https:\/\/agora.xtec.cat\/ceipjoanmarquescasals\/wp-content\/uploads\/usu1790\/2020\/10\/IMG_20201029_161731_2326x3101-225x300.jpg 225w, https:\/\/agora.xtec.cat\/ceipjoanmarquescasals\/wp-content\/uploads\/usu1790\/2020\/10\/IMG_20201029_161731_2326x3101-768x1024.jpg 768w\" sizes=\"auto, (max-width: 225px) 100vw, 225px\" \/><\/a><\/p>\n","protected":false},"excerpt":{"rendered":"<p>Hola fam\u00edlies!!!!<br \/>\nLes nenes i els nens de quart estem treballant l&#8217;alimentaci\u00f3 saludable. Entre moltes altres coses hem constru\u00eft una pir\u00e0mide dels aliments que ens ha quedat molt divertida. Us agrada la nostra pir\u00e0mide? \u00c9s maca, oi?<br \/>\n<a href=\"https:\/\/agora.xtec.cat\/ceipjoanmarquescasals\/wp-content\/uploads\/usu1790\/2020\/10\/FOTO-PIRAMIDE-3_3101x2326.jpg\"><\/a> <a href=\"https:\/\/agora.xtec.cat\/ceipjoanmarquescasals\/wp-content\/uploads\/usu1790\/2020\/10\/FOTO-PIRAMIDE-5_3101x2326.jpg\"><\/a> <a href=\"https:\/\/agora.xtec.cat\/ceipjoanmarquescasals\/wp-content\/uploads\/usu1790\/2020\/10\/FOTO-PIRAMIDE-7_2695x2022.jpg\"><\/a> <a href=\"https:\/\/agora.xtec.cat\/ceipjoanmarquescasals\/wp-content\/uploads\/usu1790\/2020\/10\/FOTO-PIRAMIDE-8_3101x2326.jpg\"><\/a> <a href=\"https:\/\/agora.xtec.cat\/ceipjoanmarquescasals\/wp-content\/uploads\/usu1790\/2020\/10\/IMG_20201029_161731_2326x3101.jpg\"><\/a><\/p>\n","protected":false},"author":35,"featured_media":3907,"comment_status":"open","ping_status":"closed","sticky":false,"template":"","format":"standard","meta":{"_bbp_topic_count":0,"_bbp_reply_count":0,"_bbp_total_topic_count":0,"_bbp_total_reply_count":0,"_bbp_voice_count":0,"_bbp_anonymous_reply_count":0,"_bbp_topic_count_hidden":0,"_bbp_reply_count_hidden":0,"_bbp_forum_subforum_count":0,"footnotes":""},"categories":[69,212,4,5],"tags":[229,103,191],"class_list":["post-3904","post","type-post","status-publish","format-standard","has-post-thumbnail","hentry","category-cicle-mitja","category-medi","category-portada","category-primaria","tag-piramide-aliments","tag-primaria","tag-quart"],"post_mailing_queue_ids":[],"_links":{"self":[{"href":"https:\/\/agora.xtec.cat\/ceipjoanmarquescasals\/wp-json\/wp\/v2\/posts\/3904","targetHints":{"allow":["GET"]}}],"collection":[{"href":"https:\/\/agora.xtec.cat\/ceipjoanmarquescasals\/wp-json\/wp\/v2\/posts"}],"about":[{"href":"https:\/\/agora.xtec.cat\/ceipjoanmarquescasals\/wp-json\/wp\/v2\/types\/post"}],"author":[{"embeddable":true,"href":"https:\/\/agora.xtec.cat\/ceipjoanmarquescasals\/wp-json\/wp\/v2\/users\/35"}],"replies":[{"embeddable":true,"href":"https:\/\/agora.xtec.cat\/ceipjoanmarquescasals\/wp-json\/wp\/v2\/comments?post=3904"}],"version-history":[{"count":3,"href":"https:\/\/agora.xtec.cat\/ceipjoanmarquescasals\/wp-json\/wp\/v2\/posts\/3904\/revisions"}],"predecessor-version":[{"id":3912,"href":"https:\/\/agora.xtec.cat\/ceipjoanmarquescasals\/wp-json\/wp\/v2\/posts\/3904\/revisions\/3912"}],"wp:featuredmedia":[{"embeddable":true,"href":"https:\/\/agora.xtec.cat\/ceipjoanmarquescasals\/wp-json\/wp\/v2\/media\/3907"}],"wp:attachment":[{"href":"https:\/\/agora.xtec.cat\/ceipjoanmarquescasals\/wp-json\/wp\/v2\/media?parent=3904"}],"wp:term":[{"taxonomy":"category","embeddable":true,"href":"https:\/\/agora.xtec.cat\/ceipjoanmarquescasals\/wp-json\/wp\/v2\/categories?post=3904"},{"taxonomy":"post_tag","embeddable":true,"href":"https:\/\/agora.xtec.cat\/ceipjoanmarquescasals\/wp-json\/wp\/v2\/tags?post=3904"}],"curies":[{"name":"wp","href":"https:\/\/api.w.org\/{rel}","templated":true}]}}