{"id":3853,"date":"2020-09-13T18:28:45","date_gmt":"2020-09-13T16:28:45","guid":{"rendered":"http:\/\/agora.xtec.cat\/ceipjoanmarquescasals\/?p=3853"},"modified":"2020-09-14T07:50:04","modified_gmt":"2020-09-14T05:50:04","slug":"portes-dentrada","status":"publish","type":"post","link":"https:\/\/agora.xtec.cat\/ceipjoanmarquescasals\/portada\/portes-dentrada\/","title":{"rendered":"Portes d\u00b4entrada."},"content":{"rendered":"<p>Els alumnes de 2n, Mixt , 3r, 5\u00e8 i 6\u00e8 han d&#8217;entrar per la PORTA\u00a0 DEL CARRER ROiG VENTURA ( davant del parc) Veure v\u00eddeo <a href=\"https:\/\/drive.google.com\/file\/d\/1W96i6fdbuTUlT21S29bS_4A_AaQwxqxe\/view?usp=sharing\">v\u00eddeo entrada 2n, mixt, 3r, 5\u00e8 i 6\u00e8<\/a><\/p>\n<p>Els alumnes de p3 p4, p5 , 1r han d\u00b4entrar nom\u00e9s per la porta de l&#8217; AVINGUDA DEL VALL\u00c8S. Veure v\u00eddeo <a href=\"https:\/\/drive.google.com\/file\/d\/1_0jkuL0BTGrIqT9mBClmNqHffquqAvVm\/view?usp=sharing\">V\u00eddeo entrada alumnes p3,p4,p5, 1r<\/a><\/p>\n<p>Els alumnes de 4rt entraran per la porta del descampat ( edifici que toca al camp de futbol ). Aquesta que veieu a la foto<a href=\"https:\/\/agora.xtec.cat\/ceipjoanmarquescasals\/wp-content\/uploads\/usu1790\/2020\/09\/fotoreducida.jpg\"><img loading=\"lazy\" decoding=\"async\" class=\"alignnone  wp-image-3854\" src=\"https:\/\/agora.xtec.cat\/ceipjoanmarquescasals\/wp-content\/uploads\/usu1790\/2020\/09\/fotoreducida-1024x639.jpg\" alt=\"\" width=\"466\" height=\"291\" srcset=\"https:\/\/agora.xtec.cat\/ceipjoanmarquescasals\/wp-content\/uploads\/usu1790\/2020\/09\/fotoreducida-1024x639.jpg 1024w, https:\/\/agora.xtec.cat\/ceipjoanmarquescasals\/wp-content\/uploads\/usu1790\/2020\/09\/fotoreducida-300x187.jpg 300w, https:\/\/agora.xtec.cat\/ceipjoanmarquescasals\/wp-content\/uploads\/usu1790\/2020\/09\/fotoreducida-768x479.jpg 768w\" sizes=\"auto, (max-width: 466px) 100vw, 466px\" \/><\/a><\/p>\n<p>Recordem que a la nostra escola els alumnes de tercer a sis\u00e8 poden venir sols i\u00a0 marxar sols a casa.<\/p>\n<p>Quan les fam\u00edlies no puguin portar al fill petit i sigui el germ\u00e0 gran qui s \u0301encarregui: si ambd\u00f3s coincideixen en el torn d\u2019entrada,el\/la gran entrar\u00e0 amb el petit\/a per la porta que li correspon al petit\/a i posteriorment anir\u00e0 a la seva fila.Si el petit\/a ha d\u2019entrar m\u00e9s tard que el gran, aquest segon s\u2019esperar\u00e0 al torn del petit\/a i entrar\u00e0 amb ell\/a el deixar\u00e0 a la fila corresponent i s \u0301anir\u00e0 a la seva classe. En cas que el petit\/a entri abans que el gran, aquest l\u2019acompanyar\u00e0 la porta,el deixar\u00e0 en el recinte escolar i anir\u00e0 a la seva porta d\u2019entrada per esperar el seu torn.Seria recomanable que fossin les fam\u00edlies qui portessin al petit,perqu\u00e8 aix\u00ed el gran no s \u0301hagu\u00e9s d \u0301esperar o fer tard a la seva classe.<\/p>\n","protected":false},"excerpt":{"rendered":"<p>Els alumnes de 2n, Mixt , 3r, 5\u00e8 i 6\u00e8 han d&#8217;entrar per la PORTA\u00a0 DEL CARRER ROiG VENTURA ( davant del parc) Veure v\u00eddeo <a href=\"https:\/\/drive.google.com\/file\/d\/1W96i6fdbuTUlT21S29bS_4A_AaQwxqxe\/view?usp=sharing\">v\u00eddeo entrada 2n, mixt, 3r, 5\u00e8 i 6\u00e8<\/a><br \/>\nEls alumnes de p3 p4, p5 , 1r han d\u00b4entrar nom\u00e9s per&hellip;  <a href=\"https:\/\/agora.xtec.cat\/ceipjoanmarquescasals\/portada\/portes-dentrada\/\" title=\"Read Portes d\u00b4entrada.\">Llegeix m\u00e9s\u00bb<\/a><\/p>\n","protected":false},"author":1,"featured_media":3854,"comment_status":"open","ping_status":"closed","sticky":false,"template":"","format":"standard","meta":{"_bbp_topic_count":0,"_bbp_reply_count":0,"_bbp_total_topic_count":0,"_bbp_total_reply_count":0,"_bbp_voice_count":0,"_bbp_anonymous_reply_count":0,"_bbp_topic_count_hidden":0,"_bbp_reply_count_hidden":0,"_bbp_forum_subforum_count":0,"footnotes":""},"categories":[4],"tags":[],"class_list":["post-3853","post","type-post","status-publish","format-standard","has-post-thumbnail","hentry","category-portada"],"post_mailing_queue_ids":[],"_links":{"self":[{"href":"https:\/\/agora.xtec.cat\/ceipjoanmarquescasals\/wp-json\/wp\/v2\/posts\/3853","targetHints":{"allow":["GET"]}}],"collection":[{"href":"https:\/\/agora.xtec.cat\/ceipjoanmarquescasals\/wp-json\/wp\/v2\/posts"}],"about":[{"href":"https:\/\/agora.xtec.cat\/ceipjoanmarquescasals\/wp-json\/wp\/v2\/types\/post"}],"author":[{"embeddable":true,"href":"https:\/\/agora.xtec.cat\/ceipjoanmarquescasals\/wp-json\/wp\/v2\/users\/1"}],"replies":[{"embeddable":true,"href":"https:\/\/agora.xtec.cat\/ceipjoanmarquescasals\/wp-json\/wp\/v2\/comments?post=3853"}],"version-history":[{"count":3,"href":"https:\/\/agora.xtec.cat\/ceipjoanmarquescasals\/wp-json\/wp\/v2\/posts\/3853\/revisions"}],"predecessor-version":[{"id":3857,"href":"https:\/\/agora.xtec.cat\/ceipjoanmarquescasals\/wp-json\/wp\/v2\/posts\/3853\/revisions\/3857"}],"wp:featuredmedia":[{"embeddable":true,"href":"https:\/\/agora.xtec.cat\/ceipjoanmarquescasals\/wp-json\/wp\/v2\/media\/3854"}],"wp:attachment":[{"href":"https:\/\/agora.xtec.cat\/ceipjoanmarquescasals\/wp-json\/wp\/v2\/media?parent=3853"}],"wp:term":[{"taxonomy":"category","embeddable":true,"href":"https:\/\/agora.xtec.cat\/ceipjoanmarquescasals\/wp-json\/wp\/v2\/categories?post=3853"},{"taxonomy":"post_tag","embeddable":true,"href":"https:\/\/agora.xtec.cat\/ceipjoanmarquescasals\/wp-json\/wp\/v2\/tags?post=3853"}],"curies":[{"name":"wp","href":"https:\/\/api.w.org\/{rel}","templated":true}]}}