{"id":3830,"date":"2020-07-08T15:34:12","date_gmt":"2020-07-08T13:34:12","guid":{"rendered":"http:\/\/agora.xtec.cat\/ceipjoanmarquescasals\/?p=3830"},"modified":"2020-07-08T15:34:37","modified_gmt":"2020-07-08T13:34:37","slug":"informacions-matricula-el-13-al-17-juliol","status":"publish","type":"post","link":"https:\/\/agora.xtec.cat\/ceipjoanmarquescasals\/general\/informacions-matricula-el-13-al-17-juliol\/","title":{"rendered":"Informacions Matr\u00edcula el 13 al 17 juliol."},"content":{"rendered":"<p>Cal DEMANAR <strong>CITA PR\u00c8VIA<\/strong> enviant mail a l\u00b4escola\u00a0 <a href=\"a8034485@xtec.cat\">a8034485@xtec.cat<\/a><\/p>\n<p>Per les <strong>matr\u00edcules\u00a0 de P3<\/strong>\u00a0 cal portar : <strong>4 fotografies mida carnet i\u00a0 fotoc\u00f2pia del carnet de vacunes.<\/strong><\/p>\n<p>Adjuntem llistats oficials del per\u00edode de tramitaci\u00f3 de les matr\u00edcules.<\/p>\n<p><a href=\"https:\/\/drive.google.com\/file\/d\/114n7Qu9kFjDskd0sJ9VgxYv9kbOpkZfw\/view?usp=sharing\">https:\/\/drive.google.com\/file\/d\/114n7Qu9kFjDskd0sJ9VgxYv9kbOpkZfw\/view?usp=sharing<\/a><\/p>\n<p><a href=\"https:\/\/drive.google.com\/file\/d\/1TMj1v1Wb1v1EN08x0BpoXOOCkF8TOucZ\/view?usp=sharing\">https:\/\/drive.google.com\/file\/d\/1TMj1v1Wb1v1EN08x0BpoXOOCkF8TOucZ\/view?usp=sharing<\/a><\/p>\n<p><a href=\"https:\/\/drive.google.com\/file\/d\/1C1iKzuPk0gTC_HaRoZ6ARFVkHc4T_6zR\/view?usp=sharing\">https:\/\/drive.google.com\/file\/d\/1C1iKzuPk0gTC_HaRoZ6ARFVkHc4T_6zR\/view?usp=sharing<\/a><\/p>\n","protected":false},"excerpt":{"rendered":"<p>Cal DEMANAR CITA PR\u00c8VIA enviant mail a l\u00b4escola\u00a0 <a href=\"a8034485@xtec.cat\">a8034485@xtec.cat<\/a><br \/>\nPer les matr\u00edcules\u00a0 de P3\u00a0 cal portar : 4 fotografies mida carnet i\u00a0 fotoc\u00f2pia del carnet de vacunes.<br \/>\nAdjuntem llistats oficials del per\u00edode de tramitaci\u00f3 de les matr\u00edcules.<br \/>\n<a href=\"https:\/\/drive.google.com\/file\/d\/114n7Qu9kFjDskd0sJ9VgxYv9kbOpkZfw\/view?usp=sharing\">https:\/\/drive.google.com\/file\/d\/114n7Qu9kFjDskd0sJ9VgxYv9kbOpkZfw\/view?usp=sharing<\/a><br \/>\n<a href=\"https:\/\/drive.google.com\/file\/d\/1TMj1v1Wb1v1EN08x0BpoXOOCkF8TOucZ\/view?usp=sharing\">https:\/\/drive.google.com\/file\/d\/1TMj1v1Wb1v1EN08x0BpoXOOCkF8TOucZ\/view?usp=sharing<\/a><br \/>\n<a href=\"https:\/\/drive.google.com\/file\/d\/1C1iKzuPk0gTC_HaRoZ6ARFVkHc4T_6zR\/view?usp=sharing\">https:\/\/drive.google.com\/file\/d\/1C1iKzuPk0gTC_HaRoZ6ARFVkHc4T_6zR\/view?usp=sharing<\/a><\/p>\n","protected":false},"author":1,"featured_media":0,"comment_status":"open","ping_status":"closed","sticky":false,"template":"","format":"standard","meta":{"_bbp_topic_count":0,"_bbp_reply_count":0,"_bbp_total_topic_count":0,"_bbp_total_reply_count":0,"_bbp_voice_count":0,"_bbp_anonymous_reply_count":0,"_bbp_topic_count_hidden":0,"_bbp_reply_count_hidden":0,"_bbp_forum_subforum_count":0,"footnotes":""},"categories":[1,4],"tags":[],"class_list":["post-3830","post","type-post","status-publish","format-standard","hentry","category-general","category-portada"],"post_mailing_queue_ids":[],"_links":{"self":[{"href":"https:\/\/agora.xtec.cat\/ceipjoanmarquescasals\/wp-json\/wp\/v2\/posts\/3830","targetHints":{"allow":["GET"]}}],"collection":[{"href":"https:\/\/agora.xtec.cat\/ceipjoanmarquescasals\/wp-json\/wp\/v2\/posts"}],"about":[{"href":"https:\/\/agora.xtec.cat\/ceipjoanmarquescasals\/wp-json\/wp\/v2\/types\/post"}],"author":[{"embeddable":true,"href":"https:\/\/agora.xtec.cat\/ceipjoanmarquescasals\/wp-json\/wp\/v2\/users\/1"}],"replies":[{"embeddable":true,"href":"https:\/\/agora.xtec.cat\/ceipjoanmarquescasals\/wp-json\/wp\/v2\/comments?post=3830"}],"version-history":[{"count":1,"href":"https:\/\/agora.xtec.cat\/ceipjoanmarquescasals\/wp-json\/wp\/v2\/posts\/3830\/revisions"}],"predecessor-version":[{"id":3831,"href":"https:\/\/agora.xtec.cat\/ceipjoanmarquescasals\/wp-json\/wp\/v2\/posts\/3830\/revisions\/3831"}],"wp:attachment":[{"href":"https:\/\/agora.xtec.cat\/ceipjoanmarquescasals\/wp-json\/wp\/v2\/media?parent=3830"}],"wp:term":[{"taxonomy":"category","embeddable":true,"href":"https:\/\/agora.xtec.cat\/ceipjoanmarquescasals\/wp-json\/wp\/v2\/categories?post=3830"},{"taxonomy":"post_tag","embeddable":true,"href":"https:\/\/agora.xtec.cat\/ceipjoanmarquescasals\/wp-json\/wp\/v2\/tags?post=3830"}],"curies":[{"name":"wp","href":"https:\/\/api.w.org\/{rel}","templated":true}]}}