{"id":3820,"date":"2020-06-23T16:11:25","date_gmt":"2020-06-23T14:11:25","guid":{"rendered":"http:\/\/agora.xtec.cat\/ceipjoanmarquescasals\/?p=3820"},"modified":"2020-11-03T15:59:05","modified_gmt":"2020-11-03T14:59:05","slug":"carta-a-les-families-de-sise-tema-vacunes","status":"publish","type":"post","link":"https:\/\/agora.xtec.cat\/ceipjoanmarquescasals\/any-2019-2020\/carta-a-les-families-de-sise-tema-vacunes\/","title":{"rendered":"Carta a les fam\u00edlies de sis\u00e8 .Tema Vacunes."},"content":{"rendered":"<div>L&#8217;Ag\u00e8ncia de Salut P\u00fablica de Catalunya ens ha comunitat l&#8217;endarreriment de la vacunaci\u00f3 als centres educatius durant aquest curs 2019-2020, a causa de la situaci\u00f3 epidemiol\u00f2gica relacionada amb la covid-19.<\/div>\n<div>Per tot aix\u00f2, ens adjunta una carta de la directora general de Promoci\u00f3 de Salut, perqu\u00e8 la fem arribar a les <strong>fam\u00edlies de sis\u00e8 curs de prim\u00e0ria<\/strong>, en qu\u00e8 s&#8217;informa, entre d&#8217;altres aspectes, que les vacunacions que es preveien fer a l&#8217;alumnat de sis\u00e8 de prim\u00e0ria durant el tercer trimestre es faran, durant el curs 2020-2021.<\/div>\n<div><\/div>\n<div><\/div>\n<div>CLICAR PER LLEGIR LA CARTA <a href=\"https:\/\/drive.google.com\/file\/d\/1GhmmQg5Z9E1BqtsirYi8Vo2K53odxCsy\/view?usp=sharing\">https:\/\/drive.google.com\/file\/d\/1GhmmQg5Z9E1BqtsirYi8Vo2K53odxCsy\/view?usp=sharing<\/a><\/div>\n","protected":false},"excerpt":{"rendered":"<p>L&#8217;Ag\u00e8ncia de Salut P\u00fablica de Catalunya ens ha comunitat l&#8217;endarreriment de la vacunaci\u00f3 als centres educatius durant aquest curs 2019-2020, a causa de la situaci\u00f3 epidemiol\u00f2gica relacionada amb la covid-19.<br \/>\nPer tot aix\u00f2, ens adjunta una carta de la directora general de Promoci\u00f3 de Salut, perqu\u00e8&hellip;  <a href=\"https:\/\/agora.xtec.cat\/ceipjoanmarquescasals\/any-2019-2020\/carta-a-les-families-de-sise-tema-vacunes\/\" title=\"Read Carta a les fam\u00edlies de sis\u00e8 .Tema Vacunes.\">Llegeix m\u00e9s\u00bb<\/a><\/p>\n","protected":false},"author":1,"featured_media":0,"comment_status":"open","ping_status":"closed","sticky":false,"template":"","format":"standard","meta":{"_bbp_topic_count":0,"_bbp_reply_count":0,"_bbp_total_topic_count":0,"_bbp_total_reply_count":0,"_bbp_voice_count":0,"_bbp_anonymous_reply_count":0,"_bbp_topic_count_hidden":0,"_bbp_reply_count_hidden":0,"_bbp_forum_subforum_count":0,"footnotes":""},"categories":[233],"tags":[],"class_list":["post-3820","post","type-post","status-publish","format-standard","hentry","category-any-2019-2020"],"post_mailing_queue_ids":[],"_links":{"self":[{"href":"https:\/\/agora.xtec.cat\/ceipjoanmarquescasals\/wp-json\/wp\/v2\/posts\/3820","targetHints":{"allow":["GET"]}}],"collection":[{"href":"https:\/\/agora.xtec.cat\/ceipjoanmarquescasals\/wp-json\/wp\/v2\/posts"}],"about":[{"href":"https:\/\/agora.xtec.cat\/ceipjoanmarquescasals\/wp-json\/wp\/v2\/types\/post"}],"author":[{"embeddable":true,"href":"https:\/\/agora.xtec.cat\/ceipjoanmarquescasals\/wp-json\/wp\/v2\/users\/1"}],"replies":[{"embeddable":true,"href":"https:\/\/agora.xtec.cat\/ceipjoanmarquescasals\/wp-json\/wp\/v2\/comments?post=3820"}],"version-history":[{"count":2,"href":"https:\/\/agora.xtec.cat\/ceipjoanmarquescasals\/wp-json\/wp\/v2\/posts\/3820\/revisions"}],"predecessor-version":[{"id":3928,"href":"https:\/\/agora.xtec.cat\/ceipjoanmarquescasals\/wp-json\/wp\/v2\/posts\/3820\/revisions\/3928"}],"wp:attachment":[{"href":"https:\/\/agora.xtec.cat\/ceipjoanmarquescasals\/wp-json\/wp\/v2\/media?parent=3820"}],"wp:term":[{"taxonomy":"category","embeddable":true,"href":"https:\/\/agora.xtec.cat\/ceipjoanmarquescasals\/wp-json\/wp\/v2\/categories?post=3820"},{"taxonomy":"post_tag","embeddable":true,"href":"https:\/\/agora.xtec.cat\/ceipjoanmarquescasals\/wp-json\/wp\/v2\/tags?post=3820"}],"curies":[{"name":"wp","href":"https:\/\/api.w.org\/{rel}","templated":true}]}}