{"id":3792,"date":"2020-05-28T00:26:56","date_gmt":"2020-05-27T22:26:56","guid":{"rendered":"http:\/\/agora.xtec.cat\/ceipjoanmarquescasals\/?p=3792"},"modified":"2020-11-03T16:00:54","modified_gmt":"2020-11-03T15:00:54","slug":"beques-menjador-curs-2020-2021","status":"publish","type":"post","link":"https:\/\/agora.xtec.cat\/ceipjoanmarquescasals\/any-2019-2020\/beques-menjador-curs-2020-2021\/","title":{"rendered":"BEQUES MENJADOR CURS 2020-2021"},"content":{"rendered":"<p>Bon dia,<\/p>\n<p>Ja han sortit les <strong>beques de menjador<\/strong> que gestiona l\u00b4Ajuntament de Terrassa.<\/p>\n<p>La <b>formalitzaci\u00f3 de les sol\u00b7licituds<\/b> es far\u00e0 <strong>nom\u00e9s<\/strong> <b>per internet<\/b> a trav\u00e9s del formulari de la Seu Electr\u00f2nica<\/p>\n<p>Termini<b> :\u00a0<\/b> <i>del 28 de maig al 19 de juny del 2020<\/i>, ambd\u00f3s inclosos.<\/p>\n<p>Les fam\u00edlies que ja tenien una beca de menjador durant aquest curs escolar els hi arribar\u00e0 un missatge de text al seu tel\u00e8fon. Si tot \u00e9s correcte validaran l\u00b4esborrany , cas contrari podran modificar-lo.Clicar aqu\u00ed per modificar.<a href=\"https:\/\/aoberta.terrassa.cat\/tramits\/fitxa.jsp?id=7946\">https:\/\/aoberta.terrassa.cat\/tramits\/fitxa.jsp?id=7946<\/a><\/p>\n<p>Per demanar beques noves o cas de no rebre l\u00b4esborrany .Clicar aqu\u00ed per omplir formulari: <a href=\"https:\/\/aoberta.terrassa.cat\/tramits\/fitxa.jsp?id=3501\">https:\/\/aoberta.terrassa.cat\/tramits\/fitxa.jsp?id=3501<\/a><\/p>\n<p>Per omplir el formulari necessitareu el codi <strong>IDALU<\/strong> del vostre fill\/a que <strong>teniu en qualsevol informe de notes.<\/strong><\/p>\n<p>M\u00e9s informaci\u00f3 trucar al 010.<\/p>\n<p><i>\u00a0<\/i><\/p>\n<p>&nbsp;<\/p>\n","protected":false},"excerpt":{"rendered":"<p>Bon dia,<br \/>\nJa han sortit les beques de menjador que gestiona l\u00b4Ajuntament de Terrassa.<br \/>\nLa formalitzaci\u00f3 de les sol\u00b7licituds es far\u00e0 nom\u00e9s per internet a trav\u00e9s del formulari de la Seu Electr\u00f2nica<br \/>\nTermini :\u00a0 del 28 de maig al 19 de juny del 2020, ambd\u00f3s inclosos.<br \/>\nLes fam\u00edlies que&hellip;  <a href=\"https:\/\/agora.xtec.cat\/ceipjoanmarquescasals\/any-2019-2020\/beques-menjador-curs-2020-2021\/\" title=\"Read BEQUES MENJADOR CURS 2020-2021\">Llegeix m\u00e9s\u00bb<\/a><\/p>\n","protected":false},"author":1,"featured_media":3793,"comment_status":"open","ping_status":"closed","sticky":false,"template":"","format":"standard","meta":{"_bbp_topic_count":0,"_bbp_reply_count":0,"_bbp_total_topic_count":0,"_bbp_total_reply_count":0,"_bbp_voice_count":0,"_bbp_anonymous_reply_count":0,"_bbp_topic_count_hidden":0,"_bbp_reply_count_hidden":0,"_bbp_forum_subforum_count":0,"footnotes":""},"categories":[233],"tags":[],"class_list":["post-3792","post","type-post","status-publish","format-standard","has-post-thumbnail","hentry","category-any-2019-2020"],"post_mailing_queue_ids":[],"_links":{"self":[{"href":"https:\/\/agora.xtec.cat\/ceipjoanmarquescasals\/wp-json\/wp\/v2\/posts\/3792","targetHints":{"allow":["GET"]}}],"collection":[{"href":"https:\/\/agora.xtec.cat\/ceipjoanmarquescasals\/wp-json\/wp\/v2\/posts"}],"about":[{"href":"https:\/\/agora.xtec.cat\/ceipjoanmarquescasals\/wp-json\/wp\/v2\/types\/post"}],"author":[{"embeddable":true,"href":"https:\/\/agora.xtec.cat\/ceipjoanmarquescasals\/wp-json\/wp\/v2\/users\/1"}],"replies":[{"embeddable":true,"href":"https:\/\/agora.xtec.cat\/ceipjoanmarquescasals\/wp-json\/wp\/v2\/comments?post=3792"}],"version-history":[{"count":1,"href":"https:\/\/agora.xtec.cat\/ceipjoanmarquescasals\/wp-json\/wp\/v2\/posts\/3792\/revisions"}],"predecessor-version":[{"id":3794,"href":"https:\/\/agora.xtec.cat\/ceipjoanmarquescasals\/wp-json\/wp\/v2\/posts\/3792\/revisions\/3794"}],"wp:featuredmedia":[{"embeddable":true,"href":"https:\/\/agora.xtec.cat\/ceipjoanmarquescasals\/wp-json\/wp\/v2\/media\/3793"}],"wp:attachment":[{"href":"https:\/\/agora.xtec.cat\/ceipjoanmarquescasals\/wp-json\/wp\/v2\/media?parent=3792"}],"wp:term":[{"taxonomy":"category","embeddable":true,"href":"https:\/\/agora.xtec.cat\/ceipjoanmarquescasals\/wp-json\/wp\/v2\/categories?post=3792"},{"taxonomy":"post_tag","embeddable":true,"href":"https:\/\/agora.xtec.cat\/ceipjoanmarquescasals\/wp-json\/wp\/v2\/tags?post=3792"}],"curies":[{"name":"wp","href":"https:\/\/api.w.org\/{rel}","templated":true}]}}