{"id":3772,"date":"2020-05-15T00:03:23","date_gmt":"2020-05-14T22:03:23","guid":{"rendered":"http:\/\/agora.xtec.cat\/ceipjoanmarquescasals\/?p=3772"},"modified":"2020-11-03T16:02:33","modified_gmt":"2020-11-03T15:02:33","slug":"15-maig-dia-internacional-de-les-families","status":"publish","type":"post","link":"https:\/\/agora.xtec.cat\/ceipjoanmarquescasals\/any-2019-2020\/15-maig-dia-internacional-de-les-families\/","title":{"rendered":"15 Maig. DIA INTERNACIONAL DE LES FAM\u00cdLIES."},"content":{"rendered":"<p>Avui, 15 de maig, \u00e9s el Dia Internacional de la Fam\u00edlies i <strong>us volem FELICITAR<\/strong> per l\u00b4esfor\u00e7 que esteu fent treballant, ajudant als fills i\u00a0 les filles amb les activitats educatives i amb el dia a dia, davant aquesta situaci\u00f3 tant dif\u00edcil en la que ens trobem.<\/p>\n<p><strong>Us hem preparat un v\u00eddeo fet per tot el professorat de l\u00b4escola,<\/strong> que esperem que us agradi molt.<\/p>\n<p>Clica la imatge per anar al v\u00eddeo.<\/p>\n<p><a href=\"https:\/\/drive.google.com\/file\/d\/1tIuIq3SaU0KmKYVSI34H2bfKGXoGF61L\/view?usp=sharing\"><img loading=\"lazy\" decoding=\"async\" class=\"alignnone wp-image-3781 size-medium\" src=\"https:\/\/agora.xtec.cat\/ceipjoanmarquescasals\/wp-content\/uploads\/usu1790\/2020\/05\/Video-familias-300x169.png\" alt=\"\" width=\"300\" height=\"169\" srcset=\"https:\/\/agora.xtec.cat\/ceipjoanmarquescasals\/wp-content\/uploads\/usu1790\/2020\/05\/Video-familias-300x169.png 300w, https:\/\/agora.xtec.cat\/ceipjoanmarquescasals\/wp-content\/uploads\/usu1790\/2020\/05\/Video-familias-768x432.png 768w, https:\/\/agora.xtec.cat\/ceipjoanmarquescasals\/wp-content\/uploads\/usu1790\/2020\/05\/Video-familias-1024x576.png 1024w, https:\/\/agora.xtec.cat\/ceipjoanmarquescasals\/wp-content\/uploads\/usu1790\/2020\/05\/Video-familias.png 1366w\" sizes=\"auto, (max-width: 300px) 100vw, 300px\" \/><\/a><\/p>\n<p><strong>JUNTS HO ACONSEGUIREM! <\/strong><\/p>\n<p><strong>\u00c0NIMS!<\/strong><\/p>\n<p>&nbsp;<\/p>\n<p>&nbsp;<\/p>\n<p>&nbsp;<\/p>\n","protected":false},"excerpt":{"rendered":"<p>Avui, 15 de maig, \u00e9s el Dia Internacional de la Fam\u00edlies i us volem FELICITAR per l\u00b4esfor\u00e7 que esteu fent treballant, ajudant als fills i\u00a0 les filles amb les activitats educatives i amb el dia a dia, davant aquesta situaci\u00f3 tant dif\u00edcil en la que&hellip;  <a href=\"https:\/\/agora.xtec.cat\/ceipjoanmarquescasals\/any-2019-2020\/15-maig-dia-internacional-de-les-families\/\" title=\"Read 15 Maig. DIA INTERNACIONAL DE LES FAM\u00cdLIES.\">Llegeix m\u00e9s\u00bb<\/a><\/p>\n","protected":false},"author":1,"featured_media":3776,"comment_status":"open","ping_status":"closed","sticky":false,"template":"","format":"standard","meta":{"_bbp_topic_count":0,"_bbp_reply_count":0,"_bbp_total_topic_count":0,"_bbp_total_reply_count":0,"_bbp_voice_count":0,"_bbp_anonymous_reply_count":0,"_bbp_topic_count_hidden":0,"_bbp_reply_count_hidden":0,"_bbp_forum_subforum_count":0,"footnotes":""},"categories":[233],"tags":[],"class_list":["post-3772","post","type-post","status-publish","format-standard","has-post-thumbnail","hentry","category-any-2019-2020"],"post_mailing_queue_ids":[],"_links":{"self":[{"href":"https:\/\/agora.xtec.cat\/ceipjoanmarquescasals\/wp-json\/wp\/v2\/posts\/3772","targetHints":{"allow":["GET"]}}],"collection":[{"href":"https:\/\/agora.xtec.cat\/ceipjoanmarquescasals\/wp-json\/wp\/v2\/posts"}],"about":[{"href":"https:\/\/agora.xtec.cat\/ceipjoanmarquescasals\/wp-json\/wp\/v2\/types\/post"}],"author":[{"embeddable":true,"href":"https:\/\/agora.xtec.cat\/ceipjoanmarquescasals\/wp-json\/wp\/v2\/users\/1"}],"replies":[{"embeddable":true,"href":"https:\/\/agora.xtec.cat\/ceipjoanmarquescasals\/wp-json\/wp\/v2\/comments?post=3772"}],"version-history":[{"count":3,"href":"https:\/\/agora.xtec.cat\/ceipjoanmarquescasals\/wp-json\/wp\/v2\/posts\/3772\/revisions"}],"predecessor-version":[{"id":3783,"href":"https:\/\/agora.xtec.cat\/ceipjoanmarquescasals\/wp-json\/wp\/v2\/posts\/3772\/revisions\/3783"}],"wp:featuredmedia":[{"embeddable":true,"href":"https:\/\/agora.xtec.cat\/ceipjoanmarquescasals\/wp-json\/wp\/v2\/media\/3776"}],"wp:attachment":[{"href":"https:\/\/agora.xtec.cat\/ceipjoanmarquescasals\/wp-json\/wp\/v2\/media?parent=3772"}],"wp:term":[{"taxonomy":"category","embeddable":true,"href":"https:\/\/agora.xtec.cat\/ceipjoanmarquescasals\/wp-json\/wp\/v2\/categories?post=3772"},{"taxonomy":"post_tag","embeddable":true,"href":"https:\/\/agora.xtec.cat\/ceipjoanmarquescasals\/wp-json\/wp\/v2\/tags?post=3772"}],"curies":[{"name":"wp","href":"https:\/\/api.w.org\/{rel}","templated":true}]}}