{"id":3763,"date":"2020-05-11T15:38:10","date_gmt":"2020-05-11T13:38:10","guid":{"rendered":"http:\/\/agora.xtec.cat\/ceipjoanmarquescasals\/?p=3763"},"modified":"2020-11-03T16:10:29","modified_gmt":"2020-11-03T15:10:29","slug":"sol-licitud-preinscripcio-curs-2020-2021","status":"publish","type":"post","link":"https:\/\/agora.xtec.cat\/ceipjoanmarquescasals\/any-2019-2020\/sol-licitud-preinscripcio-curs-2020-2021\/","title":{"rendered":"SOL.LICITUD PREINSCRIPCI\u00d3 CURS 2020-2021."},"content":{"rendered":"<p>ADJUNTEM LA <strong>SOL.LICITUD DE LA PREINSCRIPCI\u00d3 EN AQUEST ENLLA\u00c7<\/strong><a href=\"https:\/\/drive.google.com\/file\/d\/1GrmKGc9K5U9vmC839G1hgNJIt2DedrFW\/view?usp=sharing\">https:\/\/drive.google.com\/file\/d\/1GrmKGc9K5U9vmC839G1hgNJIt2DedrFW\/view?usp=sharing\u00a0\u00a0\u00a0\u00a0\u00a0 <\/a><\/p>\n<p>TAMB\u00c9 ADJUNTEM TOTA LA INFORMACI\u00d3 RELATIVA A TR\u00c0MITS, DOCUMENTACI\u00d3, CORREU\u00a0 ETC&#8230; PER REALITZAR LA PREINSCRIPCI\u00d3 A LA NOSTRA ESCOLA, CLICANT EL SEG\u00dcENT ENLLA\u00c7<a href=\"http:\/\/PREINSCRIPCI\u00d3 I MATRICULACI\u00d3 2020-2021\">http:\/\/PREINSCRIPCI\u00d3 I MATRICULACI\u00d3 2020-2021<\/a><\/p>\n<h1><u>PREINSCRIPCI\u00d3\u00a0 I\u00a0 MATRICULACI\u00d3\u00a0 CURS 2020-2021<\/u><\/h1>\n<p><strong>\u00a0Resoluci\u00f3 EDU\/576\/2020,de28 de febrer (DOGC N\u00fam. 8078 \u20135.3.2020)<\/strong><\/p>\n<p><strong><em>MODIFICACI\u00d3 Resoluci\u00f3 EDU\/977\/2020, 8 de maig (DOGC N\u00fam. 8130-11.5.2020)<\/em><\/strong><\/p>\n<p><strong><b>CALENDARI DE PREINSCRIPCI\u00d3 I MATR\u00cdCULA\u00a0\u00a0\u00a0<\/b><\/strong><\/p>\n<table width=\"576\">\n<tbody>\n<tr>\n<td width=\"340\"><strong>Oferta inicial<\/strong><\/td>\n<td width=\"236\"><strong>8 de maig <\/strong><\/td>\n<\/tr>\n<tr>\n<td width=\"340\"><strong>Per\u00edode presentaci\u00f3 de sol.licituds<\/strong><\/td>\n<td width=\"236\"><strong>Del 13 al 22 de maig ambd\u00f3s inclosos<\/strong><\/td>\n<\/tr>\n<tr>\n<td width=\"340\"><strong>Per\u00edode presentaci\u00f3 de sol.licituds amb cita pr\u00e8via<\/strong><\/td>\n<td width=\"236\"><strong>Del 19 al 22 de maig ambd\u00f3s inclosos<\/strong><\/td>\n<\/tr>\n<tr>\n<td width=\"340\"><strong>Data l\u00edmit per presentar documentaci\u00f3 al centre <a href=\"mailto:a8034485@xtec.cat\">a8034485@xtec.cat<\/a><\/strong><\/td>\n<td width=\"236\"><strong>Fins el 25 de maig<\/strong><\/td>\n<\/tr>\n<tr>\n<td width=\"340\"><strong>Publicaci\u00f3 baremaci\u00f3 provisional sol.licituds<\/strong><\/td>\n<td width=\"236\"><strong>29 de maig<\/strong><\/td>\n<\/tr>\n<tr>\n<td width=\"340\"><strong>Reclamacions sol.licituds baremades<\/strong><\/td>\n<td width=\"236\"><strong>Del 2 al 5 de juny, ambd\u00f3s inclosos<\/strong><\/td>\n<\/tr>\n<tr>\n<td width=\"340\"><strong>Publicaci\u00f3 baremaci\u00f3 definitives<\/strong><\/td>\n<td width=\"236\"><strong>9 de juny<\/strong><\/td>\n<\/tr>\n<tr>\n<td width=\"340\"><strong>Sorteig per determinar ordenaci\u00f3<\/strong><\/td>\n<td width=\"236\"><strong>9 de juny<\/strong><\/td>\n<\/tr>\n<tr>\n<td width=\"340\"><strong>Publicaci\u00f3 llista ordenada definitiva<\/strong><\/td>\n<td width=\"236\"><strong>11 de juny<\/strong><\/td>\n<\/tr>\n<tr>\n<td width=\"340\"><strong>Publicaci\u00f3 oferta definitiva <\/strong><\/td>\n<td width=\"236\"><strong>6 de juliol<\/strong><\/td>\n<\/tr>\n<tr>\n<td width=\"340\"><strong>Publicaci\u00f3 de les relacions d\u2019alumnat adm\u00e8s i llista d\u2019espera<\/strong><\/td>\n<td width=\"236\"><strong>7 de juliol<\/strong><\/p>\n<p>&nbsp;<\/td>\n<\/tr>\n<\/tbody>\n<\/table>\n<table width=\"576\">\n<tbody>\n<tr>\n<td width=\"340\"><strong>Matriculaci\u00f3<\/strong><\/td>\n<td width=\"236\"><strong>13 al 17 de juliol<\/strong><\/td>\n<\/tr>\n<\/tbody>\n<\/table>\n<p><strong><em>RECOMANEM:<\/em><\/strong><\/p>\n<ol>\n<li><strong>Presenteu la sol.licitud online a:<\/strong><\/li>\n<\/ol>\n<p><a href=\"http:\/\/queestudiar.gencat.cat\/ca\/preinscripcio\/\"><strong>http:\/\/queestudiar.gencat.cat\/ca\/preinscripcio\/<\/strong><\/a><\/p>\n<p><strong>\u00a0<\/strong><\/p>\n<p><strong>I els documents acreditatius escanejats o b\u00e9 una foto al correu del cole: <\/strong><strong>\u00a0<\/strong><a href=\"mailto:a8034485@xtec.cat\"><strong>a8034485@xtec.cat<\/strong><\/a><\/p>\n<p>&nbsp;<\/p>\n<p><strong>\u00a0<\/strong><\/p>\n<p><strong>2. Presencialment <u>nom\u00e9s amb cita pr\u00e8via<\/u> (demaneu-la al correu del cole <\/strong><a href=\"mailto:a8034485@xtec.cat\"><strong>a8034485@xtec.cat<\/strong><\/a> <strong>)<\/strong><\/p>\n<ol start=\"3\">\n<li><strong>DOCUMENTACI\u00d3 QUE CAL PRESENTAR<\/strong><br \/>\n<table>\n<tbody>\n<tr>\n<td width=\"461\"><strong><u>SOL.LICITUD de preinscripci\u00f3<\/u><\/strong><strong> (presentar una \u00fanica sol.licitud)<\/strong><\/td>\n<\/tr>\n<tr>\n<td width=\"461\"><strong><u>Llibre de fam\u00edlia<\/u><\/strong><strong> ( p\u00e0g. 2 i fill\/a) o altres documents relatius a la filiaci\u00f3.<\/strong><\/td>\n<\/tr>\n<tr>\n<td width=\"461\"><strong><u>DNI<\/u><\/strong><strong> (alumne\/a, pare, mare, tutor\/a)<\/strong><\/td>\n<\/tr>\n<tr>\n<td width=\"461\"><strong><u>TSI<\/u><\/strong><strong> (targeta sanit\u00e0ria individual del fill\/a)<\/strong><\/td>\n<\/tr>\n<tr>\n<td width=\"461\"><strong>Documentaci\u00f3 acreditativa d\u2019altres criteris.<\/strong><\/td>\n<\/tr>\n<\/tbody>\n<\/table>\n<p><strong>\u00a0<\/strong><\/p>\n<p><strong>CRITERIS GENERALS D\u2019ADMISSI\u00d3 <\/strong><strong>Punts<\/strong><\/p>\n<table width=\"441\">\n<tbody>\n<tr>\n<td width=\"397\"><strong>Exist\u00e8ncia de germans escolaritzats al centre o de pares\/tutors que hi treballen<\/strong><\/td>\n<td width=\"44\"><strong>40 <\/strong><\/td>\n<\/tr>\n<tr>\n<td width=\"397\"><strong>Proximitat\u00a0\u00a0 (<u>30, 20 o 10 NO S\u2019ACUMULA<\/u>)<\/strong><\/p>\n<table>\n<tbody>\n<tr>\n<td width=\"380\">Domicili sol.licitant estigui a l\u2019\u00e0rea d\u2019influ\u00e8ncia<\/td>\n<\/tr>\n<tr>\n<td width=\"380\">Treball pare, mare, tutor\/a estigui a l\u2019\u00e0rea d\u2019influ\u00e8ncia<\/td>\n<\/tr>\n<tr>\n<td width=\"380\">Domicili mateix municipi<\/td>\n<\/tr>\n<\/tbody>\n<\/table>\n<\/td>\n<td width=\"44\"><strong>\u00a0<\/strong><\/p>\n<p><strong>30<\/strong><\/p>\n<p><strong>20<\/strong><\/p>\n<p><strong>10<\/strong><\/td>\n<\/tr>\n<tr>\n<td width=\"397\"><strong>Renda anual de la unitat familiar<\/strong><\/td>\n<td width=\"44\"><strong>10<\/strong><\/td>\n<\/tr>\n<tr>\n<td width=\"397\"><strong>Discapacitat de l\u2019alumne\/a, pare, mare o germans<\/strong><\/td>\n<td width=\"44\"><strong>10<\/strong><\/td>\n<\/tr>\n<\/tbody>\n<\/table>\n<p><strong>\u00a0<\/strong><\/p>\n<p><strong>CRITERIS COMPLEMENTARIS D\u2019ADMISSI\u00d3<\/strong><\/p>\n<table>\n<tbody>\n<tr>\n<td width=\"395\"><strong>Fam\u00edlia nombrosa o monoparental<\/strong><\/td>\n<td width=\"38\"><strong>15<\/strong><\/td>\n<\/tr>\n<\/tbody>\n<\/table>\n<p><strong>M\u00c9S INFORMACI\u00d3:<\/strong><\/p>\n<p><a href=\"http:\/\/queestudiar.gencat.cat\/ca\/preinscripcio\/\"><strong>http:\/\/queestudiar.gencat.cat\/ca\/preinscripcio\/<\/strong><\/a><\/p>\n<p><a href=\"http:\/\/www.terrassa.cat\/educacio\"><strong>http:\/\/www.terrassa.cat\/educacio<\/strong><\/a><\/p>\n<p><strong>\u00a0<\/strong><\/p>\n<p><strong>Podeu trobar informaci\u00f3 de la\u00a0 ZONA DE PROXIMITAT<\/strong><strong>:<\/strong><\/p>\n<p><a href=\"http:\/\/emap.terrassa.cat\/mapGIS\/ambits\"><strong>http:\/\/emap.terrassa.cat\/mapGIS\/ambits<\/strong><\/a><\/li>\n<li>Document explicatiu Municipal<a href=\"https:\/\/drive.google.com\/file\/d\/1HcvSeXmY0k7KplwmzDih-2kaD8o5U6v7\/view?usp=sharing\">https:\/\/drive.google.com\/file\/d\/1HcvSeXmY0k7KplwmzDih-2kaD8o5U6v7\/view?usp=sharing<\/a><\/li>\n<li>Per dubtes truqueu al<strong> tel\u00e8fon de l\u00b4escola 93. 783.95.60.<\/strong> Horari d\u00b4atenci\u00f3 de 10 a 12.30.<\/li>\n<\/ol>\n<p><strong>\u00a0<\/strong><\/p>\n","protected":false},"excerpt":{"rendered":"<p>ADJUNTEM LA SOL.LICITUD DE LA PREINSCRIPCI\u00d3 EN AQUEST ENLLA\u00c7<a href=\"https:\/\/drive.google.com\/file\/d\/1GrmKGc9K5U9vmC839G1hgNJIt2DedrFW\/view?usp=sharing\">https:\/\/drive.google.com\/file\/d\/1GrmKGc9K5U9vmC839G1hgNJIt2DedrFW\/view?usp=sharing\u00a0\u00a0\u00a0\u00a0\u00a0 <\/a><br \/>\nTAMB\u00c9 ADJUNTEM TOTA LA INFORMACI\u00d3 RELATIVA A TR\u00c0MITS, DOCUMENTACI\u00d3, CORREU\u00a0 ETC&#8230; PER REALITZAR LA PREINSCRIPCI\u00d3 A LA NOSTRA ESCOLA, CLICANT EL SEG\u00dcENT ENLLA\u00c7<a href=\"http:\/\/PREINSCRIPCI\u00d3 I MATRICULACI\u00d3 2020-2021\">http:\/\/PREINSCRIPCI\u00d3 I MATRICULACI\u00d3 2020-2021<\/a><br \/>\nPREINSCRIPCI\u00d3\u00a0 I\u00a0 MATRICULACI\u00d3\u00a0 CURS 2020-2021<br \/>\n\u00a0Resoluci\u00f3 EDU\/576\/2020,de28&hellip;  <a href=\"https:\/\/agora.xtec.cat\/ceipjoanmarquescasals\/any-2019-2020\/sol-licitud-preinscripcio-curs-2020-2021\/\" title=\"Read SOL.LICITUD PREINSCRIPCI\u00d3 CURS 2020-2021.\">Llegeix m\u00e9s\u00bb<\/a><\/p>\n","protected":false},"author":1,"featured_media":3764,"comment_status":"open","ping_status":"closed","sticky":false,"template":"","format":"standard","meta":{"_bbp_topic_count":0,"_bbp_reply_count":0,"_bbp_total_topic_count":0,"_bbp_total_reply_count":0,"_bbp_voice_count":0,"_bbp_anonymous_reply_count":0,"_bbp_topic_count_hidden":0,"_bbp_reply_count_hidden":0,"_bbp_forum_subforum_count":0,"footnotes":""},"categories":[233],"tags":[],"class_list":["post-3763","post","type-post","status-publish","format-standard","has-post-thumbnail","hentry","category-any-2019-2020"],"post_mailing_queue_ids":[],"_links":{"self":[{"href":"https:\/\/agora.xtec.cat\/ceipjoanmarquescasals\/wp-json\/wp\/v2\/posts\/3763","targetHints":{"allow":["GET"]}}],"collection":[{"href":"https:\/\/agora.xtec.cat\/ceipjoanmarquescasals\/wp-json\/wp\/v2\/posts"}],"about":[{"href":"https:\/\/agora.xtec.cat\/ceipjoanmarquescasals\/wp-json\/wp\/v2\/types\/post"}],"author":[{"embeddable":true,"href":"https:\/\/agora.xtec.cat\/ceipjoanmarquescasals\/wp-json\/wp\/v2\/users\/1"}],"replies":[{"embeddable":true,"href":"https:\/\/agora.xtec.cat\/ceipjoanmarquescasals\/wp-json\/wp\/v2\/comments?post=3763"}],"version-history":[{"count":3,"href":"https:\/\/agora.xtec.cat\/ceipjoanmarquescasals\/wp-json\/wp\/v2\/posts\/3763\/revisions"}],"predecessor-version":[{"id":3815,"href":"https:\/\/agora.xtec.cat\/ceipjoanmarquescasals\/wp-json\/wp\/v2\/posts\/3763\/revisions\/3815"}],"wp:featuredmedia":[{"embeddable":true,"href":"https:\/\/agora.xtec.cat\/ceipjoanmarquescasals\/wp-json\/wp\/v2\/media\/3764"}],"wp:attachment":[{"href":"https:\/\/agora.xtec.cat\/ceipjoanmarquescasals\/wp-json\/wp\/v2\/media?parent=3763"}],"wp:term":[{"taxonomy":"category","embeddable":true,"href":"https:\/\/agora.xtec.cat\/ceipjoanmarquescasals\/wp-json\/wp\/v2\/categories?post=3763"},{"taxonomy":"post_tag","embeddable":true,"href":"https:\/\/agora.xtec.cat\/ceipjoanmarquescasals\/wp-json\/wp\/v2\/tags?post=3763"}],"curies":[{"name":"wp","href":"https:\/\/api.w.org\/{rel}","templated":true}]}}