{"id":3759,"date":"2020-05-14T22:48:29","date_gmt":"2020-05-14T20:48:29","guid":{"rendered":"http:\/\/agora.xtec.cat\/ceipjoanmarquescasals\/?p=3759"},"modified":"2020-11-03T16:03:11","modified_gmt":"2020-11-03T15:03:11","slug":"dates-preinscripcio-2020","status":"publish","type":"post","link":"https:\/\/agora.xtec.cat\/ceipjoanmarquescasals\/any-2019-2020\/dates-preinscripcio-2020\/","title":{"rendered":"Dates preinscripci\u00f3. 2020"},"content":{"rendered":"<div class=\"entry-summary\">\n<blockquote>\n<div dir=\"ltr\">\n<div dir=\"ltr\">\n<div class=\"gmail_default\">\n<div class=\"gmail_default\">Benvolgudes fam\u00edlies,<\/div>\n<div class=\"gmail_default\">El Departament d\u2019Educaci\u00f3 ens informa de la publicaci\u00f3 de les instruccions per als centres educatius de la <b>PREINSCRIPCI\u00d3 I MATR\u00cdCULA DEL CURS 2020-2021.<\/b><\/div>\n<div class=\"gmail_default\"><\/div>\n<div class=\"gmail_default\">Del <strong>13 al 22 de maig<\/strong> es faran les presentacions de manera <strong>telem\u00e0tica.<br \/>\n<\/strong><\/div>\n<div class=\"gmail_default\">Del <strong>19 al 22 de maig<\/strong> es donaran <strong>cites pr\u00e8vies<\/strong> a aquelles fam\u00edlies que no tinguin possibilitats de fer-ho telem\u00e0ticament.<\/div>\n<div class=\"gmail_default\"><\/div>\n<div class=\"gmail_default\">Per poder-ho fer presencialment caldr\u00e0:<\/div>\n<div class=\"gmail_default\">\u2013 Tenir hora concertada, ser molt puntual (evitar arribar abans o despr\u00e9s),\u00a0<b>Sense cita pr\u00e8via no es podr\u00e0 atendre a ning\u00fa.<\/b><\/div>\n<div class=\"gmail_default\">\u2013 Al\u00a0 centre ha de venir el menor nombre possible de persones a fer les gestions (A ser possible una \u00fanica persona)<\/div>\n<div class=\"gmail_default\">\u2013 Cal portar la documentaci\u00f3 fotocopiada , i\u00a0 si pot ser, la sol\u00b7licitud emplenada des de casa.<\/div>\n<div class=\"gmail_default\">\u2013 En el cas d\u2019haver d\u2019omplir\u00a0la\u00a0 sol\u00b7licitud en paper, conv\u00e9 portar el propi bol\u00edgraf.<\/div>\n<div class=\"gmail_default\">\u2013 \u00c9s recomanable\u00a0 portar mascareta i guants.<\/div>\n<div class=\"gmail_default\">\u2013 No han d\u2019acudir al centre les persones de grups d\u2019especial vulnerabilitat o en per\u00edode de confinament, o que presentin s\u00edmptomes.<\/div>\n<div class=\"gmail_default\"><\/div>\n<div class=\"gmail_default\"><b>En cas de preveure la necessitat de fer preinscripci\u00f3 presencialment (venir a l\u2019escola) necessitarem que contacteu amb nosaltres als tel\u00e8fon de l\u2019escola\u00a0\u00a0\u00a0 673083793 o 673081587 i anirem organitzant les agendes per concertar les trobades.<\/b><\/div>\n<div class=\"gmail_default\"><\/div>\n<div class=\"gmail_default\">L\u2019horari previst d\u2019atenci\u00f3 al p\u00fablic, per aquesta gesti\u00f3, ser\u00e0\u00a0 9 a 12.30.<\/div>\n<div class=\"gmail_default\"><\/div>\n<div class=\"gmail_default\">Esperem que gaudiu de bona salut.<\/div>\n<div class=\"gmail_default\"><\/div>\n<div class=\"gmail_default\">Salutacions<\/div>\n<div class=\"gmail_default\"><\/div>\n<div class=\"gmail_default\">Equip Directiu<\/div>\n<\/div>\n<\/div>\n<\/div>\n<\/blockquote>\n<\/div>\n","protected":false},"excerpt":{"rendered":"<p>Benvolgudes fam\u00edlies,<br \/>\nEl Departament d\u2019Educaci\u00f3 ens informa de la publicaci\u00f3 de les instruccions per als centres educatius de la PREINSCRIPCI\u00d3 I MATR\u00cdCULA DEL CURS 2020-2021.<\/p>\n<p>Del 13 al 22 de maig es faran les presentacions de manera telem\u00e0tica.<\/p>\n<p>Del 19 al 22 de maig es donaran cites pr\u00e8vies&hellip;  <a href=\"https:\/\/agora.xtec.cat\/ceipjoanmarquescasals\/any-2019-2020\/dates-preinscripcio-2020\/\" title=\"Read Dates preinscripci\u00f3. 2020\">Llegeix m\u00e9s\u00bb<\/a><\/p>\n","protected":false},"author":1,"featured_media":0,"comment_status":"open","ping_status":"closed","sticky":false,"template":"","format":"standard","meta":{"_bbp_topic_count":0,"_bbp_reply_count":0,"_bbp_total_topic_count":0,"_bbp_total_reply_count":0,"_bbp_voice_count":0,"_bbp_anonymous_reply_count":0,"_bbp_topic_count_hidden":0,"_bbp_reply_count_hidden":0,"_bbp_forum_subforum_count":0,"footnotes":""},"categories":[233],"tags":[],"class_list":["post-3759","post","type-post","status-publish","format-standard","hentry","category-any-2019-2020"],"post_mailing_queue_ids":[],"_links":{"self":[{"href":"https:\/\/agora.xtec.cat\/ceipjoanmarquescasals\/wp-json\/wp\/v2\/posts\/3759","targetHints":{"allow":["GET"]}}],"collection":[{"href":"https:\/\/agora.xtec.cat\/ceipjoanmarquescasals\/wp-json\/wp\/v2\/posts"}],"about":[{"href":"https:\/\/agora.xtec.cat\/ceipjoanmarquescasals\/wp-json\/wp\/v2\/types\/post"}],"author":[{"embeddable":true,"href":"https:\/\/agora.xtec.cat\/ceipjoanmarquescasals\/wp-json\/wp\/v2\/users\/1"}],"replies":[{"embeddable":true,"href":"https:\/\/agora.xtec.cat\/ceipjoanmarquescasals\/wp-json\/wp\/v2\/comments?post=3759"}],"version-history":[{"count":3,"href":"https:\/\/agora.xtec.cat\/ceipjoanmarquescasals\/wp-json\/wp\/v2\/posts\/3759\/revisions"}],"predecessor-version":[{"id":3762,"href":"https:\/\/agora.xtec.cat\/ceipjoanmarquescasals\/wp-json\/wp\/v2\/posts\/3759\/revisions\/3762"}],"wp:attachment":[{"href":"https:\/\/agora.xtec.cat\/ceipjoanmarquescasals\/wp-json\/wp\/v2\/media?parent=3759"}],"wp:term":[{"taxonomy":"category","embeddable":true,"href":"https:\/\/agora.xtec.cat\/ceipjoanmarquescasals\/wp-json\/wp\/v2\/categories?post=3759"},{"taxonomy":"post_tag","embeddable":true,"href":"https:\/\/agora.xtec.cat\/ceipjoanmarquescasals\/wp-json\/wp\/v2\/tags?post=3759"}],"curies":[{"name":"wp","href":"https:\/\/api.w.org\/{rel}","templated":true}]}}