{"id":3717,"date":"2020-03-26T13:07:31","date_gmt":"2020-03-26T12:07:31","guid":{"rendered":"http:\/\/agora.xtec.cat\/ceipjoanmarquescasals\/?p=3717"},"modified":"2020-11-03T16:06:41","modified_gmt":"2020-11-03T15:06:41","slug":"molts-anims-families-mireu-el-video","status":"publish","type":"post","link":"https:\/\/agora.xtec.cat\/ceipjoanmarquescasals\/any-2019-2020\/molts-anims-families-mireu-el-video\/","title":{"rendered":"MOLTS \u00c0NIMS FAM\u00cdLIES!!! MIREU EL V\u00cdDEO!!!"},"content":{"rendered":"<p>Hola fam\u00edlies!!!!<\/p>\n<p>Hola nenes i nens!!!!<\/p>\n<p>En aquests moments tan complicats us volem enviar tot el nostre \u00e0nim, tota la nostra energia i i tota la nostra for\u00e7a.<\/p>\n<p>Us trobem molt a faltar i entre tots us hem preparat un petit v\u00eddeo que esperem que us agradi.<\/p>\n<p>Nom\u00e9s heu de clicar la fotografia!!!!!<\/p>\n<p style=\"text-align: right;\">Petonets i abra\u00e7ades virtuals!!!!!<\/p>\n<p><a href=\"https:\/\/youtu.be\/2mtG22E40bY\" target=\"_blank\" rel=\"noopener noreferrer\"><img loading=\"lazy\" decoding=\"async\" class=\"wp-image-3718 aligncenter\" src=\"https:\/\/agora.xtec.cat\/ceipjoanmarquescasals\/wp-content\/uploads\/usu1790\/2020\/03\/22-collage-1024x759.jpg\" alt=\"\" width=\"502\" height=\"372\" srcset=\"https:\/\/agora.xtec.cat\/ceipjoanmarquescasals\/wp-content\/uploads\/usu1790\/2020\/03\/22-collage-1024x759.jpg 1024w, https:\/\/agora.xtec.cat\/ceipjoanmarquescasals\/wp-content\/uploads\/usu1790\/2020\/03\/22-collage-300x222.jpg 300w, https:\/\/agora.xtec.cat\/ceipjoanmarquescasals\/wp-content\/uploads\/usu1790\/2020\/03\/22-collage-768x569.jpg 768w\" sizes=\"auto, (max-width: 502px) 100vw, 502px\" \/><\/a><\/p>\n","protected":false},"excerpt":{"rendered":"<p>Hola fam\u00edlies!!!!<br \/>\nHola nenes i nens!!!!<br \/>\nEn aquests moments tan complicats us volem enviar tot el nostre \u00e0nim, tota la nostra energia i i tota la nostra for\u00e7a.<br \/>\nUs trobem molt a faltar i entre tots us hem preparat un petit v\u00eddeo que esperem que us agradi.<br \/>\nNom\u00e9s heu&hellip;  <a href=\"https:\/\/agora.xtec.cat\/ceipjoanmarquescasals\/any-2019-2020\/molts-anims-families-mireu-el-video\/\" title=\"Read MOLTS \u00c0NIMS FAM\u00cdLIES!!! MIREU EL V\u00cdDEO!!!\">Llegeix m\u00e9s\u00bb<\/a><\/p>\n","protected":false},"author":35,"featured_media":3718,"comment_status":"open","ping_status":"closed","sticky":false,"template":"","format":"standard","meta":{"_bbp_topic_count":0,"_bbp_reply_count":0,"_bbp_total_topic_count":0,"_bbp_total_reply_count":0,"_bbp_voice_count":0,"_bbp_anonymous_reply_count":0,"_bbp_topic_count_hidden":0,"_bbp_reply_count_hidden":0,"_bbp_forum_subforum_count":0,"footnotes":""},"categories":[233],"tags":[226],"class_list":["post-3717","post","type-post","status-publish","format-standard","has-post-thumbnail","hentry","category-any-2019-2020","tag-videos"],"post_mailing_queue_ids":[],"_links":{"self":[{"href":"https:\/\/agora.xtec.cat\/ceipjoanmarquescasals\/wp-json\/wp\/v2\/posts\/3717","targetHints":{"allow":["GET"]}}],"collection":[{"href":"https:\/\/agora.xtec.cat\/ceipjoanmarquescasals\/wp-json\/wp\/v2\/posts"}],"about":[{"href":"https:\/\/agora.xtec.cat\/ceipjoanmarquescasals\/wp-json\/wp\/v2\/types\/post"}],"author":[{"embeddable":true,"href":"https:\/\/agora.xtec.cat\/ceipjoanmarquescasals\/wp-json\/wp\/v2\/users\/35"}],"replies":[{"embeddable":true,"href":"https:\/\/agora.xtec.cat\/ceipjoanmarquescasals\/wp-json\/wp\/v2\/comments?post=3717"}],"version-history":[{"count":1,"href":"https:\/\/agora.xtec.cat\/ceipjoanmarquescasals\/wp-json\/wp\/v2\/posts\/3717\/revisions"}],"predecessor-version":[{"id":3719,"href":"https:\/\/agora.xtec.cat\/ceipjoanmarquescasals\/wp-json\/wp\/v2\/posts\/3717\/revisions\/3719"}],"wp:featuredmedia":[{"embeddable":true,"href":"https:\/\/agora.xtec.cat\/ceipjoanmarquescasals\/wp-json\/wp\/v2\/media\/3718"}],"wp:attachment":[{"href":"https:\/\/agora.xtec.cat\/ceipjoanmarquescasals\/wp-json\/wp\/v2\/media?parent=3717"}],"wp:term":[{"taxonomy":"category","embeddable":true,"href":"https:\/\/agora.xtec.cat\/ceipjoanmarquescasals\/wp-json\/wp\/v2\/categories?post=3717"},{"taxonomy":"post_tag","embeddable":true,"href":"https:\/\/agora.xtec.cat\/ceipjoanmarquescasals\/wp-json\/wp\/v2\/tags?post=3717"}],"curies":[{"name":"wp","href":"https:\/\/api.w.org\/{rel}","templated":true}]}}