{"id":3650,"date":"2020-03-22T12:50:15","date_gmt":"2020-03-22T11:50:15","guid":{"rendered":"http:\/\/agora.xtec.cat\/ceipjoanmarquescasals\/?p=3650"},"modified":"2020-11-03T16:10:58","modified_gmt":"2020-11-03T15:10:58","slug":"les-televisions-creen-programes-daprenentatges-pels-alumnes","status":"publish","type":"post","link":"https:\/\/agora.xtec.cat\/ceipjoanmarquescasals\/any-2019-2020\/les-televisions-creen-programes-daprenentatges-pels-alumnes\/","title":{"rendered":"Les televisions creen programes d\u00b4aprenentatges pels alumnes."},"content":{"rendered":"<p>Les televisions han creat diferents programes pels alumnes S\u00f3n programes per facilitar els aprenentatge de tot l\u00b4alumnat durant la suspensi\u00f3 de les classes presencials.<\/p>\n<p><strong>Televisi\u00f3 de Catalunya i Catalunya R\u00e0dio han arribat a un acord amb el Departament d\u2019Educaci\u00f3<\/strong> per fer difusi\u00f3 a trav\u00e9s de la seva programaci\u00f3 de les orientacions i consells que el Departament ha fet arribar als centres educatius per contribuir a l\u2019aprenentatge de tot l\u2019alumnat. En el cas de Televisi\u00f3 de Catalunya, es far\u00e0 a trav\u00e9s de diferents programes del canal Super3 i del nou format digital \u201cAvui aprenem\u201d, un recull de peces divulgatives sobre diferents \u00e0mbits. I, en el de Catalunya R\u00e0dio, es far\u00e0 en la programaci\u00f3 excepcional d\u2019aquests dies a les emissores de Catalunya R\u00e0dio i d\u2019iCat.<\/p>\n<p>Clica l\u00b4enlla\u00e7 per llegir la informaci\u00f3.<\/p>\n<p><a href=\"https:\/\/govern.cat\/salapremsa\/notes-premsa\/383493\/televisio-catalunya-catalunya-radio-col-laboren-departament-educacio-propostes-aprenentatge-als-alumnes\">https:\/\/govern.cat\/salapremsa\/notes-premsa\/383493\/televisio-catalunya-catalunya-radio-col-laboren-departament-educacio-propostes-aprenentatge-als-alumnes<\/a><\/p>\n<p><strong>El Ministerio de Educaci\u00f3n y Formaci\u00f3n Profesional (MEFP) pone en marcha a partir del lunes 23 de marzo, en colaboraci\u00f3n con Radio Televisi\u00f3n Espa\u00f1ola (RTVE)<\/strong>, &#8216;Aprendemos en casa&#8217;, una iniciativa dirigida a alumnos y alumnas de 6 a 16 a\u00f1os que pretende facilitar el aprendizaje durante la suspensi\u00f3n de actividad lectiva presencial motivada por el estado de alarma decretado por el Gobierno para contener la propagaci\u00f3n del coronavirus.<\/p>\n<p>Se trata de una programaci\u00f3n especial de cinco horas diarias de contenidos educativos que se emitir\u00e1 en abierto durante las ma\u00f1anas, de lunes a viernes, en Clan TV y en La 2 de TVE.<\/p>\n<p>Clica per llegir tota la informaci\u00f3.<\/p>\n<p><a href=\"https:\/\/www.educacionyfp.gob.es\/prensa\/actualidad\/2020\/03\/20200321-mefprtve.html\">https:\/\/www.educacionyfp.gob.es\/prensa\/actualidad\/2020\/03\/20200321-mefprtve.html<\/a><\/p>\n","protected":false},"excerpt":{"rendered":"<p>Les televisions han creat diferents programes pels alumnes S\u00f3n programes per facilitar els aprenentatge de tot l\u00b4alumnat durant la suspensi\u00f3 de les classes presencials.<br \/>\nTelevisi\u00f3 de Catalunya i Catalunya R\u00e0dio han arribat a un acord amb el Departament d\u2019Educaci\u00f3 per fer difusi\u00f3 a trav\u00e9s de la&hellip;  <a href=\"https:\/\/agora.xtec.cat\/ceipjoanmarquescasals\/any-2019-2020\/les-televisions-creen-programes-daprenentatges-pels-alumnes\/\" title=\"Read Les televisions creen programes d\u00b4aprenentatges pels alumnes.\">Llegeix m\u00e9s\u00bb<\/a><\/p>\n","protected":false},"author":1,"featured_media":3651,"comment_status":"open","ping_status":"closed","sticky":false,"template":"","format":"standard","meta":{"_bbp_topic_count":0,"_bbp_reply_count":0,"_bbp_total_topic_count":0,"_bbp_total_reply_count":0,"_bbp_voice_count":0,"_bbp_anonymous_reply_count":0,"_bbp_topic_count_hidden":0,"_bbp_reply_count_hidden":0,"_bbp_forum_subforum_count":0,"footnotes":""},"categories":[233],"tags":[],"class_list":["post-3650","post","type-post","status-publish","format-standard","has-post-thumbnail","hentry","category-any-2019-2020"],"post_mailing_queue_ids":[],"_links":{"self":[{"href":"https:\/\/agora.xtec.cat\/ceipjoanmarquescasals\/wp-json\/wp\/v2\/posts\/3650","targetHints":{"allow":["GET"]}}],"collection":[{"href":"https:\/\/agora.xtec.cat\/ceipjoanmarquescasals\/wp-json\/wp\/v2\/posts"}],"about":[{"href":"https:\/\/agora.xtec.cat\/ceipjoanmarquescasals\/wp-json\/wp\/v2\/types\/post"}],"author":[{"embeddable":true,"href":"https:\/\/agora.xtec.cat\/ceipjoanmarquescasals\/wp-json\/wp\/v2\/users\/1"}],"replies":[{"embeddable":true,"href":"https:\/\/agora.xtec.cat\/ceipjoanmarquescasals\/wp-json\/wp\/v2\/comments?post=3650"}],"version-history":[{"count":1,"href":"https:\/\/agora.xtec.cat\/ceipjoanmarquescasals\/wp-json\/wp\/v2\/posts\/3650\/revisions"}],"predecessor-version":[{"id":3652,"href":"https:\/\/agora.xtec.cat\/ceipjoanmarquescasals\/wp-json\/wp\/v2\/posts\/3650\/revisions\/3652"}],"wp:featuredmedia":[{"embeddable":true,"href":"https:\/\/agora.xtec.cat\/ceipjoanmarquescasals\/wp-json\/wp\/v2\/media\/3651"}],"wp:attachment":[{"href":"https:\/\/agora.xtec.cat\/ceipjoanmarquescasals\/wp-json\/wp\/v2\/media?parent=3650"}],"wp:term":[{"taxonomy":"category","embeddable":true,"href":"https:\/\/agora.xtec.cat\/ceipjoanmarquescasals\/wp-json\/wp\/v2\/categories?post=3650"},{"taxonomy":"post_tag","embeddable":true,"href":"https:\/\/agora.xtec.cat\/ceipjoanmarquescasals\/wp-json\/wp\/v2\/tags?post=3650"}],"curies":[{"name":"wp","href":"https:\/\/api.w.org\/{rel}","templated":true}]}}