{"id":3620,"date":"2020-03-19T19:45:38","date_gmt":"2020-03-19T18:45:38","guid":{"rendered":"http:\/\/agora.xtec.cat\/ceipjoanmarquescasals\/?p=3620"},"modified":"2020-11-03T16:13:00","modified_gmt":"2020-11-03T15:13:00","slug":"sajorna-el-procediment-de-preinscripcio-i-matriculacio","status":"publish","type":"post","link":"https:\/\/agora.xtec.cat\/ceipjoanmarquescasals\/any-2019-2020\/sajorna-el-procediment-de-preinscripcio-i-matriculacio\/","title":{"rendered":"S\u00b4ajorna el procediment de preinscripci\u00f3 i matriculaci\u00f3."},"content":{"rendered":"<div>\n<div class=\"entradeta\">\n<h2>El Departament d\u2019Educaci\u00f3 ajorna tots els tr\u00e0mits relacionats amb el procediment de preinscripci\u00f3 i matriculaci\u00f3 de l\u2019alumnat de tots els ensenyaments, en totes les etapes.<\/h2>\n<div>\n<p>El Departament est\u00e0 treballant per tal que els diferents processos de preinscripci\u00f3 i matriculaci\u00f3 es puguin dur a terme amb totes les garanties. Al mateix temps, es treballa per tal d\u2019adequar els tr\u00e0mits pensant en les circumst\u00e0ncies actuals.<\/p>\n<p>\u200bS\u2019informar\u00e0 sobre el nou calendari d\u2019actuacions tant aviat com sigui possible.\u200b<\/p>\n<\/div>\n<\/div>\n<\/div>\n<p>\u200b\u200b<\/p>\n","protected":false},"excerpt":{"rendered":"<p>El Departament d\u2019Educaci\u00f3 ajorna tots els tr\u00e0mits relacionats amb el procediment de preinscripci\u00f3 i matriculaci\u00f3 de l\u2019alumnat de tots els ensenyaments, en totes les etapes.<\/p>\n<p>El Departament est\u00e0 treballant per tal que els diferents processos de preinscripci\u00f3 i matriculaci\u00f3 es puguin dur a terme amb totes&hellip;  <a href=\"https:\/\/agora.xtec.cat\/ceipjoanmarquescasals\/any-2019-2020\/sajorna-el-procediment-de-preinscripcio-i-matriculacio\/\" title=\"Read S\u00b4ajorna el procediment de preinscripci\u00f3 i matriculaci\u00f3.\">Llegeix m\u00e9s\u00bb<\/a><\/p>\n","protected":false},"author":1,"featured_media":0,"comment_status":"open","ping_status":"closed","sticky":false,"template":"","format":"standard","meta":{"_bbp_topic_count":0,"_bbp_reply_count":0,"_bbp_total_topic_count":0,"_bbp_total_reply_count":0,"_bbp_voice_count":0,"_bbp_anonymous_reply_count":0,"_bbp_topic_count_hidden":0,"_bbp_reply_count_hidden":0,"_bbp_forum_subforum_count":0,"footnotes":""},"categories":[233],"tags":[],"class_list":["post-3620","post","type-post","status-publish","format-standard","hentry","category-any-2019-2020"],"post_mailing_queue_ids":[],"_links":{"self":[{"href":"https:\/\/agora.xtec.cat\/ceipjoanmarquescasals\/wp-json\/wp\/v2\/posts\/3620","targetHints":{"allow":["GET"]}}],"collection":[{"href":"https:\/\/agora.xtec.cat\/ceipjoanmarquescasals\/wp-json\/wp\/v2\/posts"}],"about":[{"href":"https:\/\/agora.xtec.cat\/ceipjoanmarquescasals\/wp-json\/wp\/v2\/types\/post"}],"author":[{"embeddable":true,"href":"https:\/\/agora.xtec.cat\/ceipjoanmarquescasals\/wp-json\/wp\/v2\/users\/1"}],"replies":[{"embeddable":true,"href":"https:\/\/agora.xtec.cat\/ceipjoanmarquescasals\/wp-json\/wp\/v2\/comments?post=3620"}],"version-history":[{"count":1,"href":"https:\/\/agora.xtec.cat\/ceipjoanmarquescasals\/wp-json\/wp\/v2\/posts\/3620\/revisions"}],"predecessor-version":[{"id":3621,"href":"https:\/\/agora.xtec.cat\/ceipjoanmarquescasals\/wp-json\/wp\/v2\/posts\/3620\/revisions\/3621"}],"wp:attachment":[{"href":"https:\/\/agora.xtec.cat\/ceipjoanmarquescasals\/wp-json\/wp\/v2\/media?parent=3620"}],"wp:term":[{"taxonomy":"category","embeddable":true,"href":"https:\/\/agora.xtec.cat\/ceipjoanmarquescasals\/wp-json\/wp\/v2\/categories?post=3620"},{"taxonomy":"post_tag","embeddable":true,"href":"https:\/\/agora.xtec.cat\/ceipjoanmarquescasals\/wp-json\/wp\/v2\/tags?post=3620"}],"curies":[{"name":"wp","href":"https:\/\/api.w.org\/{rel}","templated":true}]}}