{"id":3589,"date":"2020-03-12T14:28:54","date_gmt":"2020-03-12T13:28:54","guid":{"rendered":"http:\/\/agora.xtec.cat\/ceipjoanmarquescasals\/?p=3589"},"modified":"2020-11-03T16:08:25","modified_gmt":"2020-11-03T15:08:25","slug":"escola-tancada-a-partir-de-divendres-13-de-marc","status":"publish","type":"post","link":"https:\/\/agora.xtec.cat\/ceipjoanmarquescasals\/any-2019-2020\/escola-tancada-a-partir-de-divendres-13-de-marc\/","title":{"rendered":"Escola tancada a partir de divendres 13 de mar\u00e7"},"content":{"rendered":"<p>Benvolgudes fam\u00edlies!<\/p>\n<p>Des de l\u00b4escola estem seguint amb deteniment les novetats en relaci\u00f3 a les darreres mesures de prevenci\u00f3 preses per la Generalitat de Catalunya relatives al tancament dels centres escolars per a dem\u00e0 13 de mar\u00e7.<\/p>\n<p>Es preveu que, durant el dia d\u00b4avui, el Departament d\u00b4Educaci\u00f3 faci arribar informaci\u00f3 oficial als centres educatius. Tan bon punt la tinguem us ho comunicarem.<\/p>\n<p>Restem a la vostra disposici\u00f3 per a qualsevol aclariment.<\/p>\n<p>Equip Directiu.<\/p>\n","protected":false},"excerpt":{"rendered":"<p>Benvolgudes fam\u00edlies!<br \/>\nDes de l\u00b4escola estem seguint amb deteniment les novetats en relaci\u00f3 a les darreres mesures de prevenci\u00f3 preses per la Generalitat de Catalunya relatives al tancament dels centres escolars per a dem\u00e0 13 de mar\u00e7.<br \/>\nEs preveu que, durant el dia d\u00b4avui, el Departament d\u00b4Educaci\u00f3&hellip;  <a href=\"https:\/\/agora.xtec.cat\/ceipjoanmarquescasals\/any-2019-2020\/escola-tancada-a-partir-de-divendres-13-de-marc\/\" title=\"Read Escola tancada a partir de divendres 13 de mar\u00e7\">Llegeix m\u00e9s\u00bb<\/a><\/p>\n","protected":false},"author":1,"featured_media":0,"comment_status":"open","ping_status":"closed","sticky":false,"template":"","format":"standard","meta":{"_bbp_topic_count":0,"_bbp_reply_count":0,"_bbp_total_topic_count":0,"_bbp_total_reply_count":0,"_bbp_voice_count":0,"_bbp_anonymous_reply_count":0,"_bbp_topic_count_hidden":0,"_bbp_reply_count_hidden":0,"_bbp_forum_subforum_count":0,"footnotes":""},"categories":[233],"tags":[],"class_list":["post-3589","post","type-post","status-publish","format-standard","hentry","category-any-2019-2020"],"post_mailing_queue_ids":[],"_links":{"self":[{"href":"https:\/\/agora.xtec.cat\/ceipjoanmarquescasals\/wp-json\/wp\/v2\/posts\/3589","targetHints":{"allow":["GET"]}}],"collection":[{"href":"https:\/\/agora.xtec.cat\/ceipjoanmarquescasals\/wp-json\/wp\/v2\/posts"}],"about":[{"href":"https:\/\/agora.xtec.cat\/ceipjoanmarquescasals\/wp-json\/wp\/v2\/types\/post"}],"author":[{"embeddable":true,"href":"https:\/\/agora.xtec.cat\/ceipjoanmarquescasals\/wp-json\/wp\/v2\/users\/1"}],"replies":[{"embeddable":true,"href":"https:\/\/agora.xtec.cat\/ceipjoanmarquescasals\/wp-json\/wp\/v2\/comments?post=3589"}],"version-history":[{"count":2,"href":"https:\/\/agora.xtec.cat\/ceipjoanmarquescasals\/wp-json\/wp\/v2\/posts\/3589\/revisions"}],"predecessor-version":[{"id":3591,"href":"https:\/\/agora.xtec.cat\/ceipjoanmarquescasals\/wp-json\/wp\/v2\/posts\/3589\/revisions\/3591"}],"wp:attachment":[{"href":"https:\/\/agora.xtec.cat\/ceipjoanmarquescasals\/wp-json\/wp\/v2\/media?parent=3589"}],"wp:term":[{"taxonomy":"category","embeddable":true,"href":"https:\/\/agora.xtec.cat\/ceipjoanmarquescasals\/wp-json\/wp\/v2\/categories?post=3589"},{"taxonomy":"post_tag","embeddable":true,"href":"https:\/\/agora.xtec.cat\/ceipjoanmarquescasals\/wp-json\/wp\/v2\/tags?post=3589"}],"curies":[{"name":"wp","href":"https:\/\/api.w.org\/{rel}","templated":true}]}}