{"id":3581,"date":"2020-03-12T14:59:42","date_gmt":"2020-03-12T13:59:42","guid":{"rendered":"http:\/\/agora.xtec.cat\/ceipjoanmarquescasals\/?p=3581"},"modified":"2020-11-03T16:09:04","modified_gmt":"2020-11-03T15:09:04","slug":"portes-obertes-basquet","status":"publish","type":"post","link":"https:\/\/agora.xtec.cat\/ceipjoanmarquescasals\/ampa\/extraescolar\/portes-obertes-basquet\/","title":{"rendered":"PORTES OBERTES B\u00c0SQUET"},"content":{"rendered":"<p>El passat dimarts dia 10 de mar\u00e7 l&#8217;escola va organitzar unes jornades obertes de b\u00e0squet en horari extra escolar. Donem les gr\u00e0cies a totes aquelles fam\u00edlies que vau deixar als vostres fills\/es realitzar aquesta activitat.<\/p>\n<p>Us recordem que cada dimarts es fa l&#8217;extra escolar de b\u00e0squet, qui estigui interessat hauria de passar per l&#8217;AMPA.<\/p>\n<p>Aqu\u00ed us deixem algunes imatges sobre la jornada.<\/p>\n<p><a href=\"https:\/\/agora.xtec.cat\/ceipjoanmarquescasals\/wp-content\/uploads\/usu1790\/2020\/03\/b4.jpg\"><img loading=\"lazy\" decoding=\"async\" class=\"alignnone wp-image-3582\" src=\"https:\/\/agora.xtec.cat\/ceipjoanmarquescasals\/wp-content\/uploads\/usu1790\/2020\/03\/b4-1024x766.jpg\" alt=\"\" width=\"341\" height=\"255\" srcset=\"https:\/\/agora.xtec.cat\/ceipjoanmarquescasals\/wp-content\/uploads\/usu1790\/2020\/03\/b4-1024x766.jpg 1024w, https:\/\/agora.xtec.cat\/ceipjoanmarquescasals\/wp-content\/uploads\/usu1790\/2020\/03\/b4-300x224.jpg 300w, https:\/\/agora.xtec.cat\/ceipjoanmarquescasals\/wp-content\/uploads\/usu1790\/2020\/03\/b4-768x574.jpg 768w, https:\/\/agora.xtec.cat\/ceipjoanmarquescasals\/wp-content\/uploads\/usu1790\/2020\/03\/b4-200x150.jpg 200w\" sizes=\"auto, (max-width: 341px) 100vw, 341px\" \/><\/a> <a href=\"https:\/\/agora.xtec.cat\/ceipjoanmarquescasals\/wp-content\/uploads\/usu1790\/2020\/03\/b5.jpg\"><img loading=\"lazy\" decoding=\"async\" class=\"wp-image-3583 alignright\" src=\"https:\/\/agora.xtec.cat\/ceipjoanmarquescasals\/wp-content\/uploads\/usu1790\/2020\/03\/b5-1024x766.jpg\" alt=\"\" width=\"444\" height=\"332\" srcset=\"https:\/\/agora.xtec.cat\/ceipjoanmarquescasals\/wp-content\/uploads\/usu1790\/2020\/03\/b5-1024x766.jpg 1024w, https:\/\/agora.xtec.cat\/ceipjoanmarquescasals\/wp-content\/uploads\/usu1790\/2020\/03\/b5-300x224.jpg 300w, https:\/\/agora.xtec.cat\/ceipjoanmarquescasals\/wp-content\/uploads\/usu1790\/2020\/03\/b5-768x574.jpg 768w, https:\/\/agora.xtec.cat\/ceipjoanmarquescasals\/wp-content\/uploads\/usu1790\/2020\/03\/b5-200x150.jpg 200w\" sizes=\"auto, (max-width: 444px) 100vw, 444px\" \/><\/a> <a href=\"https:\/\/agora.xtec.cat\/ceipjoanmarquescasals\/wp-content\/uploads\/usu1790\/2020\/03\/b7.jpg\"><img loading=\"lazy\" decoding=\"async\" class=\"alignnone wp-image-3584\" src=\"https:\/\/agora.xtec.cat\/ceipjoanmarquescasals\/wp-content\/uploads\/usu1790\/2020\/03\/b7-1024x766.jpg\" alt=\"\" width=\"355\" height=\"266\" srcset=\"https:\/\/agora.xtec.cat\/ceipjoanmarquescasals\/wp-content\/uploads\/usu1790\/2020\/03\/b7-1024x766.jpg 1024w, https:\/\/agora.xtec.cat\/ceipjoanmarquescasals\/wp-content\/uploads\/usu1790\/2020\/03\/b7-300x224.jpg 300w, https:\/\/agora.xtec.cat\/ceipjoanmarquescasals\/wp-content\/uploads\/usu1790\/2020\/03\/b7-768x574.jpg 768w, https:\/\/agora.xtec.cat\/ceipjoanmarquescasals\/wp-content\/uploads\/usu1790\/2020\/03\/b7-200x150.jpg 200w\" sizes=\"auto, (max-width: 355px) 100vw, 355px\" \/><\/a> <a href=\"https:\/\/agora.xtec.cat\/ceipjoanmarquescasals\/wp-content\/uploads\/usu1790\/2020\/03\/b10.jpg\"><img loading=\"lazy\" decoding=\"async\" class=\"alignnone wp-image-3585\" src=\"https:\/\/agora.xtec.cat\/ceipjoanmarquescasals\/wp-content\/uploads\/usu1790\/2020\/03\/b10-1024x766.jpg\" alt=\"\" width=\"433\" height=\"324\" srcset=\"https:\/\/agora.xtec.cat\/ceipjoanmarquescasals\/wp-content\/uploads\/usu1790\/2020\/03\/b10-1024x766.jpg 1024w, https:\/\/agora.xtec.cat\/ceipjoanmarquescasals\/wp-content\/uploads\/usu1790\/2020\/03\/b10-300x224.jpg 300w, https:\/\/agora.xtec.cat\/ceipjoanmarquescasals\/wp-content\/uploads\/usu1790\/2020\/03\/b10-768x574.jpg 768w, https:\/\/agora.xtec.cat\/ceipjoanmarquescasals\/wp-content\/uploads\/usu1790\/2020\/03\/b10-200x150.jpg 200w\" sizes=\"auto, (max-width: 433px) 100vw, 433px\" \/><\/a> <a href=\"https:\/\/agora.xtec.cat\/ceipjoanmarquescasals\/wp-content\/uploads\/usu1790\/2020\/03\/b12.jpg\"><img loading=\"lazy\" decoding=\"async\" class=\"alignnone wp-image-3586\" src=\"https:\/\/agora.xtec.cat\/ceipjoanmarquescasals\/wp-content\/uploads\/usu1790\/2020\/03\/b12-1024x766.jpg\" alt=\"\" width=\"382\" height=\"286\" srcset=\"https:\/\/agora.xtec.cat\/ceipjoanmarquescasals\/wp-content\/uploads\/usu1790\/2020\/03\/b12-1024x766.jpg 1024w, https:\/\/agora.xtec.cat\/ceipjoanmarquescasals\/wp-content\/uploads\/usu1790\/2020\/03\/b12-300x224.jpg 300w, https:\/\/agora.xtec.cat\/ceipjoanmarquescasals\/wp-content\/uploads\/usu1790\/2020\/03\/b12-768x574.jpg 768w, https:\/\/agora.xtec.cat\/ceipjoanmarquescasals\/wp-content\/uploads\/usu1790\/2020\/03\/b12-200x150.jpg 200w\" sizes=\"auto, (max-width: 382px) 100vw, 382px\" \/><\/a><a href=\"https:\/\/agora.xtec.cat\/ceipjoanmarquescasals\/wp-content\/uploads\/usu1790\/2020\/03\/b1.jpg\"><img loading=\"lazy\" decoding=\"async\" class=\"wp-image-3587 aligncenter\" src=\"https:\/\/agora.xtec.cat\/ceipjoanmarquescasals\/wp-content\/uploads\/usu1790\/2020\/03\/b1-1024x766.jpg\" alt=\"\" width=\"430\" height=\"321\" srcset=\"https:\/\/agora.xtec.cat\/ceipjoanmarquescasals\/wp-content\/uploads\/usu1790\/2020\/03\/b1-1024x766.jpg 1024w, https:\/\/agora.xtec.cat\/ceipjoanmarquescasals\/wp-content\/uploads\/usu1790\/2020\/03\/b1-300x224.jpg 300w, https:\/\/agora.xtec.cat\/ceipjoanmarquescasals\/wp-content\/uploads\/usu1790\/2020\/03\/b1-768x574.jpg 768w, https:\/\/agora.xtec.cat\/ceipjoanmarquescasals\/wp-content\/uploads\/usu1790\/2020\/03\/b1-200x150.jpg 200w\" sizes=\"auto, (max-width: 430px) 100vw, 430px\" \/><\/a><\/p>\n","protected":false},"excerpt":{"rendered":"<p>El passat dimarts dia 10 de mar\u00e7 l&#8217;escola va organitzar unes jornades obertes de b\u00e0squet en horari extra escolar. Donem les gr\u00e0cies a totes aquelles fam\u00edlies que vau deixar als vostres fills\/es realitzar aquesta activitat.<br \/>\nUs recordem que cada dimarts es fa l&#8217;extra escolar de b\u00e0squet,&hellip;  <a href=\"https:\/\/agora.xtec.cat\/ceipjoanmarquescasals\/ampa\/extraescolar\/portes-obertes-basquet\/\" title=\"Read PORTES OBERTES B\u00c0SQUET\">Llegeix m\u00e9s\u00bb<\/a><\/p>\n","protected":false},"author":36,"featured_media":3587,"comment_status":"open","ping_status":"closed","sticky":false,"template":"","format":"standard","meta":{"_bbp_topic_count":0,"_bbp_reply_count":0,"_bbp_total_topic_count":0,"_bbp_total_reply_count":0,"_bbp_voice_count":0,"_bbp_anonymous_reply_count":0,"_bbp_topic_count_hidden":0,"_bbp_reply_count_hidden":0,"_bbp_forum_subforum_count":0,"footnotes":""},"categories":[233,189],"tags":[182,221,201],"class_list":["post-3581","post","type-post","status-publish","format-standard","has-post-thumbnail","hentry","category-any-2019-2020","category-extraescolar","tag-ampa","tag-esports","tag-extraescolar"],"post_mailing_queue_ids":[],"_links":{"self":[{"href":"https:\/\/agora.xtec.cat\/ceipjoanmarquescasals\/wp-json\/wp\/v2\/posts\/3581","targetHints":{"allow":["GET"]}}],"collection":[{"href":"https:\/\/agora.xtec.cat\/ceipjoanmarquescasals\/wp-json\/wp\/v2\/posts"}],"about":[{"href":"https:\/\/agora.xtec.cat\/ceipjoanmarquescasals\/wp-json\/wp\/v2\/types\/post"}],"author":[{"embeddable":true,"href":"https:\/\/agora.xtec.cat\/ceipjoanmarquescasals\/wp-json\/wp\/v2\/users\/36"}],"replies":[{"embeddable":true,"href":"https:\/\/agora.xtec.cat\/ceipjoanmarquescasals\/wp-json\/wp\/v2\/comments?post=3581"}],"version-history":[{"count":1,"href":"https:\/\/agora.xtec.cat\/ceipjoanmarquescasals\/wp-json\/wp\/v2\/posts\/3581\/revisions"}],"predecessor-version":[{"id":3588,"href":"https:\/\/agora.xtec.cat\/ceipjoanmarquescasals\/wp-json\/wp\/v2\/posts\/3581\/revisions\/3588"}],"wp:featuredmedia":[{"embeddable":true,"href":"https:\/\/agora.xtec.cat\/ceipjoanmarquescasals\/wp-json\/wp\/v2\/media\/3587"}],"wp:attachment":[{"href":"https:\/\/agora.xtec.cat\/ceipjoanmarquescasals\/wp-json\/wp\/v2\/media?parent=3581"}],"wp:term":[{"taxonomy":"category","embeddable":true,"href":"https:\/\/agora.xtec.cat\/ceipjoanmarquescasals\/wp-json\/wp\/v2\/categories?post=3581"},{"taxonomy":"post_tag","embeddable":true,"href":"https:\/\/agora.xtec.cat\/ceipjoanmarquescasals\/wp-json\/wp\/v2\/tags?post=3581"}],"curies":[{"name":"wp","href":"https:\/\/api.w.org\/{rel}","templated":true}]}}