{"id":3521,"date":"2020-03-04T08:04:54","date_gmt":"2020-03-04T07:04:54","guid":{"rendered":"http:\/\/agora.xtec.cat\/ceipjoanmarquescasals\/?p=3521"},"modified":"2020-11-03T16:15:33","modified_gmt":"2020-11-03T15:15:33","slug":"el-nostre-diptic-on-vivim","status":"publish","type":"post","link":"https:\/\/agora.xtec.cat\/ceipjoanmarquescasals\/any-2019-2020\/el-nostre-diptic-on-vivim\/","title":{"rendered":"EL NOSTRE D\u00cdPTIC: ON VIVIM?"},"content":{"rendered":"<p>Hola fam\u00edlies!!!!<\/p>\n<p>Les nenes i els nens de quart hem fet un petit resum del que hem apr\u00e8s a medi en format d\u00edptic.<\/p>\n<p>Ens ha quedat molt maco i ens ajudar\u00e0 a recordar el nom de la nostra comarca i de les comarques ve\u00efnes, dels pobles del Vall\u00e8s Occidental&#8230;<\/p>\n<p>Us agrada? A nosaltres molt!!!!!!<\/p>\n<p><a href=\"https:\/\/agora.xtec.cat\/ceipjoanmarquescasals\/wp-content\/uploads\/usu1790\/2020\/03\/collage_3840x2880.jpg\"><img loading=\"lazy\" decoding=\"async\" class=\"alignnone size-large wp-image-3522\" src=\"https:\/\/agora.xtec.cat\/ceipjoanmarquescasals\/wp-content\/uploads\/usu1790\/2020\/03\/collage_3840x2880-1024x768.jpg\" alt=\"\" width=\"1024\" height=\"768\" srcset=\"https:\/\/agora.xtec.cat\/ceipjoanmarquescasals\/wp-content\/uploads\/usu1790\/2020\/03\/collage_3840x2880-1024x768.jpg 1024w, https:\/\/agora.xtec.cat\/ceipjoanmarquescasals\/wp-content\/uploads\/usu1790\/2020\/03\/collage_3840x2880-300x225.jpg 300w, https:\/\/agora.xtec.cat\/ceipjoanmarquescasals\/wp-content\/uploads\/usu1790\/2020\/03\/collage_3840x2880-768x576.jpg 768w, https:\/\/agora.xtec.cat\/ceipjoanmarquescasals\/wp-content\/uploads\/usu1790\/2020\/03\/collage_3840x2880-200x150.jpg 200w\" sizes=\"auto, (max-width: 1024px) 100vw, 1024px\" \/><\/a><\/p>\n","protected":false},"excerpt":{"rendered":"<p>Hola fam\u00edlies!!!!<br \/>\nLes nenes i els nens de quart hem fet un petit resum del que hem apr\u00e8s a medi en format d\u00edptic.<br \/>\nEns ha quedat molt maco i ens ajudar\u00e0 a recordar el nom de la nostra comarca i de les comarques ve\u00efnes, dels pobles del&hellip;  <a href=\"https:\/\/agora.xtec.cat\/ceipjoanmarquescasals\/any-2019-2020\/el-nostre-diptic-on-vivim\/\" title=\"Read EL NOSTRE D\u00cdPTIC: ON VIVIM?\">Llegeix m\u00e9s\u00bb<\/a><\/p>\n","protected":false},"author":35,"featured_media":3523,"comment_status":"open","ping_status":"closed","sticky":false,"template":"","format":"standard","meta":{"_bbp_topic_count":0,"_bbp_reply_count":0,"_bbp_total_topic_count":0,"_bbp_total_reply_count":0,"_bbp_voice_count":0,"_bbp_anonymous_reply_count":0,"_bbp_topic_count_hidden":0,"_bbp_reply_count_hidden":0,"_bbp_forum_subforum_count":0,"footnotes":""},"categories":[233],"tags":[220,196,214,191],"class_list":["post-3521","post","type-post","status-publish","format-standard","has-post-thumbnail","hentry","category-any-2019-2020","tag-catalunya","tag-comunitat-grans","tag-medi","tag-quart"],"post_mailing_queue_ids":[],"_links":{"self":[{"href":"https:\/\/agora.xtec.cat\/ceipjoanmarquescasals\/wp-json\/wp\/v2\/posts\/3521","targetHints":{"allow":["GET"]}}],"collection":[{"href":"https:\/\/agora.xtec.cat\/ceipjoanmarquescasals\/wp-json\/wp\/v2\/posts"}],"about":[{"href":"https:\/\/agora.xtec.cat\/ceipjoanmarquescasals\/wp-json\/wp\/v2\/types\/post"}],"author":[{"embeddable":true,"href":"https:\/\/agora.xtec.cat\/ceipjoanmarquescasals\/wp-json\/wp\/v2\/users\/35"}],"replies":[{"embeddable":true,"href":"https:\/\/agora.xtec.cat\/ceipjoanmarquescasals\/wp-json\/wp\/v2\/comments?post=3521"}],"version-history":[{"count":2,"href":"https:\/\/agora.xtec.cat\/ceipjoanmarquescasals\/wp-json\/wp\/v2\/posts\/3521\/revisions"}],"predecessor-version":[{"id":3525,"href":"https:\/\/agora.xtec.cat\/ceipjoanmarquescasals\/wp-json\/wp\/v2\/posts\/3521\/revisions\/3525"}],"wp:featuredmedia":[{"embeddable":true,"href":"https:\/\/agora.xtec.cat\/ceipjoanmarquescasals\/wp-json\/wp\/v2\/media\/3523"}],"wp:attachment":[{"href":"https:\/\/agora.xtec.cat\/ceipjoanmarquescasals\/wp-json\/wp\/v2\/media?parent=3521"}],"wp:term":[{"taxonomy":"category","embeddable":true,"href":"https:\/\/agora.xtec.cat\/ceipjoanmarquescasals\/wp-json\/wp\/v2\/categories?post=3521"},{"taxonomy":"post_tag","embeddable":true,"href":"https:\/\/agora.xtec.cat\/ceipjoanmarquescasals\/wp-json\/wp\/v2\/tags?post=3521"}],"curies":[{"name":"wp","href":"https:\/\/api.w.org\/{rel}","templated":true}]}}