{"id":3295,"date":"2020-02-18T13:27:45","date_gmt":"2020-02-18T12:27:45","guid":{"rendered":"http:\/\/agora.xtec.cat\/ceipjoanmarquescasals\/?p=3295"},"modified":"2020-11-03T16:19:44","modified_gmt":"2020-11-03T15:19:44","slug":"carnestoltes-2020","status":"publish","type":"post","link":"https:\/\/agora.xtec.cat\/ceipjoanmarquescasals\/any-2019-2020\/carnestoltes-2020\/","title":{"rendered":"CARNESTOLTES . Rua divendres 11 h."},"content":{"rendered":"<p>El divendres dia 14 de febrer va arribar <strong>la CARNESTOLTES<\/strong>. \u00c9s diu Cec\u00edlia, patrona de la m\u00fasica. L\u00b4institut Jaume Cabr\u00e9 s\u00b4ha encarregat de la decoraci\u00f3 del hall de l\u00b4escola gran i petita, i de la m\u00fasica que acompanyar\u00e0 la rua. El divendres els alumnes de l\u00b4Institut van fer el preg\u00f3.<\/p>\n<p>Dilluns una cosa al cap portar\u00e0s.<\/p>\n<p>Dimarts una sabata de cada color et cal\u00e7ar\u00e0s.<\/p>\n<p>Dimecres t\u00b4has adormit i amb pijama haur\u00e0s de venir.<\/p>\n<p>Dijous t\u00b4haur\u00e0s fet mal i ferit vindr\u00e0s-<\/p>\n<p>Divendres ha arribat i haur\u00e0s de venir disfressat.<\/p>\n<p>&nbsp;<\/p>\n<p>Recordem que sortirem el <strong>divendres a les 11 h a fer la rua de carnestoltes.<\/strong><\/p>\n<p>COMPARSES:<\/p>\n<p><strong>Escola F\u00e0tima<\/strong><\/p>\n<p><strong>Institut Jaume Cabr\u00e9<\/strong><\/p>\n<p><strong>AMPA escola Joan Marqu\u00e8s Casals.<\/strong><\/p>\n<p><strong>Escola Joan Marqu\u00e8s Casals.<\/strong><\/p>\n<p>Esteu tots convidats!!!<\/p>\n<p>&nbsp;<\/p>\n","protected":false},"excerpt":{"rendered":"<p>El divendres dia 14 de febrer va arribar la CARNESTOLTES. \u00c9s diu Cec\u00edlia, patrona de la m\u00fasica. L\u00b4institut Jaume Cabr\u00e9 s\u00b4ha encarregat de la decoraci\u00f3 del hall de l\u00b4escola gran i petita, i de la m\u00fasica que acompanyar\u00e0 la rua. El divendres els alumnes de&hellip;  <a href=\"https:\/\/agora.xtec.cat\/ceipjoanmarquescasals\/any-2019-2020\/carnestoltes-2020\/\" title=\"Read CARNESTOLTES . Rua divendres 11 h.\">Llegeix m\u00e9s\u00bb<\/a><\/p>\n","protected":false},"author":1,"featured_media":3322,"comment_status":"open","ping_status":"closed","sticky":false,"template":"","format":"standard","meta":{"_bbp_topic_count":0,"_bbp_reply_count":0,"_bbp_total_topic_count":0,"_bbp_total_reply_count":0,"_bbp_voice_count":0,"_bbp_anonymous_reply_count":0,"_bbp_topic_count_hidden":0,"_bbp_reply_count_hidden":0,"_bbp_forum_subforum_count":0,"footnotes":""},"categories":[233],"tags":[],"class_list":["post-3295","post","type-post","status-publish","format-standard","has-post-thumbnail","hentry","category-any-2019-2020"],"post_mailing_queue_ids":[],"_links":{"self":[{"href":"https:\/\/agora.xtec.cat\/ceipjoanmarquescasals\/wp-json\/wp\/v2\/posts\/3295","targetHints":{"allow":["GET"]}}],"collection":[{"href":"https:\/\/agora.xtec.cat\/ceipjoanmarquescasals\/wp-json\/wp\/v2\/posts"}],"about":[{"href":"https:\/\/agora.xtec.cat\/ceipjoanmarquescasals\/wp-json\/wp\/v2\/types\/post"}],"author":[{"embeddable":true,"href":"https:\/\/agora.xtec.cat\/ceipjoanmarquescasals\/wp-json\/wp\/v2\/users\/1"}],"replies":[{"embeddable":true,"href":"https:\/\/agora.xtec.cat\/ceipjoanmarquescasals\/wp-json\/wp\/v2\/comments?post=3295"}],"version-history":[{"count":4,"href":"https:\/\/agora.xtec.cat\/ceipjoanmarquescasals\/wp-json\/wp\/v2\/posts\/3295\/revisions"}],"predecessor-version":[{"id":3326,"href":"https:\/\/agora.xtec.cat\/ceipjoanmarquescasals\/wp-json\/wp\/v2\/posts\/3295\/revisions\/3326"}],"wp:featuredmedia":[{"embeddable":true,"href":"https:\/\/agora.xtec.cat\/ceipjoanmarquescasals\/wp-json\/wp\/v2\/media\/3322"}],"wp:attachment":[{"href":"https:\/\/agora.xtec.cat\/ceipjoanmarquescasals\/wp-json\/wp\/v2\/media?parent=3295"}],"wp:term":[{"taxonomy":"category","embeddable":true,"href":"https:\/\/agora.xtec.cat\/ceipjoanmarquescasals\/wp-json\/wp\/v2\/categories?post=3295"},{"taxonomy":"post_tag","embeddable":true,"href":"https:\/\/agora.xtec.cat\/ceipjoanmarquescasals\/wp-json\/wp\/v2\/tags?post=3295"}],"curies":[{"name":"wp","href":"https:\/\/api.w.org\/{rel}","templated":true}]}}