{"id":3204,"date":"2020-02-14T07:21:42","date_gmt":"2020-02-14T06:21:42","guid":{"rendered":"http:\/\/agora.xtec.cat\/ceipjoanmarquescasals\/?p=3204"},"modified":"2020-11-03T16:26:21","modified_gmt":"2020-11-03T15:26:21","slug":"la-sadako-i-les-mil-grues-de-paper","status":"publish","type":"post","link":"https:\/\/agora.xtec.cat\/ceipjoanmarquescasals\/any-2019-2020\/la-sadako-i-les-mil-grues-de-paper\/","title":{"rendered":"La Sadako i les mil grues de paper"},"content":{"rendered":"<p>Hola fam\u00edlies,<\/p>\n<p>a les classes de quart hem estat treballant la hist\u00f2ria de la Sadako Sasaki i la llegenda japonesa de les mil grues de paper. Segons aquesta llegenda, si una persona fa mil grues de paper se li concedeix un desig &#8220;del cor&#8221;. La Sadako i la llegenda s\u00f3n un s\u00edmbol de la pau a tot el m\u00f3n. La consigna de crear grues de paper en lluita per la pau es remunta a la Segona Guerra Mundial.<\/p>\n<p>Cadasc\u00fa de nosaltres hem fet una grua i hem expressat el nostre desig de pau.<\/p>\n<p>Aquesta hist\u00f2ria ens ha fet pensar perqu\u00e8 \u00e9s molt bonica, per\u00f2 molt trista a la vegada.<\/p>\n<p><a href=\"https:\/\/agora.xtec.cat\/ceipjoanmarquescasals\/wp-content\/uploads\/usu1790\/2020\/02\/canvi-IMG_20200213_185745_1940x1455.jpg\"><img loading=\"lazy\" decoding=\"async\" class=\"alignnone size-large wp-image-3205\" src=\"https:\/\/agora.xtec.cat\/ceipjoanmarquescasals\/wp-content\/uploads\/usu1790\/2020\/02\/canvi-IMG_20200213_185745_1940x1455-1024x768.jpg\" alt=\"\" width=\"1024\" height=\"768\" srcset=\"https:\/\/agora.xtec.cat\/ceipjoanmarquescasals\/wp-content\/uploads\/usu1790\/2020\/02\/canvi-IMG_20200213_185745_1940x1455-1024x768.jpg 1024w, https:\/\/agora.xtec.cat\/ceipjoanmarquescasals\/wp-content\/uploads\/usu1790\/2020\/02\/canvi-IMG_20200213_185745_1940x1455-300x225.jpg 300w, https:\/\/agora.xtec.cat\/ceipjoanmarquescasals\/wp-content\/uploads\/usu1790\/2020\/02\/canvi-IMG_20200213_185745_1940x1455-768x576.jpg 768w, https:\/\/agora.xtec.cat\/ceipjoanmarquescasals\/wp-content\/uploads\/usu1790\/2020\/02\/canvi-IMG_20200213_185745_1940x1455-200x150.jpg 200w, https:\/\/agora.xtec.cat\/ceipjoanmarquescasals\/wp-content\/uploads\/usu1790\/2020\/02\/canvi-IMG_20200213_185745_1940x1455.jpg 1940w\" sizes=\"auto, (max-width: 1024px) 100vw, 1024px\" \/><\/a> <a href=\"https:\/\/agora.xtec.cat\/ceipjoanmarquescasals\/wp-content\/uploads\/usu1790\/2020\/02\/IMG_20200213_185655_2727x2045.jpg\"><img loading=\"lazy\" decoding=\"async\" class=\"alignnone size-large wp-image-3206\" src=\"https:\/\/agora.xtec.cat\/ceipjoanmarquescasals\/wp-content\/uploads\/usu1790\/2020\/02\/IMG_20200213_185655_2727x2045-1024x768.jpg\" alt=\"\" width=\"1024\" height=\"768\" srcset=\"https:\/\/agora.xtec.cat\/ceipjoanmarquescasals\/wp-content\/uploads\/usu1790\/2020\/02\/IMG_20200213_185655_2727x2045-1024x768.jpg 1024w, https:\/\/agora.xtec.cat\/ceipjoanmarquescasals\/wp-content\/uploads\/usu1790\/2020\/02\/IMG_20200213_185655_2727x2045-300x225.jpg 300w, https:\/\/agora.xtec.cat\/ceipjoanmarquescasals\/wp-content\/uploads\/usu1790\/2020\/02\/IMG_20200213_185655_2727x2045-768x576.jpg 768w, https:\/\/agora.xtec.cat\/ceipjoanmarquescasals\/wp-content\/uploads\/usu1790\/2020\/02\/IMG_20200213_185655_2727x2045-200x150.jpg 200w\" sizes=\"auto, (max-width: 1024px) 100vw, 1024px\" \/><\/a><\/p>\n","protected":false},"excerpt":{"rendered":"<p>Hola fam\u00edlies,<br \/>\na les classes de quart hem estat treballant la hist\u00f2ria de la Sadako Sasaki i la llegenda japonesa de les mil grues de paper. Segons aquesta llegenda, si una persona fa mil grues de paper se li concedeix un desig &#8220;del cor&#8221;. La Sadako&hellip;  <a href=\"https:\/\/agora.xtec.cat\/ceipjoanmarquescasals\/any-2019-2020\/la-sadako-i-les-mil-grues-de-paper\/\" title=\"Read La Sadako i les mil grues de paper\">Llegeix m\u00e9s\u00bb<\/a><\/p>\n","protected":false},"author":35,"featured_media":3206,"comment_status":"open","ping_status":"closed","sticky":false,"template":"","format":"standard","meta":{"_bbp_topic_count":0,"_bbp_reply_count":0,"_bbp_total_topic_count":0,"_bbp_total_reply_count":0,"_bbp_voice_count":0,"_bbp_anonymous_reply_count":0,"_bbp_topic_count_hidden":0,"_bbp_reply_count_hidden":0,"_bbp_forum_subforum_count":0,"footnotes":""},"categories":[233],"tags":[218,217,191,216],"class_list":["post-3204","post","type-post","status-publish","format-standard","has-post-thumbnail","hentry","category-any-2019-2020","tag-pau","tag-pimaria","tag-quart","tag-valors"],"post_mailing_queue_ids":[],"_links":{"self":[{"href":"https:\/\/agora.xtec.cat\/ceipjoanmarquescasals\/wp-json\/wp\/v2\/posts\/3204","targetHints":{"allow":["GET"]}}],"collection":[{"href":"https:\/\/agora.xtec.cat\/ceipjoanmarquescasals\/wp-json\/wp\/v2\/posts"}],"about":[{"href":"https:\/\/agora.xtec.cat\/ceipjoanmarquescasals\/wp-json\/wp\/v2\/types\/post"}],"author":[{"embeddable":true,"href":"https:\/\/agora.xtec.cat\/ceipjoanmarquescasals\/wp-json\/wp\/v2\/users\/35"}],"replies":[{"embeddable":true,"href":"https:\/\/agora.xtec.cat\/ceipjoanmarquescasals\/wp-json\/wp\/v2\/comments?post=3204"}],"version-history":[{"count":2,"href":"https:\/\/agora.xtec.cat\/ceipjoanmarquescasals\/wp-json\/wp\/v2\/posts\/3204\/revisions"}],"predecessor-version":[{"id":3208,"href":"https:\/\/agora.xtec.cat\/ceipjoanmarquescasals\/wp-json\/wp\/v2\/posts\/3204\/revisions\/3208"}],"wp:featuredmedia":[{"embeddable":true,"href":"https:\/\/agora.xtec.cat\/ceipjoanmarquescasals\/wp-json\/wp\/v2\/media\/3206"}],"wp:attachment":[{"href":"https:\/\/agora.xtec.cat\/ceipjoanmarquescasals\/wp-json\/wp\/v2\/media?parent=3204"}],"wp:term":[{"taxonomy":"category","embeddable":true,"href":"https:\/\/agora.xtec.cat\/ceipjoanmarquescasals\/wp-json\/wp\/v2\/categories?post=3204"},{"taxonomy":"post_tag","embeddable":true,"href":"https:\/\/agora.xtec.cat\/ceipjoanmarquescasals\/wp-json\/wp\/v2\/tags?post=3204"}],"curies":[{"name":"wp","href":"https:\/\/api.w.org\/{rel}","templated":true}]}}