{"id":3038,"date":"2020-01-30T23:00:51","date_gmt":"2020-01-30T22:00:51","guid":{"rendered":"http:\/\/agora.xtec.cat\/ceipjoanmarquescasals\/?p=3038"},"modified":"2020-11-03T16:30:47","modified_gmt":"2020-11-03T15:30:47","slug":"construint-la-pau","status":"publish","type":"post","link":"https:\/\/agora.xtec.cat\/ceipjoanmarquescasals\/any-2019-2020\/construint-la-pau\/","title":{"rendered":"CONSTRUINT LA PAU"},"content":{"rendered":"<p>Hola fam\u00edlies!!!<\/p>\n<p>Avui \u00e9s el Dia Escolar de la No-Viol\u00e8ncia i la Pau. Cada trenta de gener es celebra el DENIP en commemoraci\u00f3 de l\u2019aniversari de la mort de Mahatma Gandhi.<\/p>\n<p>Per aquest motiu, al llarg del mat\u00ed, els nens i les nenes de l\u2019escola hem estat parlant d\u2019aquest tema a les aules i hem fet diferents activitats. Hem cantat can\u00e7ons, hem fet debats, hem escoltat contes, hem fet murals, hem dibuixat el colom de la pau, hem reflexionat sobre qu\u00e8 haur\u00edem de fer per tenir un m\u00f3n on la pau arrib\u00e9s a tot arreu&#8230;<\/p>\n<p>A la tarda, hem sortit al pati i hem representat la paraula PAU amb tots els alumnes de l\u2019escola. Hem constru\u00eft aquesta paraula amb l\u2019ajuda de tothom, perqu\u00e8 nom\u00e9s treballant plegats podem construir la pau.<\/p>\n<p>Tamb\u00e9, tots junts, hem fet sentir la nostra veu cantant la can\u00e7\u00f3 SOMNIS D\u2019INFANT de Tom\u00e0s Gonz\u00e1lez. Aquest volem que sigui el nostre missatge, volem pau al m\u00f3n per tal que tothom pugui ser feli\u00e7. Hem de seguir treballant per, entre tots i totes, poder-ho aconseguir.<\/p>\n<p>Ha estat un dia molt especial i molt emocionant.<\/p>\n<p><a href=\"https:\/\/agora.xtec.cat\/ceipjoanmarquescasals\/wp-content\/uploads\/usu1790\/2020\/01\/TALLAT-collageNOU1_3444x2698.jpg\"><img loading=\"lazy\" decoding=\"async\" class=\"alignnone size-large wp-image-3042\" src=\"https:\/\/agora.xtec.cat\/ceipjoanmarquescasals\/wp-content\/uploads\/usu1790\/2020\/01\/TALLAT-collageNOU1_3444x2698-1024x802.jpg\" alt=\"\" width=\"1024\" height=\"802\" srcset=\"https:\/\/agora.xtec.cat\/ceipjoanmarquescasals\/wp-content\/uploads\/usu1790\/2020\/01\/TALLAT-collageNOU1_3444x2698-1024x802.jpg 1024w, https:\/\/agora.xtec.cat\/ceipjoanmarquescasals\/wp-content\/uploads\/usu1790\/2020\/01\/TALLAT-collageNOU1_3444x2698-300x235.jpg 300w, https:\/\/agora.xtec.cat\/ceipjoanmarquescasals\/wp-content\/uploads\/usu1790\/2020\/01\/TALLAT-collageNOU1_3444x2698-768x602.jpg 768w\" sizes=\"auto, (max-width: 1024px) 100vw, 1024px\" \/><\/a><\/p>\n<p><a href=\"https:\/\/agora.xtec.cat\/ceipjoanmarquescasals\/wp-content\/uploads\/usu1790\/2020\/01\/collage-2_3600x2700.jpg\"><img loading=\"lazy\" decoding=\"async\" class=\"alignnone size-large wp-image-3039\" src=\"https:\/\/agora.xtec.cat\/ceipjoanmarquescasals\/wp-content\/uploads\/usu1790\/2020\/01\/collage-2_3600x2700-1024x768.jpg\" alt=\"\" width=\"1024\" height=\"768\" srcset=\"https:\/\/agora.xtec.cat\/ceipjoanmarquescasals\/wp-content\/uploads\/usu1790\/2020\/01\/collage-2_3600x2700-1024x768.jpg 1024w, https:\/\/agora.xtec.cat\/ceipjoanmarquescasals\/wp-content\/uploads\/usu1790\/2020\/01\/collage-2_3600x2700-300x225.jpg 300w, https:\/\/agora.xtec.cat\/ceipjoanmarquescasals\/wp-content\/uploads\/usu1790\/2020\/01\/collage-2_3600x2700-768x576.jpg 768w, https:\/\/agora.xtec.cat\/ceipjoanmarquescasals\/wp-content\/uploads\/usu1790\/2020\/01\/collage-2_3600x2700-200x150.jpg 200w\" sizes=\"auto, (max-width: 1024px) 100vw, 1024px\" \/><\/a> <a href=\"https:\/\/agora.xtec.cat\/ceipjoanmarquescasals\/wp-content\/uploads\/usu1790\/2020\/01\/TALLAT-cano-54_4345x2897.jpg\"><img loading=\"lazy\" decoding=\"async\" class=\"alignnone size-large wp-image-3040\" src=\"https:\/\/agora.xtec.cat\/ceipjoanmarquescasals\/wp-content\/uploads\/usu1790\/2020\/01\/TALLAT-cano-54_4345x2897-1024x683.jpg\" alt=\"\" width=\"1024\" height=\"683\" srcset=\"https:\/\/agora.xtec.cat\/ceipjoanmarquescasals\/wp-content\/uploads\/usu1790\/2020\/01\/TALLAT-cano-54_4345x2897-1024x683.jpg 1024w, https:\/\/agora.xtec.cat\/ceipjoanmarquescasals\/wp-content\/uploads\/usu1790\/2020\/01\/TALLAT-cano-54_4345x2897-300x200.jpg 300w, https:\/\/agora.xtec.cat\/ceipjoanmarquescasals\/wp-content\/uploads\/usu1790\/2020\/01\/TALLAT-cano-54_4345x2897-768x512.jpg 768w\" sizes=\"auto, (max-width: 1024px) 100vw, 1024px\" \/><\/a> <a href=\"https:\/\/agora.xtec.cat\/ceipjoanmarquescasals\/wp-content\/uploads\/usu1790\/2020\/01\/TALLAT-cano-68_4388x2732.jpg\"><img loading=\"lazy\" decoding=\"async\" class=\"alignnone size-large wp-image-3041\" src=\"https:\/\/agora.xtec.cat\/ceipjoanmarquescasals\/wp-content\/uploads\/usu1790\/2020\/01\/TALLAT-cano-68_4388x2732-1024x638.jpg\" alt=\"\" width=\"1024\" height=\"638\" srcset=\"https:\/\/agora.xtec.cat\/ceipjoanmarquescasals\/wp-content\/uploads\/usu1790\/2020\/01\/TALLAT-cano-68_4388x2732-1024x638.jpg 1024w, https:\/\/agora.xtec.cat\/ceipjoanmarquescasals\/wp-content\/uploads\/usu1790\/2020\/01\/TALLAT-cano-68_4388x2732-300x187.jpg 300w, https:\/\/agora.xtec.cat\/ceipjoanmarquescasals\/wp-content\/uploads\/usu1790\/2020\/01\/TALLAT-cano-68_4388x2732-768x478.jpg 768w\" sizes=\"auto, (max-width: 1024px) 100vw, 1024px\" \/><\/a><\/p>\n","protected":false},"excerpt":{"rendered":"<p>Hola fam\u00edlies!!!<br \/>\nAvui \u00e9s el Dia Escolar de la No-Viol\u00e8ncia i la Pau. Cada trenta de gener es celebra el DENIP en commemoraci\u00f3 de l\u2019aniversari de la mort de Mahatma Gandhi.<br \/>\nPer aquest motiu, al llarg del mat\u00ed, els nens i les nenes de l\u2019escola hem estat&hellip;  <a href=\"https:\/\/agora.xtec.cat\/ceipjoanmarquescasals\/any-2019-2020\/construint-la-pau\/\" title=\"Read CONSTRUINT LA PAU\">Llegeix m\u00e9s\u00bb<\/a><\/p>\n","protected":false},"author":35,"featured_media":3042,"comment_status":"open","ping_status":"closed","sticky":false,"template":"","format":"standard","meta":{"_bbp_topic_count":0,"_bbp_reply_count":0,"_bbp_total_topic_count":0,"_bbp_total_reply_count":0,"_bbp_voice_count":0,"_bbp_anonymous_reply_count":0,"_bbp_topic_count_hidden":0,"_bbp_reply_count_hidden":0,"_bbp_forum_subforum_count":0,"footnotes":""},"categories":[233],"tags":[122],"class_list":["post-3038","post","type-post","status-publish","format-standard","has-post-thumbnail","hentry","category-any-2019-2020","tag-dia-de-la-pau"],"post_mailing_queue_ids":[],"_links":{"self":[{"href":"https:\/\/agora.xtec.cat\/ceipjoanmarquescasals\/wp-json\/wp\/v2\/posts\/3038","targetHints":{"allow":["GET"]}}],"collection":[{"href":"https:\/\/agora.xtec.cat\/ceipjoanmarquescasals\/wp-json\/wp\/v2\/posts"}],"about":[{"href":"https:\/\/agora.xtec.cat\/ceipjoanmarquescasals\/wp-json\/wp\/v2\/types\/post"}],"author":[{"embeddable":true,"href":"https:\/\/agora.xtec.cat\/ceipjoanmarquescasals\/wp-json\/wp\/v2\/users\/35"}],"replies":[{"embeddable":true,"href":"https:\/\/agora.xtec.cat\/ceipjoanmarquescasals\/wp-json\/wp\/v2\/comments?post=3038"}],"version-history":[{"count":1,"href":"https:\/\/agora.xtec.cat\/ceipjoanmarquescasals\/wp-json\/wp\/v2\/posts\/3038\/revisions"}],"predecessor-version":[{"id":3043,"href":"https:\/\/agora.xtec.cat\/ceipjoanmarquescasals\/wp-json\/wp\/v2\/posts\/3038\/revisions\/3043"}],"wp:featuredmedia":[{"embeddable":true,"href":"https:\/\/agora.xtec.cat\/ceipjoanmarquescasals\/wp-json\/wp\/v2\/media\/3042"}],"wp:attachment":[{"href":"https:\/\/agora.xtec.cat\/ceipjoanmarquescasals\/wp-json\/wp\/v2\/media?parent=3038"}],"wp:term":[{"taxonomy":"category","embeddable":true,"href":"https:\/\/agora.xtec.cat\/ceipjoanmarquescasals\/wp-json\/wp\/v2\/categories?post=3038"},{"taxonomy":"post_tag","embeddable":true,"href":"https:\/\/agora.xtec.cat\/ceipjoanmarquescasals\/wp-json\/wp\/v2\/tags?post=3038"}],"curies":[{"name":"wp","href":"https:\/\/api.w.org\/{rel}","templated":true}]}}