{"id":2827,"date":"2020-01-08T23:29:34","date_gmt":"2020-01-08T22:29:34","guid":{"rendered":"http:\/\/agora.xtec.cat\/ceipjoanmarquescasals\/?p=2827"},"modified":"2020-11-13T15:43:03","modified_gmt":"2020-11-13T14:43:03","slug":"racons-de-matematiques-a-1r-i-2n","status":"publish","type":"post","link":"https:\/\/agora.xtec.cat\/ceipjoanmarquescasals\/any-2019-2020\/racons-de-matematiques-a-1r-i-2n\/","title":{"rendered":"RACONS DE MATEM\u00c0TIQUES A 1r I 2n"},"content":{"rendered":"<p>Al primer trimestre els nens i les nenes de 1r i 2n hem iniciat els racons de matem\u00e0tiques, que continuarem fent al llarg del curs.<\/p>\n<p>Fem tres tipus d&#8217;activitats, depenent del rac\u00f3: mesura i raonament, numeraci\u00f3 i c\u00e0lcul o geometria.<\/p>\n<p>Tot jugant aprenem moltes coses, alhora que ens ho passem molt b\u00e9 i treballem en parelles o petit grup.<\/p>\n<p>Ja tenim ganes de comen\u00e7ar els racons en aquest 2n trimestre!!! Mentrestant i per anar fent un petit tastet, us deixem amb algunes fotografies del rac\u00f3 de geometria.<\/p>\n<p><a href=\"https:\/\/agora.xtec.cat\/ceipjoanmarquescasals\/wp-content\/uploads\/usu1790\/2020\/01\/1-2.jpg\"><img loading=\"lazy\" decoding=\"async\" class=\"alignnone size-large wp-image-2828\" src=\"https:\/\/agora.xtec.cat\/ceipjoanmarquescasals\/wp-content\/uploads\/usu1790\/2020\/01\/1-2-1024x768.jpg\" alt=\"\" width=\"1024\" height=\"768\" srcset=\"https:\/\/agora.xtec.cat\/ceipjoanmarquescasals\/wp-content\/uploads\/usu1790\/2020\/01\/1-2-1024x768.jpg 1024w, https:\/\/agora.xtec.cat\/ceipjoanmarquescasals\/wp-content\/uploads\/usu1790\/2020\/01\/1-2-300x225.jpg 300w, https:\/\/agora.xtec.cat\/ceipjoanmarquescasals\/wp-content\/uploads\/usu1790\/2020\/01\/1-2-768x576.jpg 768w, https:\/\/agora.xtec.cat\/ceipjoanmarquescasals\/wp-content\/uploads\/usu1790\/2020\/01\/1-2-200x150.jpg 200w\" sizes=\"auto, (max-width: 1024px) 100vw, 1024px\" \/><\/a><\/p>\n<p><a href=\"https:\/\/agora.xtec.cat\/ceipjoanmarquescasals\/wp-content\/uploads\/usu1790\/2020\/01\/2-2.jpg\"><img loading=\"lazy\" decoding=\"async\" class=\"alignnone size-large wp-image-2829\" src=\"https:\/\/agora.xtec.cat\/ceipjoanmarquescasals\/wp-content\/uploads\/usu1790\/2020\/01\/2-2-1024x768.jpg\" alt=\"\" width=\"1024\" height=\"768\" srcset=\"https:\/\/agora.xtec.cat\/ceipjoanmarquescasals\/wp-content\/uploads\/usu1790\/2020\/01\/2-2-1024x768.jpg 1024w, https:\/\/agora.xtec.cat\/ceipjoanmarquescasals\/wp-content\/uploads\/usu1790\/2020\/01\/2-2-300x225.jpg 300w, https:\/\/agora.xtec.cat\/ceipjoanmarquescasals\/wp-content\/uploads\/usu1790\/2020\/01\/2-2-768x576.jpg 768w, https:\/\/agora.xtec.cat\/ceipjoanmarquescasals\/wp-content\/uploads\/usu1790\/2020\/01\/2-2-200x150.jpg 200w\" sizes=\"auto, (max-width: 1024px) 100vw, 1024px\" \/><\/a><\/p>\n<p><a href=\"https:\/\/agora.xtec.cat\/ceipjoanmarquescasals\/wp-content\/uploads\/usu1790\/2020\/01\/3-1.jpg\"><img loading=\"lazy\" decoding=\"async\" class=\"alignnone size-large wp-image-2830\" src=\"https:\/\/agora.xtec.cat\/ceipjoanmarquescasals\/wp-content\/uploads\/usu1790\/2020\/01\/3-1-1024x768.jpg\" alt=\"\" width=\"1024\" height=\"768\" srcset=\"https:\/\/agora.xtec.cat\/ceipjoanmarquescasals\/wp-content\/uploads\/usu1790\/2020\/01\/3-1-1024x768.jpg 1024w, https:\/\/agora.xtec.cat\/ceipjoanmarquescasals\/wp-content\/uploads\/usu1790\/2020\/01\/3-1-300x225.jpg 300w, https:\/\/agora.xtec.cat\/ceipjoanmarquescasals\/wp-content\/uploads\/usu1790\/2020\/01\/3-1-768x576.jpg 768w, https:\/\/agora.xtec.cat\/ceipjoanmarquescasals\/wp-content\/uploads\/usu1790\/2020\/01\/3-1-200x150.jpg 200w\" sizes=\"auto, (max-width: 1024px) 100vw, 1024px\" \/><\/a><\/p>\n<p><a href=\"https:\/\/agora.xtec.cat\/ceipjoanmarquescasals\/wp-content\/uploads\/usu1790\/2020\/01\/4-1.jpg\"><img loading=\"lazy\" decoding=\"async\" class=\"alignnone size-large wp-image-2831\" src=\"https:\/\/agora.xtec.cat\/ceipjoanmarquescasals\/wp-content\/uploads\/usu1790\/2020\/01\/4-1-1024x768.jpg\" alt=\"\" width=\"1024\" height=\"768\" srcset=\"https:\/\/agora.xtec.cat\/ceipjoanmarquescasals\/wp-content\/uploads\/usu1790\/2020\/01\/4-1-1024x768.jpg 1024w, https:\/\/agora.xtec.cat\/ceipjoanmarquescasals\/wp-content\/uploads\/usu1790\/2020\/01\/4-1-300x225.jpg 300w, https:\/\/agora.xtec.cat\/ceipjoanmarquescasals\/wp-content\/uploads\/usu1790\/2020\/01\/4-1-768x576.jpg 768w, https:\/\/agora.xtec.cat\/ceipjoanmarquescasals\/wp-content\/uploads\/usu1790\/2020\/01\/4-1-200x150.jpg 200w\" sizes=\"auto, (max-width: 1024px) 100vw, 1024px\" \/><\/a><\/p>\n","protected":false},"excerpt":{"rendered":"<p>Al primer trimestre els nens i les nenes de 1r i 2n hem iniciat els racons de matem\u00e0tiques, que continuarem fent al llarg del curs.<br \/>\nFem tres tipus d&#8217;activitats, depenent del rac\u00f3: mesura i raonament, numeraci\u00f3 i c\u00e0lcul o geometria.<br \/>\nTot jugant aprenem moltes coses, alhora que&hellip;  <a href=\"https:\/\/agora.xtec.cat\/ceipjoanmarquescasals\/any-2019-2020\/racons-de-matematiques-a-1r-i-2n\/\" title=\"Read RACONS DE MATEM\u00c0TIQUES A 1r I 2n\">Llegeix m\u00e9s\u00bb<\/a><\/p>\n","protected":false},"author":28,"featured_media":2828,"comment_status":"open","ping_status":"closed","sticky":false,"template":"","format":"standard","meta":{"_bbp_topic_count":0,"_bbp_reply_count":0,"_bbp_total_topic_count":0,"_bbp_total_reply_count":0,"_bbp_voice_count":0,"_bbp_anonymous_reply_count":0,"_bbp_topic_count_hidden":0,"_bbp_reply_count_hidden":0,"_bbp_forum_subforum_count":0,"footnotes":""},"categories":[233],"tags":[197,207,167],"class_list":["post-2827","post","type-post","status-publish","format-standard","has-post-thumbnail","hentry","category-any-2019-2020","tag-1r","tag-207","tag-racons"],"post_mailing_queue_ids":[],"_links":{"self":[{"href":"https:\/\/agora.xtec.cat\/ceipjoanmarquescasals\/wp-json\/wp\/v2\/posts\/2827","targetHints":{"allow":["GET"]}}],"collection":[{"href":"https:\/\/agora.xtec.cat\/ceipjoanmarquescasals\/wp-json\/wp\/v2\/posts"}],"about":[{"href":"https:\/\/agora.xtec.cat\/ceipjoanmarquescasals\/wp-json\/wp\/v2\/types\/post"}],"author":[{"embeddable":true,"href":"https:\/\/agora.xtec.cat\/ceipjoanmarquescasals\/wp-json\/wp\/v2\/users\/28"}],"replies":[{"embeddable":true,"href":"https:\/\/agora.xtec.cat\/ceipjoanmarquescasals\/wp-json\/wp\/v2\/comments?post=2827"}],"version-history":[{"count":2,"href":"https:\/\/agora.xtec.cat\/ceipjoanmarquescasals\/wp-json\/wp\/v2\/posts\/2827\/revisions"}],"predecessor-version":[{"id":2833,"href":"https:\/\/agora.xtec.cat\/ceipjoanmarquescasals\/wp-json\/wp\/v2\/posts\/2827\/revisions\/2833"}],"wp:featuredmedia":[{"embeddable":true,"href":"https:\/\/agora.xtec.cat\/ceipjoanmarquescasals\/wp-json\/wp\/v2\/media\/2828"}],"wp:attachment":[{"href":"https:\/\/agora.xtec.cat\/ceipjoanmarquescasals\/wp-json\/wp\/v2\/media?parent=2827"}],"wp:term":[{"taxonomy":"category","embeddable":true,"href":"https:\/\/agora.xtec.cat\/ceipjoanmarquescasals\/wp-json\/wp\/v2\/categories?post=2827"},{"taxonomy":"post_tag","embeddable":true,"href":"https:\/\/agora.xtec.cat\/ceipjoanmarquescasals\/wp-json\/wp\/v2\/tags?post=2827"}],"curies":[{"name":"wp","href":"https:\/\/api.w.org\/{rel}","templated":true}]}}